{"id":46725,"date":"2023-06-21T10:00:00","date_gmt":"2023-06-21T06:00:00","guid":{"rendered":"https:\/\/edebiyyat-az.com\/?p=46725"},"modified":"2023-06-23T10:49:45","modified_gmt":"2023-06-23T06:49:45","slug":"xalq-r%c9%99ssami-%c9%99sr%c9%99f-heyb%c9%99tovun-bizim-susa-adli-albomu-t%c9%99qdim-edilib","status":"publish","type":"post","link":"http:\/\/edebiyyat-az.com\/?p=46725","title":{"rendered":"Xalq r\u0259ssam\u0131 \u018f\u015fr\u0259f Heyb\u0259tovun \u201cBizim \u015eu\u015fa\u201d adl\u0131 albomu t\u0259qdim edilib"},"content":{"rendered":"\n<figure class=\"wp-block-image size-large\"><img decoding=\"async\" src=\"https:\/\/azertag.az\/files\/galleryphoto\/2023\/2\/1000x669\/16872657785105928920_1000x669.jpg\" alt=\"\"\/><\/figure>\n\n\n\n<p>Diasporla \u0130\u015f \u00fczr\u0259 D\u00f6vl\u0259t Komit\u0259sind\u0259 Almaniyan\u0131n Koblents \u015f\u0259h\u0259rind\u0259 ya\u015fayan Az\u0259rbaycan\u0131n Xalq r\u0259ssam\u0131, Az\u0259rbaycan R\u0259ssamlar \u0130ttifaq\u0131n\u0131n f\u0259xri \u00fczv\u00fc, UNESCO R\u0259ssamlar Federasiyas\u0131n\u0131n \u00fczv\u00fc, Avropada Az\u0259rbaycan Milli Xadiml\u0259ri Assosiasiyas\u0131n\u0131n s\u0259dri, Beyn\u0259lxalq \u201cS\u00fclh s\u0259firi\u201d \u018f\u015fr\u0259f Heyb\u0259tovun \u201cBizim \u015eu\u015fa\u201d adl\u0131 albomunun t\u0259qdimat m\u0259rasimi ke\u00e7irilib. \u201cBizim \u015eu\u015fa\u201d albomu Diasporla \u0130\u015f \u00fczr\u0259 D\u00f6vl\u0259t Komit\u0259sinin d\u0259st\u0259yi il\u0259 n\u0259\u015fr olunub.<\/p>\n\n\n\n<p>D\u00f6vl\u0259t Komit\u0259sind\u0259n&nbsp;<a href=\"https:\/\/azertag.az\/\" target=\"_blank\" rel=\"noreferrer noopener\">AZ\u018fRTAC<\/a>-a veril\u0259n m\u0259lumata g\u00f6r\u0259, yerli ictimaiyy\u0259tin tan\u0131nm\u0131\u015f simalar\u0131n\u0131n, Komit\u0259nin \u0259m\u0259kda\u015flar\u0131n\u0131n v\u0259 diasporumuzun Bak\u0131da s\u0259f\u0259rd\u0259 olan f\u0259allar\u0131n\u0131n i\u015ftirak etdikl\u0259ri t\u0259dbird\u0259 \u0259vv\u0259lc\u0259 Az\u0259rbaycan Respublikas\u0131n\u0131n D\u00f6vl\u0259t Himni s\u0259sl\u0259ndirilib.<\/p>\n\n\n\n<p>Sonra \u018f\u015fr\u0259f Heyb\u0259tovun yarad\u0131c\u0131l\u0131\u011f\u0131ndan b\u0259hs ed\u0259n video\u00e7arx n\u00fcmayi\u015f etdirilib.<\/p>\n\n\n\n<p>T\u0259dbir i\u015ftirak\u00e7\u0131lar\u0131n\u0131 salamlayan Komit\u0259 s\u0259drinin birinci m\u00fcavini Valeh Hac\u0131yev Xalq r\u0259ssam\u0131n\u0131n h\u0259yat v\u0259 f\u0259aliyy\u0259tind\u0259n dan\u0131\u015f\u0131b. Onun Almaniyadak\u0131 diaspor quruculu\u011funda f\u0259al i\u015ftirak\u0131ndan, Komit\u0259 il\u0259 \u0259m\u0259kda\u015fl\u0131\u011f\u0131ndan v\u0259 h\u0259yata ke\u00e7iril\u0259n birg\u0259 layih\u0259l\u0259rd\u0259n s\u00f6z a\u00e7\u0131b.<\/p>\n\n\n\n<p>T\u0259dbird\u0259 kulturoloq, tarix elml\u0259ri doktoru, Az\u0259rbaycan Prezidenti yan\u0131nda D\u00f6vl\u0259t \u0130dar\u0259\u00e7ilik Akademiyas\u0131n\u0131n professoru Fuad M\u0259mm\u0259dov, \u018fm\u0259kdar inc\u0259s\u0259n\u0259t xadimi, s\u0259n\u0259t\u015f\u00fcnasl\u0131q \u00fczr\u0259 elml\u0259r doktoru, professor K\u00fcbra \u018fliyeva, AMEA-n\u0131n Bak\u0131xanov ad\u0131na Tarix \u0130nstitutunun direktor m\u00fcavini dosent Tofiq N\u0259c\u0259fli, Az\u0259rbaycan Milli QHT Forumunun prezidenti Rauf Zeyni, Az\u0259rbaycan\u0131n \u018fm\u0259kdar artisti, b\u0259st\u0259kar-m\u00fc\u011f\u0259nni Elza Seyidcahan v\u0259 ba\u015fqalar\u0131 \u00e7\u0131x\u0131\u015f edibl\u0259r.<\/p>\n\n\n\n<p>Qonaqlar Az\u0259rbaycan ziyal\u0131lar\u0131n\u0131n d\u0259y\u0259rli t\u0259msil\u00e7il\u0259rind\u0259n biri olan r\u0259ssam\u0131 \u201cBizim \u015eu\u015fa\u201d albomunun n\u0259\u015fr olunmas\u0131 m\u00fcnasib\u0259til\u0259 t\u0259brik edibl\u0259r. Qeyd olunub ki, tarixi v\u0259t\u0259nind\u0259n k\u0259narda ya\u015famas\u0131na baxmayaraq, d\u00fcnya\u015f\u00f6hr\u0259tli r\u0259ssam\u0131n \u00fcr\u0259yi h\u0259r zaman Az\u0259rbaycanla d\u00f6y\u00fcn\u00fcr, o, \u00f6lk\u0259mizin h\u0259qiq\u0259tl\u0259rini, z\u0259ngin m\u0259d\u0259niyy\u0259tini f\u0131r\u00e7as\u0131 vasit\u0259sil\u0259 t\u0259bli\u011f edir. Onun yarad\u0131c\u0131l\u0131\u011f\u0131n\u0131, xalq\u0131m\u0131za, v\u0259t\u0259nimiz\u0259, i\u015f\u011faldan azad edilmi\u015f Qaraba\u011fa, \u015eu\u015faya vur\u011funlu\u011funu, v\u0259t\u0259np\u0259rv\u0259rliyini v\u0259 \u015f\u0259xsi insani keyfiyy\u0259tl\u0259rini y\u00fcks\u0259k qiym\u0259tl\u0259ndir\u0259n natiql\u0259r b\u00fct\u00fcn bu amill\u0259rin \u201cBizim \u015eu\u015fa\u201d albomunda da \u0259ks edildiyini vur\u011fulay\u0131blar.<\/p>\n\n\n\n<p>Prezident \u0130lham \u018fliyevin r\u0259hb\u0259rliyi il\u0259 \u015fanl\u0131 Ordumuzun Qaraba\u011f\u0131 i\u015f\u011faldan azad etm\u0259sinin b\u00fct\u00fcn xalq\u0131m\u0131z\u0131, o c\u00fcml\u0259d\u0259n yarad\u0131c\u0131 insanlar\u0131 \u00fcr\u0259kd\u0259n sevindirdiyi yada sal\u0131n\u0131b. Haz\u0131rda Qaraba\u011fda v\u0259 m\u0259d\u0259niyy\u0259t paytaxt\u0131m\u0131z \u015eu\u015fada irimiqyasl\u0131 b\u0259rpa-quruculuq i\u015fl\u0259rinin apar\u0131lmas\u0131n\u0131n, \u201cB\u00f6y\u00fck Qay\u0131d\u0131\u015f\u201d proqram\u0131n\u0131n icras\u0131na ba\u015flan\u0131lmas\u0131 q\u00fcrurunun ya\u015fand\u0131\u011f\u0131n\u0131n v\u0259 bu m\u0259qamlar\u0131n b\u00f6y\u00fck \u0259s\u0259rl\u0259rl\u0259 ifad\u0259 olunaca\u011f\u0131na \u0259minlik bildirilib. \u201cBizim \u015eu\u015fa\u201d albomu buna bariz n\u00fcmun\u0259 kimi g\u00f6st\u0259rilib.<\/p>\n\n\n\n<p>\u018f\u015fr\u0259f Heyb\u0259tov t\u0259qdimat m\u0259rasiminin t\u0259\u015fkilin\u0259 v\u0259 xo\u015f s\u00f6zl\u0259r\u0259 g\u00f6r\u0259 Komit\u0259y\u0259 v\u0259 t\u0259dbir i\u015ftirak\u00e7\u0131lar\u0131na minn\u0259tdarl\u0131\u011f\u0131n\u0131 ifad\u0259 edib. \u201cBizim \u015eu\u015fa\u201d albomunun yaranmas\u0131 ideyas\u0131 v\u0259 albom \u00fcz\u0259rind\u0259 i\u015fi bar\u0259d\u0259 \u0259trafl\u0131 m\u0259lumat verib.<\/p>\n\n\n\n<p><strong>M\u0259nb\u0259:\u00a0<a href=\"https:\/\/azertag.az\/\">https:\/\/azertag.az\/<\/a><\/strong><\/p>\n","protected":false},"excerpt":{"rendered":"<p>Diasporla \u0130\u015f \u00fczr\u0259 D\u00f6vl\u0259t Komit\u0259sind\u0259 Almaniyan\u0131n Koblents \u015f\u0259h\u0259rind\u0259 ya\u015fayan Az\u0259rbaycan\u0131n Xalq r\u0259ssam\u0131, Az\u0259rbaycan R\u0259ssamlar \u0130ttifaq\u0131n\u0131n f\u0259xri \u00fczv\u00fc, UNESCO R\u0259ssamlar Federasiyas\u0131n\u0131n \u00fczv\u00fc, Avropada Az\u0259rbaycan Milli Xadiml\u0259ri Assosiasiyas\u0131n\u0131n s\u0259dri, Beyn\u0259lxalq \u201cS\u00fclh s\u0259firi\u201d \u018f\u015fr\u0259f Heyb\u0259tovun \u201cBizim \u015eu\u015fa\u201d adl\u0131 albomunun t\u0259qdimat m\u0259rasimi ke\u00e7irilib. \u201cBizim \u015eu\u015fa\u201d albomu Diasporla \u0130\u015f \u00fczr\u0259 D\u00f6vl\u0259t Komit\u0259sinin d\u0259st\u0259yi il\u0259 n\u0259\u015fr olunub. D\u00f6vl\u0259t Komit\u0259sind\u0259n&nbsp;AZ\u018fRTAC-a veril\u0259n m\u0259lumata [&hellip;]<\/p>\n","protected":false},"author":2,"featured_media":0,"comment_status":"open","ping_status":"open","sticky":false,"template":"","format":"standard","meta":{"footnotes":""},"categories":[49],"tags":[],"class_list":["post-46725","post","type-post","status-publish","format-standard","hentry","category-medeniyyat"],"_links":{"self":[{"href":"http:\/\/edebiyyat-az.com\/index.php?rest_route=\/wp\/v2\/posts\/46725","targetHints":{"allow":["GET"]}}],"collection":[{"href":"http:\/\/edebiyyat-az.com\/index.php?rest_route=\/wp\/v2\/posts"}],"about":[{"href":"http:\/\/edebiyyat-az.com\/index.php?rest_route=\/wp\/v2\/types\/post"}],"author":[{"embeddable":true,"href":"http:\/\/edebiyyat-az.com\/index.php?rest_route=\/wp\/v2\/users\/2"}],"replies":[{"embeddable":true,"href":"http:\/\/edebiyyat-az.com\/index.php?rest_route=%2Fwp%2Fv2%2Fcomments&post=46725"}],"version-history":[{"count":1,"href":"http:\/\/edebiyyat-az.com\/index.php?rest_route=\/wp\/v2\/posts\/46725\/revisions"}],"predecessor-version":[{"id":46737,"href":"http:\/\/edebiyyat-az.com\/index.php?rest_route=\/wp\/v2\/posts\/46725\/revisions\/46737"}],"wp:attachment":[{"href":"http:\/\/edebiyyat-az.com\/index.php?rest_route=%2Fwp%2Fv2%2Fmedia&parent=46725"}],"wp:term":[{"taxonomy":"category","embeddable":true,"href":"http:\/\/edebiyyat-az.com\/index.php?rest_route=%2Fwp%2Fv2%2Fcategories&post=46725"},{"taxonomy":"post_tag","embeddable":true,"href":"http:\/\/edebiyyat-az.com\/index.php?rest_route=%2Fwp%2Fv2%2Ftags&post=46725"}],"curies":[{"name":"wp","href":"https:\/\/api.w.org\/{rel}","templated":true}]}}