{"id":46987,"date":"2023-09-09T09:00:00","date_gmt":"2023-09-09T05:00:00","guid":{"rendered":"https:\/\/edebiyyat-az.com\/?p=46987"},"modified":"2023-09-09T09:26:05","modified_gmt":"2023-09-09T05:26:05","slug":"professor-vuqar-%c9%99hm%c9%99d-xarici-m%c9%99tbuatda","status":"publish","type":"post","link":"http:\/\/edebiyyat-az.com\/?p=46987","title":{"rendered":"PROFESSOR V\u00dcQAR \u018fHM\u018fD\u00a0 XAR\u0130C\u0130 M\u018fTBUATDA"},"content":{"rendered":"\n<figure class=\"wp-block-image size-full is-resized\"><a href=\"https:\/\/edebiyyat-az.com\/wp-content\/uploads\/2023\/09\/373058927_1397635394147097_8488779180210963606_n.jpg\"><img loading=\"lazy\" decoding=\"async\" src=\"https:\/\/edebiyyat-az.com\/wp-content\/uploads\/2023\/09\/373058927_1397635394147097_8488779180210963606_n.jpg\" alt=\"\" class=\"wp-image-46988\" width=\"701\" height=\"1381\" srcset=\"http:\/\/edebiyyat-az.com\/wp-content\/uploads\/2023\/09\/373058927_1397635394147097_8488779180210963606_n.jpg 270w, http:\/\/edebiyyat-az.com\/wp-content\/uploads\/2023\/09\/373058927_1397635394147097_8488779180210963606_n-152x300.jpg 152w\" sizes=\"auto, (max-width: 701px) 100vw, 701px\" \/><\/a><\/figure>\n\n\n\n<p>AMEA Nizami G\u0259nc\u0259vi ad\u0131na \u018fd\u0259biyyat \u0130nstitutunun M\u0259tbuat tarixi v\u0259 publisistika \u015f\u00f6b\u0259sinin m\u00fcdiri, filologiya elml\u0259ri doktoru, professor, Beyn\u0259lxalq Elml\u0259r Akademiyas\u0131n\u0131n akademiki, Turan\u0131n Xalq \u015eairiV\u00fcqar \u018fhm\u0259din 60 illiyi il\u0259 \u0259laq\u0259dar xarici m\u0259tbuatda silsil\u0259 m\u0259qal\u0259l\u0259r d\u0259rc olunmu\u015fdur. El\u0259c\u0259 d\u0259, Pakistanda \u201cQlobal \u0259d\u0259biyyat\u201d jurnal\u0131nda&nbsp; (14 avqust, 2023) filologiya \u00fczr\u0259 f\u0259ls\u0259f\u0259 doktoru, m\u00fct\u0259rcim M\u0259sm\u0259 \u0130smay\u0131lovan\u0131n \u201c\u015eair-alim V\u00fcqar \u018fhm\u0259d\u201d m\u0259qal\u0259si v\u0259 onun poeziyas\u0131ndan t\u0259rc\u00fcm\u0259 etdiyi se\u00e7m\u0259 \u015feirl\u0259r ingilis dilind\u0259 \u00e7ap olunmu\u015fdur. T\u00fcrkiy\u0259nin n\u00fcfuzlu \u201cK\u00fclt\u00fcr evreni\u201d d\u0259rgisind\u0259 d\u0259 yen\u0259 eyni m\u00fc\u0259llifin \u201cH\u0259yat bahar\u0131: V\u00fcqar \u018fhm\u0259d\u201d adl\u0131 yubiley m\u0259qal\u0259si (ingilis dilind\u0259) qarda\u015f \u00f6lk\u0259nin oxucular\u0131n\u0131n ixtiyar\u0131na verilmi\u015fdir.<\/p>\n\n\n\n<p>\u201cK\u00fclt\u00fcr evreni\u201d (2023, \u2116 51) &nbsp;d\u0259rgisind\u0259 h\u0259m\u00e7inin, filologiya \u00fczr\u0259 f\u0259ls\u0259f\u0259 doktoru, dosent G\u00fclb\u0259niz Babayevan\u0131n \u201cV\u00fcqar \u018fhm\u0259din yarad\u0131c\u0131l\u0131\u011f\u0131nda Qaraba\u011f m\u00f6vzusu\u201d adl\u0131 geni\u015f h\u0259cmli m\u0259qal\u0259si d\u0259rc edilmi\u015fdir.<\/p>\n\n\n\n<p>&nbsp;&nbsp;&nbsp;&nbsp;&nbsp;&nbsp;&nbsp;&nbsp; Beyn\u0259lxalq Elm v\u0259 S\u0259n\u0259t Akademiyas\u0131n\u0131n elmi-\u0259d\u0259bi \u201cX\u0259b\u0259rl\u0259r\u201d jurnal\u0131nda da (2023, \u21161) V\u00fcqar \u018fhm\u0259din yubileyi il\u0259 \u0259laq\u0259dar&nbsp; rus dilind\u0259 \u201cAktyorun d\u0259fni\u201d, \u201cDuzsatan H\u0259lim\u0259\u201d adl\u0131 hekay\u0259l\u0259ri v\u0259 \u201cAz\u0259rbaycan\u201d \u015feiri oxucular\u0131n ixtiyar\u0131na verilmi\u015fdir.<\/p>\n\n\n\n<p><strong>Nizami G\u0259nc\u0259vi ad\u0131na \u018fd\u0259biyyat \u0130nstitutu,<\/strong><\/p>\n\n\n\n<p><strong>\u0130ctimaiyy\u0259tl\u0259 \u0259laq\u0259l\u0259r \u015f\u00f6b\u0259si<\/strong><\/p>\n","protected":false},"excerpt":{"rendered":"<p>AMEA Nizami G\u0259nc\u0259vi ad\u0131na \u018fd\u0259biyyat \u0130nstitutunun M\u0259tbuat tarixi v\u0259 publisistika \u015f\u00f6b\u0259sinin m\u00fcdiri, filologiya elml\u0259ri doktoru, professor, Beyn\u0259lxalq Elml\u0259r Akademiyas\u0131n\u0131n akademiki, Turan\u0131n Xalq \u015eairiV\u00fcqar \u018fhm\u0259din 60 illiyi il\u0259 \u0259laq\u0259dar xarici m\u0259tbuatda silsil\u0259 m\u0259qal\u0259l\u0259r d\u0259rc olunmu\u015fdur. El\u0259c\u0259 d\u0259, Pakistanda \u201cQlobal \u0259d\u0259biyyat\u201d jurnal\u0131nda&nbsp; (14 avqust, 2023) filologiya \u00fczr\u0259 f\u0259ls\u0259f\u0259 doktoru, m\u00fct\u0259rcim M\u0259sm\u0259 \u0130smay\u0131lovan\u0131n \u201c\u015eair-alim V\u00fcqar \u018fhm\u0259d\u201d m\u0259qal\u0259si v\u0259 [&hellip;]<\/p>\n","protected":false},"author":2,"featured_media":0,"comment_status":"open","ping_status":"open","sticky":false,"template":"","format":"standard","meta":{"footnotes":""},"categories":[49],"tags":[],"class_list":["post-46987","post","type-post","status-publish","format-standard","hentry","category-medeniyyat"],"_links":{"self":[{"href":"http:\/\/edebiyyat-az.com\/index.php?rest_route=\/wp\/v2\/posts\/46987","targetHints":{"allow":["GET"]}}],"collection":[{"href":"http:\/\/edebiyyat-az.com\/index.php?rest_route=\/wp\/v2\/posts"}],"about":[{"href":"http:\/\/edebiyyat-az.com\/index.php?rest_route=\/wp\/v2\/types\/post"}],"author":[{"embeddable":true,"href":"http:\/\/edebiyyat-az.com\/index.php?rest_route=\/wp\/v2\/users\/2"}],"replies":[{"embeddable":true,"href":"http:\/\/edebiyyat-az.com\/index.php?rest_route=%2Fwp%2Fv2%2Fcomments&post=46987"}],"version-history":[{"count":2,"href":"http:\/\/edebiyyat-az.com\/index.php?rest_route=\/wp\/v2\/posts\/46987\/revisions"}],"predecessor-version":[{"id":46990,"href":"http:\/\/edebiyyat-az.com\/index.php?rest_route=\/wp\/v2\/posts\/46987\/revisions\/46990"}],"wp:attachment":[{"href":"http:\/\/edebiyyat-az.com\/index.php?rest_route=%2Fwp%2Fv2%2Fmedia&parent=46987"}],"wp:term":[{"taxonomy":"category","embeddable":true,"href":"http:\/\/edebiyyat-az.com\/index.php?rest_route=%2Fwp%2Fv2%2Fcategories&post=46987"},{"taxonomy":"post_tag","embeddable":true,"href":"http:\/\/edebiyyat-az.com\/index.php?rest_route=%2Fwp%2Fv2%2Ftags&post=46987"}],"curies":[{"name":"wp","href":"https:\/\/api.w.org\/{rel}","templated":true}]}}