{"id":46992,"date":"2023-09-12T06:00:00","date_gmt":"2023-09-12T02:00:00","guid":{"rendered":"https:\/\/edebiyyat-az.com\/?p=46992"},"modified":"2023-09-12T18:43:44","modified_gmt":"2023-09-12T14:43:44","slug":"debut-d%c9%99-20-yasli-l%c9%99nk%c9%99ranli-t%c9%99l%c9%99b%c9%99-ayt%c9%99kin-agazad%c9%99dir","status":"publish","type":"post","link":"http:\/\/edebiyyat-az.com\/?p=46992","title":{"rendered":"DEB\u00dcT-d\u0259 20 ya\u015fl\u0131 l\u0259nk\u0259ranl\u0131 t\u0259l\u0259b\u0259 Ayt\u0259kin A\u011fazad\u0259dir"},"content":{"rendered":"\n<figure class=\"wp-block-image size-full is-resized\"><a href=\"https:\/\/edebiyyat-az.com\/wp-content\/uploads\/2023\/09\/Aytekin.jpg\"><img loading=\"lazy\" decoding=\"async\" src=\"https:\/\/edebiyyat-az.com\/wp-content\/uploads\/2023\/09\/Aytekin.jpg\" alt=\"\" class=\"wp-image-47000\" width=\"700\" height=\"483\" srcset=\"http:\/\/edebiyyat-az.com\/wp-content\/uploads\/2023\/09\/Aytekin.jpg 400w, http:\/\/edebiyyat-az.com\/wp-content\/uploads\/2023\/09\/Aytekin-300x207.jpg 300w\" sizes=\"auto, (max-width: 700px) 100vw, 700px\" \/><\/a><\/figure>\n\n\n\n<p><strong>\u201c\u018fd\u0259biyyat v\u0259 inc\u0259s\u0259n\u0259t\u201d portal\u0131n\u0131n Deb\u00fct rubrikas\u0131nda bu g\u00fcn sizl\u0259r\u0259 t\u0259l\u0259b\u0259 \u015feirl\u0259ri t\u0259qdim edil\u0259c\u0259k.&nbsp;<\/strong><\/p>\n\n\n\n<p>Ayt\u0259kin A\u011fazad\u0259 2003-c\u00fc ild\u0259 L\u0259nk\u0259ran rayonunda anadan olub. L\u0259nk\u0259ran D\u00f6vl\u0259t Universitetinim &#8220;Filologiya v\u0259 ibtidai t\u0259hsil&#8221; fak\u00fclt\u0259sinin &#8220;Az\u0259rbaycan dili v\u0259 \u0259d\u0259biyyat m\u00fc\u0259llimliyi&#8221; ixtisas\u0131n\u0131n 4-c\u00fc kursunda t\u0259hsilini davam etdirir. Lap u\u015faq ya\u015flar\u0131ndan \u015feirl\u0259ri, \u015fifahi v\u0259 yaz\u0131l\u0131 \u0259d\u0259biyyat n\u00fcmun\u0259l\u0259rini \u00e7ox sevib, \u0259d\u0259biyyata b\u00f6y\u00fck maraq g\u00f6st\u0259rib. M\u0259kt\u0259b v\u0259 Universitet t\u0259dbirl\u0259rinin f\u0259al i\u015ftirak\u00e7\u0131s\u0131 olub, m\u00fcxt\u0259lif \u015fairl\u0259rd\u0259n \u015feirl\u0259r s\u0259sl\u0259ndirib. 2013-c\u00fc ild\u0259n \u015feirl\u0259rini &#8220;Ayt\u0259kin \u018fziz&#8221; imzas\u0131 il\u0259 yaz\u0131r. Yarad\u0131c\u0131l\u0131\u011f\u0131nda ictimai-f\u0259ls\u0259fi motivli \u015feirl\u0259r \u00fcst\u00fcnl\u00fck t\u0259\u015fkil ets\u0259 d\u0259, m\u0259h\u0259bb\u0259t lirikas\u0131, el\u0259c\u0259 d\u0259 q\u0259hr\u0259manl\u0131q lirikas\u0131na aid yazd\u0131\u011f\u0131 n\u00fcmun\u0259l\u0259r d\u0259 az deyildir.&nbsp;<\/p>\n\n\n\n<p>Haz\u0131rda \u015feir yazmaqla b\u0259rab\u0259r b\u0259dii qira\u0259tl\u0259 d\u0259 m\u0259\u015f\u011ful olur.&nbsp;<\/p>\n\n\n\n<p>\u015eairl\u0259rd\u0259n ba\u015fqa he\u00e7 k\u0259s \u015fairl\u0259rin dilin bilmir&#8230;<\/p>\n\n\n\n<p>\u018fz\u0259ld\u0259n haqq yolundayam,&nbsp;<\/p>\n\n\n\n<p>yola sonra g\u0259lm\u0259mi\u015f\u0259m,&nbsp;<\/p>\n\n\n\n<p>Amma bu &#8220;haqq&#8221; deyil\u0259nin&nbsp;<\/p>\n\n\n\n<p>\u00f6z\u00fcn yolda g\u00f6rm\u0259mi\u015f\u0259m.&nbsp;<\/p>\n\n\n\n<p>G\u0259zib onu diyar-diyar&nbsp;<\/p>\n\n\n\n<p>m\u0259n d\u0259 tapa bilm\u0259mi\u015f\u0259m,&nbsp;<\/p>\n\n\n\n<p>Haqq\u0131 el\u0259 basd\u0131r\u0131blar&nbsp;<\/p>\n\n\n\n<p>kims\u0259 onun yerin bilmir&#8230;&nbsp;<\/p>\n\n\n\n<p>\u0130nsanlar\u0131n aras\u0131nda&nbsp;<\/p>\n\n\n\n<p>t\u0259klik el\u0259 yaman olur,&nbsp;<\/p>\n\n\n\n<p>N\u0259 olursa el\u0259 s\u0259nin&nbsp;<\/p>\n\n\n\n<p>t\u0259k qald\u0131\u011f\u0131n zaman olur&#8230;&nbsp;<\/p>\n\n\n\n<p>G\u00fcnd\u00fcz g\u00fcl\u0259n adamlar\u0131n&nbsp;<\/p>\n\n\n\n<p>gec\u0259 beyni duman olur,&nbsp;<\/p>\n\n\n\n<p>Rahat-rahat dan\u0131\u015fanlar&nbsp;<\/p>\n\n\n\n<p>birin bilir, birin bilmir&#8230;&nbsp;<\/p>\n\n\n\n<p>M\u0259n dey\u0259r\u0259m anlamazlar,&nbsp;<\/p>\n\n\n\n<p>\u0259n yax\u015f\u0131s\u0131 susum gedim,&nbsp;<\/p>\n\n\n\n<p>Susanlar\u0131n s\u0259sl\u0259rin\u0259&nbsp;<\/p>\n\n\n\n<p>bir-bir qulaq as\u0131m gedim.&nbsp;<\/p>\n\n\n\n<p>Qoy yanmas\u0131n, \u00fcr\u0259yim\u0259&nbsp;<\/p>\n\n\n\n<p>bir d\u0259n\u0259 da\u015f bas\u0131m gedim,&nbsp;<\/p>\n\n\n\n<p>\u015eairl\u0259rd\u0259n ba\u015fqa he\u00e7 k\u0259s&nbsp;<\/p>\n\n\n\n<p>\u015fairl\u0259rin dilin bilmir&#8230;<\/p>\n\n\n\n<p>Yaras\u0131 var&#8230;<\/p>\n\n\n\n<p>D\u0259yi\u015f\u0259 bilm\u0259s\u0259n bar\u0131\u015f&nbsp; taleyinin r\u0259ngi il\u0259,&nbsp;<\/p>\n\n\n\n<p>B\u0259xtin bozu olmay\u0131r ki, bir a\u011f\u0131 var, qaras\u0131 var.&nbsp;<\/p>\n\n\n\n<p>H\u0259r m\u0259rmisi ac\u0131 olan h\u0259sr\u0259t adl\u0131 s\u00fcng\u00fc il\u0259,&nbsp;<\/p>\n\n\n\n<p>Par\u00e7a-par\u00e7a olan q\u0259lbin de salamat haras\u0131 var?&nbsp;<\/p>\n\n\n\n<p>K\u0259d\u0259r \u00f6m\u00fcr qona\u011f\u0131d\u0131, h\u0259r gec\u0259ni d\u0259y\u0259r ged\u0259r,&nbsp;<\/p>\n\n\n\n<p>Can dediyin can evinin dir\u0259yini \u0259y\u0259r, ged\u0259r.<\/p>\n\n\n\n<p>Yar\u0131m qalan\u0131n n\u0259f\u0259si ciy\u0259rin\u0259 m\u0259y\u0259r ged\u0259r?&nbsp;<\/p>\n\n\n\n<p>Ax\u0131 sev\u0259n bir \u00fcr\u0259yin h\u0259l\u0259 yarda paras\u0131 var&#8230;&nbsp;<\/p>\n\n\n\n<p>B\u00fct\u00fcn sevgi ba\u011flar\u0131na q\u0131\u015f g\u0259l\u0259nd\u0259, don d\u0259y\u0259nd\u0259,&nbsp;<\/p>\n\n\n\n<p>G\u00fcn\u0259\u015f \u015f\u0259f\u0259qd\u0259n b\u0259rq vurar vaxts\u0131z qap\u0131n d\u00f6y\u00fcl\u0259nd\u0259&#8230;&nbsp;<\/p>\n\n\n\n<p>K\u0259sib atmaq olmay\u0131r ki, h\u0259r k\u00f6k\u00fcnd\u0259n vur dey\u0259nd\u0259<\/p>\n\n\n\n<p>D\u00f6n\u0259-d\u00f6n\u0259 d\u00fc\u015f\u00fcn\u00fcrs\u0259n oras\u0131 var, buras\u0131 var&#8230;&nbsp;<\/p>\n\n\n\n<p>D\u0259yi\u015fm\u0259yir do\u011fmalar\u0131n, ummad\u0131\u011f\u0131n yad d\u0259yi\u015fir,&nbsp;<\/p>\n\n\n\n<p>D\u0259rd zamanla ayaqla\u015f\u0131r, \u00e7\u0259kil\u0259n f\u0259ryad d\u0259yi\u015fir,&nbsp;<\/p>\n\n\n\n<p>Yara yen\u0259 yara olur, d\u0259yi\u015f\u0259nd\u0259 ad d\u0259yi\u015fir,&nbsp;<\/p>\n\n\n\n<p>M\u0259nim d\u0259 bu \u00fcr\u0259yimin &#8220;s\u0259n&#8221; adl\u0131 bir yaras\u0131 var.<\/p>\n\n\n\n<p>Qabar&#8230;&nbsp;<\/p>\n\n\n\n<p>Daha bo\u015f olan deyil, dolu olan da dolur,&nbsp;<\/p>\n\n\n\n<p>\u00d6lm\u0259k ist\u0259y\u0259n \u00e7i\u00e7\u0259k el\u0259 baharda solur.&nbsp;<\/p>\n\n\n\n<p>Kas\u0131b\u0131n ilk balas\u0131 h\u0259mi\u015f\u0259 n\u00fcbar olur,&nbsp;<\/p>\n\n\n\n<p>Varl\u0131n\u0131n h\u0259r u\u015fa\u011f\u0131 \u00f6z\u00fc \u00fc\u00e7\u00fcn n\u00fcbard\u0131&#8230;&nbsp;<\/p>\n\n\n\n<p>S\u0259ninl\u0259 aram\u0131zda bir f\u0259rqimiz var bizim,&nbsp;<\/p>\n\n\n\n<p>S\u0259n he\u00e7 y\u0131x\u0131lmam\u0131san, m\u0259nim yarad\u0131r dizim.&nbsp;<\/p>\n\n\n\n<p>Ba\u015fa d\u00fc\u015fm\u0259y\u0259c\u0259ks\u0259n m\u0259ni he\u00e7 vaxt &#8220;\u0259zizim&#8221;,&nbsp;<\/p>\n\n\n\n<p>S\u0259ninki kimi deyil, m\u0259nim i\u00e7im qubard\u0131&#8230;&nbsp;<\/p>\n\n\n\n<p>Sanma cibi bo\u015f olan dolusuna g\u00f6z yumar,&nbsp;<\/p>\n\n\n\n<p>N\u0259 s\u0259n oyun deyils\u0259n, n\u0259 m\u0259n uddu\u011fun qumar.&nbsp;<\/p>\n\n\n\n<p>S\u0259nin atan\u0131n \u0259li h\u0259mi\u015f\u0259 olub hamar,&nbsp;<\/p>\n\n\n\n<p>M\u0259nim atam\u0131n \u0259li do\u011fulandan qabard\u0131&#8230;<\/p>\n\n\n\n<p>\u201c\u018fd\u0259biyyat v\u0259 inc\u0259s\u0259n\u0259t\u201d<\/p>\n\n\n\n<p>(12.09.2023)<\/p>\n\n\n\n<p><strong>M\u0259nb\u0259: <a href=\"https:\/\/edebiyyatveincesenet.az\/\">https:\/\/edebiyyatveincesenet.az\/<\/a><\/strong><\/p>\n","protected":false},"excerpt":{"rendered":"<p>\u201c\u018fd\u0259biyyat v\u0259 inc\u0259s\u0259n\u0259t\u201d portal\u0131n\u0131n Deb\u00fct rubrikas\u0131nda bu g\u00fcn sizl\u0259r\u0259 t\u0259l\u0259b\u0259 \u015feirl\u0259ri t\u0259qdim edil\u0259c\u0259k.&nbsp; Ayt\u0259kin A\u011fazad\u0259 2003-c\u00fc ild\u0259 L\u0259nk\u0259ran rayonunda anadan olub. L\u0259nk\u0259ran D\u00f6vl\u0259t Universitetinim &#8220;Filologiya v\u0259 ibtidai t\u0259hsil&#8221; fak\u00fclt\u0259sinin &#8220;Az\u0259rbaycan dili v\u0259 \u0259d\u0259biyyat m\u00fc\u0259llimliyi&#8221; ixtisas\u0131n\u0131n 4-c\u00fc kursunda t\u0259hsilini davam etdirir. Lap u\u015faq ya\u015flar\u0131ndan \u015feirl\u0259ri, \u015fifahi v\u0259 yaz\u0131l\u0131 \u0259d\u0259biyyat n\u00fcmun\u0259l\u0259rini \u00e7ox sevib, \u0259d\u0259biyyata b\u00f6y\u00fck maraq g\u00f6st\u0259rib. [&hellip;]<\/p>\n","protected":false},"author":2,"featured_media":0,"comment_status":"open","ping_status":"open","sticky":false,"template":"","format":"standard","meta":{"footnotes":""},"categories":[4],"tags":[],"class_list":["post-46992","post","type-post","status-publish","format-standard","hentry","category-edeb"],"_links":{"self":[{"href":"http:\/\/edebiyyat-az.com\/index.php?rest_route=\/wp\/v2\/posts\/46992","targetHints":{"allow":["GET"]}}],"collection":[{"href":"http:\/\/edebiyyat-az.com\/index.php?rest_route=\/wp\/v2\/posts"}],"about":[{"href":"http:\/\/edebiyyat-az.com\/index.php?rest_route=\/wp\/v2\/types\/post"}],"author":[{"embeddable":true,"href":"http:\/\/edebiyyat-az.com\/index.php?rest_route=\/wp\/v2\/users\/2"}],"replies":[{"embeddable":true,"href":"http:\/\/edebiyyat-az.com\/index.php?rest_route=%2Fwp%2Fv2%2Fcomments&post=46992"}],"version-history":[{"count":1,"href":"http:\/\/edebiyyat-az.com\/index.php?rest_route=\/wp\/v2\/posts\/46992\/revisions"}],"predecessor-version":[{"id":47001,"href":"http:\/\/edebiyyat-az.com\/index.php?rest_route=\/wp\/v2\/posts\/46992\/revisions\/47001"}],"wp:attachment":[{"href":"http:\/\/edebiyyat-az.com\/index.php?rest_route=%2Fwp%2Fv2%2Fmedia&parent=46992"}],"wp:term":[{"taxonomy":"category","embeddable":true,"href":"http:\/\/edebiyyat-az.com\/index.php?rest_route=%2Fwp%2Fv2%2Fcategories&post=46992"},{"taxonomy":"post_tag","embeddable":true,"href":"http:\/\/edebiyyat-az.com\/index.php?rest_route=%2Fwp%2Fv2%2Ftags&post=46992"}],"curies":[{"name":"wp","href":"https:\/\/api.w.org\/{rel}","templated":true}]}}