{"id":47870,"date":"2023-11-26T10:00:00","date_gmt":"2023-11-26T06:00:00","guid":{"rendered":"https:\/\/edebiyyat-az.com\/?p=47870"},"modified":"2023-11-26T11:16:20","modified_gmt":"2023-11-26T07:16:20","slug":"k%c9%99lb%c9%99c%c9%99rli-sair-m%c9%99mm%c9%99d-aslanin-secm%c9%99-seirl%c9%99ri-isiq-uzu-gorub","status":"publish","type":"post","link":"http:\/\/edebiyyat-az.com\/?p=47870","title":{"rendered":"K\u0259lb\u0259c\u0259rli \u015fair M\u0259mm\u0259d Aslan\u0131n \u201cSe\u00e7m\u0259 \u015feirl\u0259r\u201di i\u015f\u0131q \u00fcz\u00fc g\u00f6r\u00fcb"},"content":{"rendered":"\n<figure class=\"wp-block-image size-large\"><a href=\"https:\/\/edebiyyat-az.com\/wp-content\/uploads\/2023\/11\/M\u0259mm\u0259d-Aslan.jpg\"><img loading=\"lazy\" decoding=\"async\" width=\"664\" height=\"1024\" src=\"https:\/\/edebiyyat-az.com\/wp-content\/uploads\/2023\/11\/M\u0259mm\u0259d-Aslan-664x1024.jpg\" alt=\"\" class=\"wp-image-47882\" srcset=\"http:\/\/edebiyyat-az.com\/wp-content\/uploads\/2023\/11\/M\u0259mm\u0259d-Aslan-664x1024.jpg 664w, http:\/\/edebiyyat-az.com\/wp-content\/uploads\/2023\/11\/M\u0259mm\u0259d-Aslan-195x300.jpg 195w, http:\/\/edebiyyat-az.com\/wp-content\/uploads\/2023\/11\/M\u0259mm\u0259d-Aslan-768x1184.jpg 768w, http:\/\/edebiyyat-az.com\/wp-content\/uploads\/2023\/11\/M\u0259mm\u0259d-Aslan-996x1536.jpg 996w, http:\/\/edebiyyat-az.com\/wp-content\/uploads\/2023\/11\/M\u0259mm\u0259d-Aslan.jpg 1297w\" sizes=\"auto, (max-width: 664px) 100vw, 664px\" \/><\/a><\/figure>\n\n\n\n<p>T\u00fcrk sevdal\u0131s\u0131, a\u015f\u0131q-ozan t\u00f6r\u0259nli, milli d\u0259y\u0259rl\u0259rimizin yorulmaz t\u0259bli\u011fat\u00e7\u0131s\u0131, Az\u0259rbaycan folklorunun bilicisi ustad \u015fair M\u0259mm\u0259d Aslan\u0131n bu kitab\u0131na m\u00fc\u0259llifin m\u00fcxt\u0259lif ill\u0259rd\u0259 q\u0259l\u0259m\u0259 ald\u0131\u011f\u0131 se\u00e7m\u0259 \u015feirl\u0259ri daxil edilib. \u201cQanun\u201d n\u0259\u015friyyat\u0131n\u0131n yeni layih\u0259si \u201cAz\u0259rbaycan poeziyas\u0131ndan se\u00e7m\u0259 \u015feirl\u0259r\u201d adlan\u0131r. \u00dcmid edirik ki, kitabda toplanm\u0131\u015f \u015feirl\u0259r poetik ovqat\u0131n\u0131za i\u015f\u0131q tutacaq, M\u0259mm\u0259d Aslan yarad\u0131c\u0131l\u0131\u011f\u0131 il\u0259 yax\u0131ndan tan\u0131\u015f olma\u011f\u0131n\u0131z \u00fc\u00e7\u00fcn siz\u0259 yol yolda\u015f\u0131 olacaq. Kitabdak\u0131 \u015feirl\u0259r \u201cD\u0259lida\u011f\u201d \u0259d\u0259bi m\u0259clisinin s\u0259dri, \u015fair Namiq D\u0259lida\u011fl\u0131n\u0131n t\u0259qdim etdiyi n\u00fcmun\u0259l\u0259r aras\u0131ndan se\u00e7ilib. <\/p>\n\n\n\n<p><strong>M\u0259nb\u0259:\u00a0<a href=\"https:\/\/www.qanun.az\/\">https:\/\/www.qanun.az\/<\/a><\/strong><\/p>\n","protected":false},"excerpt":{"rendered":"<p>T\u00fcrk sevdal\u0131s\u0131, a\u015f\u0131q-ozan t\u00f6r\u0259nli, milli d\u0259y\u0259rl\u0259rimizin yorulmaz t\u0259bli\u011fat\u00e7\u0131s\u0131, Az\u0259rbaycan folklorunun bilicisi ustad \u015fair M\u0259mm\u0259d Aslan\u0131n bu kitab\u0131na m\u00fc\u0259llifin m\u00fcxt\u0259lif ill\u0259rd\u0259 q\u0259l\u0259m\u0259 ald\u0131\u011f\u0131 se\u00e7m\u0259 \u015feirl\u0259ri daxil edilib. \u201cQanun\u201d n\u0259\u015friyyat\u0131n\u0131n yeni layih\u0259si \u201cAz\u0259rbaycan poeziyas\u0131ndan se\u00e7m\u0259 \u015feirl\u0259r\u201d adlan\u0131r. \u00dcmid edirik ki, kitabda toplanm\u0131\u015f \u015feirl\u0259r poetik ovqat\u0131n\u0131za i\u015f\u0131q tutacaq, M\u0259mm\u0259d Aslan yarad\u0131c\u0131l\u0131\u011f\u0131 il\u0259 yax\u0131ndan tan\u0131\u015f olma\u011f\u0131n\u0131z \u00fc\u00e7\u00fcn siz\u0259 yol [&hellip;]<\/p>\n","protected":false},"author":2,"featured_media":0,"comment_status":"open","ping_status":"open","sticky":false,"template":"","format":"standard","meta":{"footnotes":""},"categories":[35],"tags":[],"class_list":["post-47870","post","type-post","status-publish","format-standard","hentry","category-yeni-nsrlr"],"_links":{"self":[{"href":"http:\/\/edebiyyat-az.com\/index.php?rest_route=\/wp\/v2\/posts\/47870","targetHints":{"allow":["GET"]}}],"collection":[{"href":"http:\/\/edebiyyat-az.com\/index.php?rest_route=\/wp\/v2\/posts"}],"about":[{"href":"http:\/\/edebiyyat-az.com\/index.php?rest_route=\/wp\/v2\/types\/post"}],"author":[{"embeddable":true,"href":"http:\/\/edebiyyat-az.com\/index.php?rest_route=\/wp\/v2\/users\/2"}],"replies":[{"embeddable":true,"href":"http:\/\/edebiyyat-az.com\/index.php?rest_route=%2Fwp%2Fv2%2Fcomments&post=47870"}],"version-history":[{"count":2,"href":"http:\/\/edebiyyat-az.com\/index.php?rest_route=\/wp\/v2\/posts\/47870\/revisions"}],"predecessor-version":[{"id":47885,"href":"http:\/\/edebiyyat-az.com\/index.php?rest_route=\/wp\/v2\/posts\/47870\/revisions\/47885"}],"wp:attachment":[{"href":"http:\/\/edebiyyat-az.com\/index.php?rest_route=%2Fwp%2Fv2%2Fmedia&parent=47870"}],"wp:term":[{"taxonomy":"category","embeddable":true,"href":"http:\/\/edebiyyat-az.com\/index.php?rest_route=%2Fwp%2Fv2%2Fcategories&post=47870"},{"taxonomy":"post_tag","embeddable":true,"href":"http:\/\/edebiyyat-az.com\/index.php?rest_route=%2Fwp%2Fv2%2Ftags&post=47870"}],"curies":[{"name":"wp","href":"https:\/\/api.w.org\/{rel}","templated":true}]}}