{"id":48935,"date":"2024-09-20T11:00:00","date_gmt":"2024-09-20T07:00:00","guid":{"rendered":"https:\/\/edebiyyat-az.com\/?p=48935"},"modified":"2024-09-20T11:49:30","modified_gmt":"2024-09-20T07:49:30","slug":"az%c9%99rbaycanli-yazici-s%c9%99fa-v%c9%99liyevanin-hekay%c9%99si-cagdas-az%c9%99rbaycan-hekay%c9%99si-antologiyasinda-isiq-uzu-gorub","status":"publish","type":"post","link":"http:\/\/edebiyyat-az.com\/?p=48935","title":{"rendered":"Az\u0259rbaycanl\u0131 yaz\u0131\u00e7\u0131 \u015e\u0259fa V\u0259liyevan\u0131n hekay\u0259si \u201c\u00c7a\u011fda\u015f Az\u0259rbaycan hekay\u0259si\u201d antologiyas\u0131nda i\u015f\u0131q \u00fcz\u00fc g\u00f6r\u00fcb"},"content":{"rendered":"\n<figure class=\"wp-block-image size-full\"><a href=\"https:\/\/edebiyyat-az.com\/wp-content\/uploads\/2024\/09\/Kitab.jpg\"><img loading=\"lazy\" decoding=\"async\" width=\"666\" height=\"820\" src=\"https:\/\/edebiyyat-az.com\/wp-content\/uploads\/2024\/09\/Kitab.jpg\" alt=\"\" class=\"wp-image-48947\" srcset=\"http:\/\/edebiyyat-az.com\/wp-content\/uploads\/2024\/09\/Kitab.jpg 666w, http:\/\/edebiyyat-az.com\/wp-content\/uploads\/2024\/09\/Kitab-244x300.jpg 244w\" sizes=\"auto, (max-width: 666px) 100vw, 666px\" \/><\/a><\/figure>\n\n\n\n<figure class=\"wp-block-image size-large is-resized\"><a href=\"https:\/\/edebiyyat-az.com\/wp-content\/uploads\/2024\/09\/S\u0259fa-V\u0259liyeva.jpg\"><img loading=\"lazy\" decoding=\"async\" src=\"https:\/\/edebiyyat-az.com\/wp-content\/uploads\/2024\/09\/S\u0259fa-V\u0259liyeva-472x1024.jpg\" alt=\"\" class=\"wp-image-48948\" width=\"701\" height=\"1521\" srcset=\"http:\/\/edebiyyat-az.com\/wp-content\/uploads\/2024\/09\/S\u0259fa-V\u0259liyeva-472x1024.jpg 472w, http:\/\/edebiyyat-az.com\/wp-content\/uploads\/2024\/09\/S\u0259fa-V\u0259liyeva-138x300.jpg 138w, http:\/\/edebiyyat-az.com\/wp-content\/uploads\/2024\/09\/S\u0259fa-V\u0259liyeva.jpg 590w\" sizes=\"auto, (max-width: 701px) 100vw, 701px\" \/><\/a><\/figure>\n\n\n\n<p>Tatar\u0131stan Yaz\u0131\u00e7\u0131lar Birliyinin \u201c\u018fd\u0259bi birg\u0259lik\u201d seriyas\u0131ndan yay\u0131mlanan \u201c\u00c7a\u011fda\u015f Az\u0259rbaycan hekay\u0259si\u201d antologiyas\u0131nda \u201cG\u0259nc \u018fdibl\u0259r M\u0259kt\u0259bi\u201dnin m\u00fcdavimi, Az\u0259rbaycan Yaz\u0131\u00e7\u0131lar Birliyi G\u0259ncl\u0259r \u015euras\u0131n\u0131n v\u0259 Az\u0259rbaycan Jurnalistl\u0259r Birliyinin \u00fczv\u00fc, Prezident t\u0259qa\u00fcd\u00e7\u00fcs\u00fc, \u201c\u0130lin g\u0259nci\u201d m\u00fcfakat\u00e7\u0131s\u0131, Az\u0259rbaycan\u0131n M\u0259d\u0259niyy\u0259t v\u0259 \u018fd\u0259biyyat Portal\u0131n\u0131n Ba\u015f redaktoru \u015e\u0259fa V\u0259liyevan\u0131n hekay\u0259si i\u015f\u0131q \u00fcz\u00fc g\u00f6r\u00fcb.<\/p>\n\n\n\n<p>Layih\u0259nin r\u0259hb\u0259ri Tatar\u0131stan Respublikas\u0131 D\u00f6vl\u0259t \u015euras\u0131n\u0131n deputat\u0131, Tatar\u0131stan Yaz\u0131\u00e7\u0131lar Birliyinin ba\u015fqan\u0131, Xalq \u015fairi Rkail Z\u0259ydulla v\u0259 Beyn\u0259lxalq \u201cAla\u015f\u201d \u018fd\u0259biyyat m\u00fckafat\u0131 laureat\u0131, DGTYB M\u0259sl\u0259h\u0259t \u015euras\u0131n\u0131n ba\u015fqan\u0131 \u018fkb\u0259r Qo\u015fal\u0131d\u0131r.<\/p>\n\n\n\n<p>Qeyd ed\u0259k ki,  \u201c\u00c7a\u011fda\u015f Az\u0259rbaycan hekay\u0259si\u201d antologiyas\u0131n\u0131n Az\u0259rbaycan Respublikas\u0131nda v\u0259 Qarda\u015f Tatar\u0131stan Respublikas\u0131nda t\u0259qdimat\u0131 n\u0259z\u0259rd\u0259 tutulub.<\/p>\n\n\n\n<p><strong>Az\u0259rbaycan\u0131n M\u0259d\u0259niyy\u0259t v\u0259 \u018fd\u0259biyyat Portal\u0131n\u0131n M\u0259tbuat xidm\u0259ti<br>v\u0259 \u0130ctimaiyy\u0259tl\u0259 \u0259laq\u0259l\u0259r \u015f\u00f6b\u0259si.<\/strong><\/p>\n","protected":false},"excerpt":{"rendered":"<p>Tatar\u0131stan Yaz\u0131\u00e7\u0131lar Birliyinin \u201c\u018fd\u0259bi birg\u0259lik\u201d seriyas\u0131ndan yay\u0131mlanan \u201c\u00c7a\u011fda\u015f Az\u0259rbaycan hekay\u0259si\u201d antologiyas\u0131nda \u201cG\u0259nc \u018fdibl\u0259r M\u0259kt\u0259bi\u201dnin m\u00fcdavimi, Az\u0259rbaycan Yaz\u0131\u00e7\u0131lar Birliyi G\u0259ncl\u0259r \u015euras\u0131n\u0131n v\u0259 Az\u0259rbaycan Jurnalistl\u0259r Birliyinin \u00fczv\u00fc, Prezident t\u0259qa\u00fcd\u00e7\u00fcs\u00fc, \u201c\u0130lin g\u0259nci\u201d m\u00fcfakat\u00e7\u0131s\u0131, Az\u0259rbaycan\u0131n M\u0259d\u0259niyy\u0259t v\u0259 \u018fd\u0259biyyat Portal\u0131n\u0131n Ba\u015f redaktoru \u015e\u0259fa V\u0259liyevan\u0131n hekay\u0259si i\u015f\u0131q \u00fcz\u00fc g\u00f6r\u00fcb. Layih\u0259nin r\u0259hb\u0259ri Tatar\u0131stan Respublikas\u0131 D\u00f6vl\u0259t \u015euras\u0131n\u0131n deputat\u0131, Tatar\u0131stan Yaz\u0131\u00e7\u0131lar Birliyinin ba\u015fqan\u0131, Xalq [&hellip;]<\/p>\n","protected":false},"author":2,"featured_media":0,"comment_status":"open","ping_status":"open","sticky":false,"template":"","format":"standard","meta":{"footnotes":""},"categories":[49],"tags":[],"class_list":["post-48935","post","type-post","status-publish","format-standard","hentry","category-medeniyyat"],"_links":{"self":[{"href":"http:\/\/edebiyyat-az.com\/index.php?rest_route=\/wp\/v2\/posts\/48935","targetHints":{"allow":["GET"]}}],"collection":[{"href":"http:\/\/edebiyyat-az.com\/index.php?rest_route=\/wp\/v2\/posts"}],"about":[{"href":"http:\/\/edebiyyat-az.com\/index.php?rest_route=\/wp\/v2\/types\/post"}],"author":[{"embeddable":true,"href":"http:\/\/edebiyyat-az.com\/index.php?rest_route=\/wp\/v2\/users\/2"}],"replies":[{"embeddable":true,"href":"http:\/\/edebiyyat-az.com\/index.php?rest_route=%2Fwp%2Fv2%2Fcomments&post=48935"}],"version-history":[{"count":1,"href":"http:\/\/edebiyyat-az.com\/index.php?rest_route=\/wp\/v2\/posts\/48935\/revisions"}],"predecessor-version":[{"id":48949,"href":"http:\/\/edebiyyat-az.com\/index.php?rest_route=\/wp\/v2\/posts\/48935\/revisions\/48949"}],"wp:attachment":[{"href":"http:\/\/edebiyyat-az.com\/index.php?rest_route=%2Fwp%2Fv2%2Fmedia&parent=48935"}],"wp:term":[{"taxonomy":"category","embeddable":true,"href":"http:\/\/edebiyyat-az.com\/index.php?rest_route=%2Fwp%2Fv2%2Fcategories&post=48935"},{"taxonomy":"post_tag","embeddable":true,"href":"http:\/\/edebiyyat-az.com\/index.php?rest_route=%2Fwp%2Fv2%2Ftags&post=48935"}],"curies":[{"name":"wp","href":"https:\/\/api.w.org\/{rel}","templated":true}]}}