{"id":48959,"date":"2024-09-23T09:00:00","date_gmt":"2024-09-23T05:00:00","guid":{"rendered":"https:\/\/edebiyyat-az.com\/?p=48959"},"modified":"2024-09-24T08:54:09","modified_gmt":"2024-09-24T04:54:09","slug":"regionun-%c9%99n-boyuk-beyn%c9%99lxalq-kitab-s%c9%99rgisin%c9%99-sayili-gunl%c9%99r-qaldi","status":"publish","type":"post","link":"http:\/\/edebiyyat-az.com\/?p=48959","title":{"rendered":"Regionun \u0259n b\u00f6y\u00fck beyn\u0259lxalq kitab s\u0259rgisin\u0259 say\u0131l\u0131 g\u00fcnl\u0259r qald\u0131"},"content":{"rendered":"\n<figure class=\"wp-block-image size-large\"><img decoding=\"async\" src=\"https:\/\/culture.gov.az\/medias\/news\/big\/11\/52618\/1.png\" alt=\"\"\/><\/figure>\n\n\n\n<p>Az\u0259rbaycan Respublikas\u0131 M\u0259d\u0259niyy\u0259t Nazirliyinin t\u0259\u015fkilat\u00e7\u0131l\u0131\u011f\u0131 il\u0259 2-8 oktyabr tarixl\u0259rind\u0259 Bak\u0131 Ekspo M\u0259rk\u0259zind\u0259 X Bak\u0131 Beyn\u0259lxalq Kitab S\u0259rgisi (Baku International Book Fair \u2013 2024) ke\u00e7iril\u0259c\u0259k.<\/p>\n\n\n\n<p>Builki yubiley s\u0259rgisi dahi Az\u0259rbaycan \u015fairi v\u0259 m\u00fct\u0259f\u0259kkiri M\u0259h\u0259mm\u0259d F\u00fczulinin (1494-1556) anadan olmas\u0131n\u0131n 530 illiyin\u0259 h\u0259sr olunub. Haz\u0131rda 4 qit\u0259ni t\u0259msil ed\u0259n 19 \u00f6lk\u0259d\u0259n 47 xarici t\u0259\u015fkilat, 100-d\u0259n art\u0131q yerli n\u0259\u015friyyat-poliqrafiya v\u0259 kitab s\u0259n\u0259ti il\u0259 \u0259laq\u0259li m\u00fc\u0259ssis\u0259 s\u0259rgid\u0259 i\u015ftirak \u00fc\u00e7\u00fcn qeydiyyatdan ke\u00e7ib. S\u0259rgid\u0259 Az\u0259rbaycanla yana\u015f\u0131, T\u00fcrkiy\u0259, \u0130rlandiya, Almaniya, Venesuela v\u0259 dig\u0259r \u00f6lk\u0259l\u0259rd\u0259n tan\u0131nm\u0131\u015f yaz\u0131\u00e7\u0131 v\u0259 \u015fairl\u0259r, elm adamlar\u0131, g\u0259nc yazarlar i\u015ftirak ed\u0259c\u0259kl\u0259r. Bud\u0259f\u0259ki s\u0259rgi \u00fc\u00e7\u00fcn d\u0259 z\u0259ngin proqram t\u0259rtib olunub.<\/p>\n\n\n\n<p>Kitab bayram\u0131 \u00e7\u0259r\u00e7iv\u0259sind\u0259 u\u015faqlar v\u0259 b\u00f6y\u00fckl\u0259r \u00fc\u00e7\u00fcn ustad d\u0259rsl\u0259ri, inkl\u00fczivlik v\u0259 dig\u0259r aktual m\u00f6vzular \u00fczr\u0259 kitab t\u0259qdimatlar\u0131, imza g\u00fcnl\u0259ri, konfranslar, simpoziumlar, m\u00fcsabiq\u0259l\u0259r, qira\u0259t v\u0259 musiqi saatlar\u0131 v\u0259 kitab s\u0259nayesi sektorunun subyektl\u0259ri aras\u0131nda \u0259m\u0259kda\u015fl\u0131q platformalar\u0131 t\u0259\u015fkil edil\u0259c\u0259k.<\/p>\n\n\n\n<p>S\u0259rgi m\u00fcdd\u0259tind\u0259 m\u00fcxt\u0259lif formatda \u00fcmumilikd\u0259 270-d\u0259n \u00e7ox t\u0259dbirin t\u0259\u015fkili n\u0259z\u0259rd\u0259 tutulur. T\u0259dbir gedi\u015find\u0259 \u00f6lk\u0259mizin d\u0259 \u00fczv oldu\u011fu Asiya Hekay\u0259\u00e7ilik Komit\u0259sinin 16-c\u0131 iclas\u0131 ke\u00e7iril\u0259c\u0259k. S\u0259rgi zaman\u0131 g\u00fcn \u0259rzind\u0259 ziyar\u0259t\u00e7il\u0259rin metronun \u201cElml\u0259r Akademiyas\u0131\u201d, \u201c28 May\u201d v\u0259 \u201cKoro\u011flu\u201d stansiyalar\u0131ndan Bak\u0131 Ekspo M\u0259rk\u0259zin\u0259 x\u00fcsusi avtobuslar vasit\u0259sil\u0259 gedi\u015f-g\u0259li\u015fi t\u0259min edil\u0259c\u0259k.<\/p>\n\n\n\n<p>S\u0259rgi h\u0259r g\u00fcn s\u0259h\u0259r saat 10:00-dan ax\u015fam saat 20:00-d\u0259k ziyar\u0259t \u00fc\u00e7\u00fcn a\u00e7\u0131q olacaq. S\u0259rgiy\u0259 giri\u015f \u00f6d\u0259ni\u015fsizdir.<\/p>\n\n\n\n<p><strong>M\u0259nb\u0259:&nbsp;<a href=\"https:\/\/culture.gov.az\/\">https:\/\/culture.gov.az\/<\/a><\/strong><\/p>\n","protected":false},"excerpt":{"rendered":"<p>Az\u0259rbaycan Respublikas\u0131 M\u0259d\u0259niyy\u0259t Nazirliyinin t\u0259\u015fkilat\u00e7\u0131l\u0131\u011f\u0131 il\u0259 2-8 oktyabr tarixl\u0259rind\u0259 Bak\u0131 Ekspo M\u0259rk\u0259zind\u0259 X Bak\u0131 Beyn\u0259lxalq Kitab S\u0259rgisi (Baku International Book Fair \u2013 2024) ke\u00e7iril\u0259c\u0259k. Builki yubiley s\u0259rgisi dahi Az\u0259rbaycan \u015fairi v\u0259 m\u00fct\u0259f\u0259kkiri M\u0259h\u0259mm\u0259d F\u00fczulinin (1494-1556) anadan olmas\u0131n\u0131n 530 illiyin\u0259 h\u0259sr olunub. Haz\u0131rda 4 qit\u0259ni t\u0259msil ed\u0259n 19 \u00f6lk\u0259d\u0259n 47 xarici t\u0259\u015fkilat, 100-d\u0259n art\u0131q yerli n\u0259\u015friyyat-poliqrafiya [&hellip;]<\/p>\n","protected":false},"author":2,"featured_media":0,"comment_status":"open","ping_status":"open","sticky":false,"template":"","format":"standard","meta":{"footnotes":""},"categories":[49],"tags":[],"class_list":["post-48959","post","type-post","status-publish","format-standard","hentry","category-medeniyyat"],"_links":{"self":[{"href":"http:\/\/edebiyyat-az.com\/index.php?rest_route=\/wp\/v2\/posts\/48959","targetHints":{"allow":["GET"]}}],"collection":[{"href":"http:\/\/edebiyyat-az.com\/index.php?rest_route=\/wp\/v2\/posts"}],"about":[{"href":"http:\/\/edebiyyat-az.com\/index.php?rest_route=\/wp\/v2\/types\/post"}],"author":[{"embeddable":true,"href":"http:\/\/edebiyyat-az.com\/index.php?rest_route=\/wp\/v2\/users\/2"}],"replies":[{"embeddable":true,"href":"http:\/\/edebiyyat-az.com\/index.php?rest_route=%2Fwp%2Fv2%2Fcomments&post=48959"}],"version-history":[{"count":2,"href":"http:\/\/edebiyyat-az.com\/index.php?rest_route=\/wp\/v2\/posts\/48959\/revisions"}],"predecessor-version":[{"id":48968,"href":"http:\/\/edebiyyat-az.com\/index.php?rest_route=\/wp\/v2\/posts\/48959\/revisions\/48968"}],"wp:attachment":[{"href":"http:\/\/edebiyyat-az.com\/index.php?rest_route=%2Fwp%2Fv2%2Fmedia&parent=48959"}],"wp:term":[{"taxonomy":"category","embeddable":true,"href":"http:\/\/edebiyyat-az.com\/index.php?rest_route=%2Fwp%2Fv2%2Fcategories&post=48959"},{"taxonomy":"post_tag","embeddable":true,"href":"http:\/\/edebiyyat-az.com\/index.php?rest_route=%2Fwp%2Fv2%2Ftags&post=48959"}],"curies":[{"name":"wp","href":"https:\/\/api.w.org\/{rel}","templated":true}]}}