{"id":49348,"date":"2025-02-01T08:00:00","date_gmt":"2025-02-01T04:00:00","guid":{"rendered":"https:\/\/edebiyyat-az.com\/?p=49348"},"modified":"2025-02-04T13:13:00","modified_gmt":"2025-02-04T09:13:00","slug":"2025-ci-il-g%c9%99ncl%c9%99r-ucun-prezident-mukafatlarinin-verilm%c9%99si-haqqinda-az%c9%99rbaycan-respublikasi-prezidentinin-s%c9%99r%c9%99ncami","status":"publish","type":"post","link":"http:\/\/edebiyyat-az.com\/?p=49348","title":{"rendered":"2025-ci il G\u0259ncl\u0259r \u00fc\u00e7\u00fcn Prezident m\u00fckafatlar\u0131n\u0131n verilm\u0259si haqq\u0131nda Az\u0259rbaycan Respublikas\u0131 Prezidentinin S\u0259r\u0259ncam\u0131"},"content":{"rendered":"\n<figure class=\"wp-block-image size-full\"><a href=\"http:\/\/edebiyyat-az.com\/wp-content\/uploads\/2024\/10\/presidentofazerbaijan.jpg\"><img loading=\"lazy\" decoding=\"async\" width=\"800\" height=\"600\" src=\"http:\/\/edebiyyat-az.com\/wp-content\/uploads\/2024\/10\/presidentofazerbaijan.jpg\" alt=\"\" class=\"wp-image-49064\" srcset=\"http:\/\/edebiyyat-az.com\/wp-content\/uploads\/2024\/10\/presidentofazerbaijan.jpg 800w, http:\/\/edebiyyat-az.com\/wp-content\/uploads\/2024\/10\/presidentofazerbaijan-300x225.jpg 300w, http:\/\/edebiyyat-az.com\/wp-content\/uploads\/2024\/10\/presidentofazerbaijan-768x576.jpg 768w, http:\/\/edebiyyat-az.com\/wp-content\/uploads\/2024\/10\/presidentofazerbaijan-360x270.jpg 360w\" sizes=\"auto, (max-width: 800px) 100vw, 800px\" \/><\/a><\/figure>\n\n\n\n<p>2025-ci il G\u0259ncl\u0259r \u00fc\u00e7\u00fcn Prezident m\u00fckafatlar\u0131n\u0131n verilm\u0259si haqq\u0131nda Az\u0259rbaycan Respublikas\u0131 Prezidentinin S\u0259r\u0259ncam\u0131<\/p>\n\n\n\n<p>G\u0259ncl\u0259r \u00fc\u00e7\u00fcn Prezident m\u00fckafat\u0131na namiz\u0259dl\u0259rin se\u00e7ilm\u0259si \u00fczr\u0259 Ekspert Komissiyas\u0131n\u0131n t\u0259klifin\u0259 \u0259sas\u0259n v\u0259 Az\u0259rbaycan Respublikas\u0131 Konstitusiyas\u0131n\u0131n 109\u2011cu madd\u0259sinin 32-ci b\u0259ndini r\u0259hb\u0259r tutaraq q\u0259rara al\u0131ram:<\/p>\n\n\n\n<p>Elm, t\u0259hsil, m\u0259d\u0259niyy\u0259t, g\u0259ncl\u0259r siyas\u0259ti v\u0259 g\u0259ncl\u0259rl\u0259 i\u015f, ictimai v\u0259 sosialy\u00f6n\u00fcml\u00fc f\u0259aliyy\u0259t, innovasiya v\u0259 sahibkarl\u0131q sah\u0259l\u0259rind\u0259 x\u00fcsusi f\u0259rql\u0259n\u0259n a\u015fa\u011f\u0131dak\u0131 \u015f\u0259xsl\u0259r\u0259 2025-ci il G\u0259ncl\u0259r \u00fc\u00e7\u00fcn Prezident m\u00fckafatlar\u0131 verilsin:<\/p>\n\n\n\n<p>A\u011falarov Mircavid El\u015fad o\u011flu<\/p>\n\n\n\n<p>\u018fjd\u0259rli Aytac Ceyhun q\u0131z\u0131<\/p>\n\n\n\n<p>\u018fzimov R\u00fcst\u0259m Bakir o\u011flu<\/p>\n\n\n\n<p>Hac\u0131b\u0259yli Rafael Siyavu\u015f o\u011flu<\/p>\n\n\n\n<p>\u0130srafilova Fatim\u0259 Seymur q\u0131z\u0131<\/p>\n\n\n\n<p>M\u0259h\u0259rr\u0259mova \u015e\u00f6vk\u0259t Fikr\u0259t q\u0131z\u0131<\/p>\n\n\n\n<p>M\u0259mm\u0259dzad\u0259 V\u00fcqar \u018fbd\u00fcl\u0259li o\u011flu<\/p>\n\n\n\n<p>Muradova Jal\u0259 T\u0259rlan q\u0131z\u0131<\/p>\n\n\n\n<p>Nuruzad\u0259 \u00d6m\u0259r \u0130man o\u011flu<\/p>\n\n\n\n<p><strong>birg\u0259 f\u0259aliyy\u0259t\u0259 g\u00f6r\u0259:<\/strong><\/p>\n\n\n\n<p>Abdullayev Nihat Rauf o\u011flu<\/p>\n\n\n\n<p>\u018fliyeva L\u0259man \u018fh\u0259d q\u0131z\u0131.<\/p>\n\n\n\n<p><strong>\u0130lham \u018fliyev<\/strong><\/p>\n\n\n\n<p><strong>Az\u0259rbaycan Respublikas\u0131n\u0131n Prezidenti<\/strong><\/p>\n\n\n\n<p><strong>Bak\u0131 \u015f\u0259h\u0259ri, 31 yanvar 2025-ci il<\/strong><\/p>\n\n\n\n<p><strong>M\u0259nb\u0259:\u00a0<a href=\"https:\/\/azertag.az\/\">https:\/\/president.az\/<\/a><\/strong><\/p>\n","protected":false},"excerpt":{"rendered":"<p>2025-ci il G\u0259ncl\u0259r \u00fc\u00e7\u00fcn Prezident m\u00fckafatlar\u0131n\u0131n verilm\u0259si haqq\u0131nda Az\u0259rbaycan Respublikas\u0131 Prezidentinin S\u0259r\u0259ncam\u0131 G\u0259ncl\u0259r \u00fc\u00e7\u00fcn Prezident m\u00fckafat\u0131na namiz\u0259dl\u0259rin se\u00e7ilm\u0259si \u00fczr\u0259 Ekspert Komissiyas\u0131n\u0131n t\u0259klifin\u0259 \u0259sas\u0259n v\u0259 Az\u0259rbaycan Respublikas\u0131 Konstitusiyas\u0131n\u0131n 109\u2011cu madd\u0259sinin 32-ci b\u0259ndini r\u0259hb\u0259r tutaraq q\u0259rara al\u0131ram: Elm, t\u0259hsil, m\u0259d\u0259niyy\u0259t, g\u0259ncl\u0259r siyas\u0259ti v\u0259 g\u0259ncl\u0259rl\u0259 i\u015f, ictimai v\u0259 sosialy\u00f6n\u00fcml\u00fc f\u0259aliyy\u0259t, innovasiya v\u0259 sahibkarl\u0131q sah\u0259l\u0259rind\u0259 x\u00fcsusi f\u0259rql\u0259n\u0259n a\u015fa\u011f\u0131dak\u0131 \u015f\u0259xsl\u0259r\u0259 [&hellip;]<\/p>\n","protected":false},"author":2,"featured_media":0,"comment_status":"open","ping_status":"open","sticky":false,"template":"","format":"standard","meta":{"footnotes":""},"categories":[46],"tags":[],"class_list":["post-49348","post","type-post","status-publish","format-standard","hentry","category-azerbaycanprezidenti"],"_links":{"self":[{"href":"http:\/\/edebiyyat-az.com\/index.php?rest_route=\/wp\/v2\/posts\/49348","targetHints":{"allow":["GET"]}}],"collection":[{"href":"http:\/\/edebiyyat-az.com\/index.php?rest_route=\/wp\/v2\/posts"}],"about":[{"href":"http:\/\/edebiyyat-az.com\/index.php?rest_route=\/wp\/v2\/types\/post"}],"author":[{"embeddable":true,"href":"http:\/\/edebiyyat-az.com\/index.php?rest_route=\/wp\/v2\/users\/2"}],"replies":[{"embeddable":true,"href":"http:\/\/edebiyyat-az.com\/index.php?rest_route=%2Fwp%2Fv2%2Fcomments&post=49348"}],"version-history":[{"count":2,"href":"http:\/\/edebiyyat-az.com\/index.php?rest_route=\/wp\/v2\/posts\/49348\/revisions"}],"predecessor-version":[{"id":49352,"href":"http:\/\/edebiyyat-az.com\/index.php?rest_route=\/wp\/v2\/posts\/49348\/revisions\/49352"}],"wp:attachment":[{"href":"http:\/\/edebiyyat-az.com\/index.php?rest_route=%2Fwp%2Fv2%2Fmedia&parent=49348"}],"wp:term":[{"taxonomy":"category","embeddable":true,"href":"http:\/\/edebiyyat-az.com\/index.php?rest_route=%2Fwp%2Fv2%2Fcategories&post=49348"},{"taxonomy":"post_tag","embeddable":true,"href":"http:\/\/edebiyyat-az.com\/index.php?rest_route=%2Fwp%2Fv2%2Ftags&post=49348"}],"curies":[{"name":"wp","href":"https:\/\/api.w.org\/{rel}","templated":true}]}}