{"id":49612,"date":"2025-06-23T08:00:00","date_gmt":"2025-06-23T04:00:00","guid":{"rendered":"https:\/\/edebiyyat-az.com\/?p=49612"},"modified":"2025-06-23T13:06:35","modified_gmt":"2025-06-23T09:06:35","slug":"23-iyun-xalq-sairi-nigar-r%c9%99fib%c9%99ylinin-dogum-gunudu","status":"publish","type":"post","link":"http:\/\/edebiyyat-az.com\/?p=49612","title":{"rendered":"23 \u0130yun Xalq \u015fairi Nigar R\u0259fib\u0259ylinin do\u011fum g\u00fcn\u00fcd\u00fc"},"content":{"rendered":"\n<figure class=\"wp-block-image size-full\"><a href=\"https:\/\/edebiyyat-az.com\/wp-content\/uploads\/2025\/06\/Xalq-sairi-Nigar-R\u0259fib\u0259yli-1.jpg\"><img loading=\"lazy\" decoding=\"async\" width=\"833\" height=\"908\" src=\"https:\/\/edebiyyat-az.com\/wp-content\/uploads\/2025\/06\/Xalq-sairi-Nigar-R\u0259fib\u0259yli-1.jpg\" alt=\"\" class=\"wp-image-49614\" srcset=\"http:\/\/edebiyyat-az.com\/wp-content\/uploads\/2025\/06\/Xalq-sairi-Nigar-R\u0259fib\u0259yli-1.jpg 833w, http:\/\/edebiyyat-az.com\/wp-content\/uploads\/2025\/06\/Xalq-sairi-Nigar-R\u0259fib\u0259yli-1-275x300.jpg 275w, http:\/\/edebiyyat-az.com\/wp-content\/uploads\/2025\/06\/Xalq-sairi-Nigar-R\u0259fib\u0259yli-1-768x837.jpg 768w\" sizes=\"auto, (max-width: 833px) 100vw, 833px\" \/><\/a><\/figure>\n\n\n\n<p><strong>Nigar Xudadat q\u0131z\u0131 R\u0259fib\u0259yli<\/strong>&nbsp;(<a href=\"https:\/\/az.wikipedia.org\/wiki\/23_iyun\">23 iyun<\/a>&nbsp;<a href=\"https:\/\/az.wikipedia.org\/wiki\/1913\">1913<\/a>,&nbsp;<a href=\"https:\/\/az.wikipedia.org\/wiki\/G%C9%99nc%C9%99\">Yelizavetpol<\/a>&nbsp;\u2013&nbsp;<a href=\"https:\/\/az.wikipedia.org\/wiki\/9_iyul\">9 iyul<\/a>&nbsp;<a href=\"https:\/\/az.wikipedia.org\/wiki\/1981\">1981<\/a>,&nbsp;<a href=\"https:\/\/az.wikipedia.org\/wiki\/Bak%C4%B1\">Bak\u0131<\/a>) \u2014&nbsp;<a href=\"https:\/\/az.wikipedia.org\/wiki\/Az%C9%99rbaycanl%C4%B1lar\">az\u0259rbaycanl\u0131<\/a>&nbsp;\u015fair, t\u0259rc\u00fcm\u0259\u00e7i,&nbsp;<a href=\"https:\/\/az.wikipedia.org\/wiki\/1934\">1934-c\u00fc ild\u0259n<\/a>&nbsp;<a href=\"https:\/\/az.wikipedia.org\/wiki\/Az%C9%99rbaycan_Yaz%C4%B1%C3%A7%C4%B1lar_Birliyi\">Az\u0259rbaycan Yaz\u0131\u00e7\u0131lar Birliyinin<\/a>&nbsp;\u00fczv\u00fc, Az\u0259rbaycan SSR xalq \u015fair\u0259si (1981), Az\u0259rbaycan SSR \u0259m\u0259kdar m\u0259d\u0259niyy\u0259t i\u015f\u00e7isi (1967).<\/p>\n\n\n\n<h2 class=\"wp-block-heading\" id=\"H\u0259yat\u0131\">H\u0259yat\u0131<\/h2>\n\n\n\n<p>[<a href=\"https:\/\/az.wikipedia.org\/w\/index.php?title=Nigar_R%C9%99fib%C9%99yli&amp;veaction=edit&amp;section=1\">redakt\u0259<\/a>&nbsp;|&nbsp;<a href=\"https:\/\/az.wikipedia.org\/w\/index.php?title=Nigar_R%C9%99fib%C9%99yli&amp;action=edit&amp;section=1\">vikim\u0259tni redakt\u0259 et<\/a>]<\/p>\n\n\n\n<figure class=\"wp-block-image\"><a href=\"https:\/\/commons.wikimedia.org\/wiki\/File:Khudadat_bey_Rafibeyli.jpg?uselang=az\"><img decoding=\"async\" src=\"https:\/\/upload.wikimedia.org\/wikipedia\/commons\/thumb\/9\/97\/Khudadat_bey_Rafibeyli.jpg\/250px-Khudadat_bey_Rafibeyli.jpg\" alt=\"\"\/><\/a><figcaption class=\"wp-element-caption\">Nigar R\u0259fib\u0259ylinin atas\u0131&nbsp;<a href=\"https:\/\/az.wikipedia.org\/wiki\/Xudadat_b%C9%99y_R%C9%99fib%C9%99yli\">Xudadat b\u0259y R\u0259fib\u0259yli<\/a><\/figcaption><\/figure>\n\n\n\n<p>Nigar R\u0259fib\u0259yli 1913-c\u00fc il&nbsp;<a href=\"https:\/\/az.wikipedia.org\/wiki\/23_iyun\">iyunun 23-d\u0259<\/a>&nbsp;<a href=\"https:\/\/az.wikipedia.org\/wiki\/G%C9%99nc%C9%99\">G\u0259nc\u0259<\/a>&nbsp;\u015f\u0259h\u0259rind\u0259 anadan olmu\u015fdur. Bak\u0131 Pedaqoji Texnikumunu bitirmi\u015fdir (1930). Moskvada Pedaqoji \u0130nstitutda t\u0259hsilini davam etdirmi\u015fdir (1932\u20131936). Bak\u0131 kinostudiyas\u0131nda ssenari \u015f\u00f6b\u0259sind\u0259, eyni zamanda f\u0259hl\u0259-g\u0259ncl\u0259r m\u0259kt\u0259bind\u0259 (1930\u20131932),&nbsp;<a href=\"https:\/\/az.wikipedia.org\/wiki\/Az%C9%99rbaycan_D%C3%B6vl%C9%99t_N%C9%99%C5%9Friyyat%C4%B1\">&#8220;Az\u0259rn\u0259\u015fr&#8221;d\u0259<\/a>&nbsp;b\u0259dii-\u0259d\u0259biyyat \u015f\u00f6b\u0259sind\u0259&nbsp;<a href=\"https:\/\/az.wikipedia.org\/wiki\/T%C9%99rc%C3%BCm%C9%99%C3%A7i\">t\u0259rc\u00fcm\u0259\u00e7i<\/a>&nbsp;v\u0259&nbsp;<a href=\"https:\/\/az.wikipedia.org\/wiki\/Redaktor\">redaktor<\/a>&nbsp;(1931)<sup><a href=\"https:\/\/az.wikipedia.org\/wiki\/Nigar_R%C9%99fib%C9%99yli#cite_note-1\">[1]<\/a><\/sup>, &#8220;U\u015faqg\u0259ncn\u0259\u015fr&#8221;d\u0259 b\u0259dii \u0259d\u0259biyyat \u015f\u00f6b\u0259sind\u0259 redaktor (1937\u20131939) v\u0259zif\u0259l\u0259rind\u0259 i\u015fl\u0259mi\u015fdir. Xidm\u0259tl\u0259rin\u0259 g\u00f6r\u0259&nbsp;<a href=\"https:\/\/az.wikipedia.org\/w\/index.php?title=%C5%9E%C9%99r%C9%99f_ni%C5%9Fan%C4%B1&amp;action=edit&amp;redlink=1\">&#8220;\u015e\u0259r\u0259f&#8221; ni\u015fan\u0131<\/a>, orden v\u0259 medallarla t\u0259ltif olunmu\u015fdur.<\/p>\n\n\n\n<p>&#8220;\u00c7adra&#8221; adl\u0131 ilk \u015feri 1928-ci ild\u0259 &#8220;Dan ulduzu&#8221; jurnal\u0131nda d\u0259rc edilmi\u015fdir.<sup><a href=\"https:\/\/az.wikipedia.org\/wiki\/Nigar_R%C9%99fib%C9%99yli#cite_note-2\">[2]<\/a><\/sup>&nbsp;1934-c\u00fc ild\u0259 n\u0259\u015fr olunmu\u015f ilk &#8220;\u015eerl\u0259r&#8221; kitab\u0131 Az\u0259rbaycan qad\u0131nlar\u0131n\u0131n yeni h\u0259yat quruculu\u011funda i\u015ftirak\u0131ndan b\u0259hs edir. &#8220;Dolores \u0130barruri&#8221; (1936) \u015feri ispan xalq\u0131n\u0131n fa\u015fizm\u0259 qar\u015f\u0131 q\u0259hr\u0259manl\u0131q m\u00fcbariz\u0259sin\u0259 h\u0259sr olunmu\u015fdur. &#8220;C\u0259mil\u0259&#8221; \u015feri \u018flc\u0259zair xalq\u0131n\u0131n milli azadl\u0131q m\u00fcbariz\u0259sin\u0259 h\u0259sr olunmu\u015f q\u00fcvv\u0259tli lirik \u0259s\u0259rl\u0259rd\u0259ndir.<\/p>\n\n\n\n<p><a href=\"https:\/\/az.wikipedia.org\/wiki\/M%C9%99hs%C9%99ti_G%C9%99nc%C9%99vi\">M\u0259hs\u0259ti G\u0259nc\u0259vinin<\/a>&nbsp;<a href=\"https:\/\/az.wikipedia.org\/wiki\/R%C3%BCbai\">r\u00fcbail\u0259rini<\/a>,&nbsp;<a href=\"https:\/\/az.wikipedia.org\/wiki\/Evripid\">Evripidin<\/a>&nbsp;&#8220;\u0130figeniya&#8221;,&nbsp;<a href=\"https:\/\/az.wikipedia.org\/wiki\/Fridrix_%C5%9Eiller\">Fridrix \u015eillerin<\/a>&nbsp;&#8220;M\u0259kr v\u0259 m\u0259h\u0259bb\u0259t&#8221;,&nbsp;<a href=\"https:\/\/az.wikipedia.org\/wiki\/Anton_%C3%87exov\">Anton \u00c7exovun<\/a>&nbsp;&#8220;Vanya day\u0131&#8221;, &#8220;Albal\u0131 ba\u011f\u0131&#8221; dramalar\u0131n\u0131, E. L. Voyni\u00e7in &#8220;Ovod&#8221;, O. Qon\u00e7ar\u0131n &#8220;Bayraqdarlar&#8221; romanlar\u0131n\u0131,&nbsp;<a href=\"https:\/\/az.wikipedia.org\/wiki\/%C6%8Fli%C5%9Fir_N%C9%99vai\">\u018fli\u015fir N\u0259vai<\/a>,&nbsp;<a href=\"https:\/\/az.wikipedia.org\/wiki\/Aleksandr_Pu%C5%9Fkin\">Aleksandr Pu\u015fkin<\/a>,&nbsp;<a href=\"https:\/\/az.wikipedia.org\/wiki\/Mixail_Lermontov\">Mixail Lermontov<\/a>,&nbsp;<a href=\"https:\/\/az.wikipedia.org\/wiki\/Taras_%C5%9Eev%C3%A7enko\">Taras \u015eev\u00e7enko<\/a>, \u015e. Pet\u00f6fi, A. Mitskevi\u00e7, A. Sereteli v\u0259 ba\u015fqalar\u0131n\u0131n \u0259s\u0259rl\u0259rini t\u0259rc\u00fcm\u0259 etmi\u015fdir. \u018fs\u0259rl\u0259ri xarici dill\u0259r\u0259 t\u0259rc\u00fcm\u0259 olunmu\u015fdur.<\/p>\n\n\n\n<p>1981-ci ild\u0259&nbsp;<a href=\"https:\/\/az.wikipedia.org\/wiki\/Bak%C4%B1\">Bak\u0131<\/a>&nbsp;\u015f\u0259h\u0259rind\u0259 v\u0259fat etmi\u015fdir. M\u0259zar\u0131&nbsp;<a href=\"https:\/\/az.wikipedia.org\/wiki\/II_F%C9%99xri_Xiyaban\">II F\u0259xri Xiyabandad\u0131r<\/a>.<\/p>\n\n\n\n<figure class=\"wp-block-image\"><a href=\"https:\/\/commons.wikimedia.org\/wiki\/File:R%C9%99sul_Rza_v%C9%99_Nigar_R%C9%99fib%C9%99ylinin_Bak%C4%B1da_xatir%C9%99_l%C3%B6vh%C9%99si.jpg?uselang=az\"><img decoding=\"async\" src=\"https:\/\/upload.wikimedia.org\/wikipedia\/commons\/thumb\/4\/46\/R%C9%99sul_Rza_v%C9%99_Nigar_R%C9%99fib%C9%99ylinin_Bak%C4%B1da_xatir%C9%99_l%C3%B6vh%C9%99si.jpg\/330px-R%C9%99sul_Rza_v%C9%99_Nigar_R%C9%99fib%C9%99ylinin_Bak%C4%B1da_xatir%C9%99_l%C3%B6vh%C9%99si.jpg\" alt=\"\"\/><\/a><figcaption class=\"wp-element-caption\"><a href=\"https:\/\/az.wikipedia.org\/wiki\/R%C9%99sul_Rza\">R\u0259sul Rza<\/a>&nbsp;v\u0259 Nigar R\u0259fib\u0259ylinin Bak\u0131da xatir\u0259 l\u00f6vh\u0259si (<a href=\"https:\/\/az.wikipedia.org\/wiki\/Bak%C4%B1\">Bak\u0131<\/a>)<\/figcaption><\/figure>\n\n\n\n<h2 class=\"wp-block-heading\" id=\"M\u00fckafatlar\u0131\">M\u00fckafatlar\u0131<\/h2>\n\n\n\n<p>[<a href=\"https:\/\/az.wikipedia.org\/w\/index.php?title=Nigar_R%C9%99fib%C9%99yli&amp;veaction=edit&amp;section=2\">redakt\u0259<\/a>&nbsp;|&nbsp;<a href=\"https:\/\/az.wikipedia.org\/w\/index.php?title=Nigar_R%C9%99fib%C9%99yli&amp;action=edit&amp;section=2\">vikim\u0259tni redakt\u0259 et<\/a>]<\/p>\n\n\n\n<ul class=\"wp-block-list\">\n<li><a href=\"https:\/\/az.wikipedia.org\/wiki\/%22%C5%9E%C9%99r%C9%99f_ni%C5%9Fan%C4%B1%22_ordeni\">&#8220;\u015e\u0259r\u0259f ni\u015fan\u0131&#8221; ordeni<\/a>\u00a0\u2014 9 iyun 1959<\/li>\n\n\n\n<li>&#8220;<a href=\"https:\/\/az.wikipedia.org\/wiki\/Az%C9%99rbaycan_SSR_%C9%99m%C9%99kdar_m%C9%99d%C9%99niyy%C9%99t_i%C5%9F%C3%A7isi\">Az\u0259rbaycan SSR \u0259m\u0259kdar m\u0259d\u0259niyy\u0259t i\u015f\u00e7isi<\/a>&#8221; f\u0259xri ad\u0131 \u2014 21 oktyabr 1967<\/li>\n\n\n\n<li><a href=\"https:\/\/az.wikipedia.org\/wiki\/Az%C9%99rbaycan_SSR_Ali_Sovetinin_F%C9%99xri_f%C9%99rman%C4%B1\">Az\u0259rbaycan SSR Ali Sovetinin F\u0259xri f\u0259rman\u0131<\/a>\u00a0\u2014 28 iyun 1973<sup><a href=\"https:\/\/az.wikipedia.org\/wiki\/Nigar_R%C9%99fib%C9%99yli#cite_note-28.06.1973-3\">[3]<\/a><\/sup><\/li>\n\n\n\n<li>&#8220;<a href=\"https:\/\/az.wikipedia.org\/wiki\/Az%C9%99rbaycan_SSR_xalq_%C5%9Fairi\">Az\u0259rbaycan SSR xalq \u015fair\u0259si<\/a>&#8221; f\u0259xri ad\u0131 \u2014 19 iyun 1981<\/li>\n<\/ul>\n\n\n\n<h2 class=\"wp-block-heading\" id=\"Kitablar\u0131\">Kitablar\u0131<\/h2>\n\n\n\n<p>[<a href=\"https:\/\/az.wikipedia.org\/w\/index.php?title=Nigar_R%C9%99fib%C9%99yli&amp;veaction=edit&amp;section=3\">redakt\u0259<\/a>&nbsp;|&nbsp;<a href=\"https:\/\/az.wikipedia.org\/w\/index.php?title=Nigar_R%C9%99fib%C9%99yli&amp;action=edit&amp;section=3\">vikim\u0259tni redakt\u0259 et<\/a>]<\/p>\n\n\n\n<p><strong>T\u0259bi\u0259t m\u0259nz\u0259r\u0259l\u0259ri, m\u0259n\u0259vi z\u0259nginlik, v\u0259t\u0259np\u0259rv\u0259rlik, s\u00fclh, demokratiya, azadl\u0131q ideyalar\u0131 t\u0259r\u0259nn\u00fcm olunan kitablar\u0131<\/strong><\/p>\n\n\n\n<ul class=\"wp-block-list\">\n<li>\u015eerl\u0259r (1934)<\/li>\n\n\n\n<li>D\u0259nizin s\u0259si g\u0259lir (1964)<\/li>\n\n\n\n<li>\u0130\u015f\u0131ql\u0131 d\u00fcnyam (1969)<\/li>\n\n\n\n<li>G\u00fcn\u0259\u015fd\u0259n g\u0259nclik ist\u0259dim (1974)<\/li>\n\n\n\n<li>H\u0259zin bir ax\u015famda d\u00fc\u015fs\u0259n yad\u0131ma (1982)<\/li>\n\n\n\n<li>\u015eanl\u0131 n\u0259sill\u0259rin yadigar\u0131san (1982)<\/li>\n<\/ul>\n\n\n\n<p><strong>M\u00fcharib\u0259 movzusuna v\u0259 m\u00fcharib\u0259 \u0259leyhin\u0259 h\u0259sr olunan kitablar\u0131<\/strong><\/p>\n\n\n\n<ul class=\"wp-block-list\">\n<li>Z\u0259f\u0259r n\u0259\u011fm\u0259si (1943)<\/li>\n\n\n\n<li>\u015eerl\u0259r (1949)<\/li>\n\n\n\n<li>Analar\u0131n s\u0259si (1951)<\/li>\n\n\n\n<li>Yol xatir\u0259l\u0259ri, Avropa \u0259traf\u0131nda s\u0259yah\u0259t g\u00fcnd\u0259liyind\u0259n (1957)<\/li>\n<\/ul>\n\n\n\n<p><strong>U\u015faqlar \u00fc\u00e7\u00fcn yazd\u0131\u011f\u0131 kitablar<\/strong><\/p>\n\n\n\n<ul class=\"wp-block-list\">\n<li>Balaca q\u0259hr\u0259man (1942)<\/li>\n\n\n\n<li>G\u00fcn\u0259\u015fin cavab\u0131 (1966)<\/li>\n\n\n\n<li>M\u0259stan\u0131n balalar\u0131 (1968)<\/li>\n\n\n\n<li>Biz\u0259 bahar yara\u015f\u0131r (1978)<\/li>\n<\/ul>\n\n\n\n<h2 class=\"wp-block-heading\" id=\"\u0130stinadlar\">\u0130stinadlar<\/h2>\n\n\n\n<p>[<a href=\"https:\/\/az.wikipedia.org\/w\/index.php?title=Nigar_R%C9%99fib%C9%99yli&amp;veaction=edit&amp;section=4\">redakt\u0259<\/a>&nbsp;|&nbsp;<a href=\"https:\/\/az.wikipedia.org\/w\/index.php?title=Nigar_R%C9%99fib%C9%99yli&amp;action=edit&amp;section=4\">vikim\u0259tni redakt\u0259 et<\/a>]<\/p>\n\n\n\n<ol class=\"wp-block-list\">\n<li><a href=\"https:\/\/az.wikipedia.org\/wiki\/Nigar_R%C9%99fib%C9%99yli#cite_ref-1\">\u2191<\/a>\u00a0<em>M\u0259d\u0259niyy\u0259t TV.\u00a0<\/em><a href=\"https:\/\/www.youtube.com\/watch?v=x5_ZzmceZFI\">&#8220;Nigar R\u0259fib\u0259yli \u2013 110: \u0259d\u0259biyyat\u0131m\u0131zda z\u0259rif m\u0259h\u0259bb\u0259t lirikas\u0131n\u0131n ustas\u0131&#8221;<\/a>\u00a0(az.).\u00a0<a href=\"https:\/\/youtube.com\/\">Youtube.com<\/a>. 30.06.2023.\u00a0<small>2023-06-30 tarixind\u0259\u00a0<a href=\"https:\/\/web.archive.org\/web\/20230630195847\/https:\/\/www.youtube.com\/watch?v=x5_ZzmceZFI\">arxivl\u0259\u015fdirilib<\/a><\/small>.\u00a0<small>\u0130stifad\u0259 tarixi:\u00a02023-06-30<\/small>.<\/li>\n\n\n\n<li><a href=\"https:\/\/az.wikipedia.org\/wiki\/Nigar_R%C9%99fib%C9%99yli#cite_ref-2\">\u2191<\/a>\u00a0<em><a href=\"https:\/\/az.wikipedia.org\/wiki\/Az%C9%99rTAc\">Az\u0259rTAc<\/a>.\u00a0<\/em><a href=\"https:\/\/azertag.az\/xeber\/bu_gun_xalq_sairi_nigar_refibeylinin_dogum_gunudur-3065610\">&#8220;Bu g\u00fcn Xalq \u015fairi Nigar R\u0259fib\u0259ylinin do\u011fum g\u00fcn\u00fcd\u00fcr&#8221;<\/a>\u00a0(az.).\u00a0<a href=\"https:\/\/azertag.az\/\">Az\u0259rTAc<\/a>. 23.06.2024.\u00a0<small>2024-06-23 tarixind\u0259\u00a0<a href=\"https:\/\/web.archive.org\/web\/20240623074503\/https:\/\/azertag.az\/xeber\/bu_gun_xalq_sairi_nigar_refibeylinin_dogum_gunudur-3065610\">arxivl\u0259\u015fdirilib<\/a><\/small>.\u00a0<small>\u0130stifad\u0259 tarixi:\u00a02024-06-23<\/small>.<\/li>\n\n\n\n<li><a href=\"https:\/\/az.wikipedia.org\/wiki\/Nigar_R%C9%99fib%C9%99yli#cite_ref-28.06.1973_3-0\">\u2191<\/a>\u00a0<a href=\"http:\/\/www.anl.az\/down\/he_serencamlar.pdf\">\u015eair\u0259 N. X. R\u0259fib\u0259ylinin Az\u0259rbaycan SSR Ali Sovetinin F\u0259xri f\u0259rman\u0131 il\u0259 t\u0259ltif edilm\u0259si haqq\u0131nda Az\u0259rbaycan SSR Ali Soveti R\u0259yas\u0259t Hey\u0259tinin 28 iyun 1973-c\u00fc il tarixli\u00a0<strong>F\u0259rman\u0131<\/strong><\/a>\u00a0<a href=\"https:\/\/web.archive.org\/web\/20200116071306\/http:\/\/www.anl.az\/down\/he_serencamlar.pdf\">Arxivl\u0259\u015fdirilib<\/a>\u00a02020-01-16 at the\u00a0<a href=\"https:\/\/az.wikipedia.org\/wiki\/Wayback_Machine\">Wayback Machine<\/a>\u00a0\u2014\u00a0<strong>anl.az<\/strong>\u00a0sayt\u0131<\/li>\n<\/ol>\n\n\n\n<h2 class=\"wp-block-heading\" id=\"Xarici_ke\u00e7idl\u0259r\">Xarici ke\u00e7idl\u0259r<\/h2>\n\n\n\n<p>[<a href=\"https:\/\/az.wikipedia.org\/w\/index.php?title=Nigar_R%C9%99fib%C9%99yli&amp;veaction=edit&amp;section=5\">redakt\u0259<\/a>&nbsp;|&nbsp;<a href=\"https:\/\/az.wikipedia.org\/w\/index.php?title=Nigar_R%C9%99fib%C9%99yli&amp;action=edit&amp;section=5\">vikim\u0259tni redakt\u0259 et<\/a>]<\/p>\n\n\n\n<h3 class=\"wp-block-heading\" id=\"\u015eeirl\u0259rin\u0259_yaz\u0131lm\u0131\u015f_mahn\u0131lar\">\u015eeirl\u0259rin\u0259 yaz\u0131lm\u0131\u015f mahn\u0131lar<\/h3>\n\n\n\n<p>[<a href=\"https:\/\/az.wikipedia.org\/w\/index.php?title=Nigar_R%C9%99fib%C9%99yli&amp;veaction=edit&amp;section=6\">redakt\u0259<\/a>&nbsp;|&nbsp;<a href=\"https:\/\/az.wikipedia.org\/w\/index.php?title=Nigar_R%C9%99fib%C9%99yli&amp;action=edit&amp;section=6\">vikim\u0259tni redakt\u0259 et<\/a>]<\/p>\n\n\n\n<ul class=\"wp-block-list\">\n<li><a href=\"https:\/\/www.youtube.com\/watch?v=cEL1iumHq-4\">\u015e\u00f6vk\u0259t \u018fl\u0259kb\u0259rova \u2014 G\u00fcll\u0259r<\/a>\u00a0\u2014 musiqi:\u00a0<a href=\"https:\/\/az.wikipedia.org\/wiki\/Emin_Sabito%C4%9Flu\">Emin Sabito\u011flu<\/a><\/li>\n\n\n\n<li><a href=\"https:\/\/www.youtube.com\/watch?v=e0GHE2q4LE0\">Akif \u0130slamzad\u0259 \u2014 Ala g\u00f6zl\u00fcm<\/a>\u00a0\u2014 musiqi: Emin Sabito\u011flu<\/li>\n\n\n\n<li><a href=\"https:\/\/www.youtube.com\/watch?v=kzgd3QvxU2U\">Zeyn\u0259b Xanlarova \u2014 Da\u011flar\u0131 duman alanda<\/a>\u00a0\u2014 musiqi: Emin Sabito\u011flu<\/li>\n\n\n\n<li><a href=\"https:\/\/www.youtube.com\/watch?v=BqRD2yMF4tQ\">X\u0259dic\u0259 Abbasova \u2014 Aman ayr\u0131l\u0131q<\/a>\u00a0\u2014 musiqi: Emin Sabito\u011flu<\/li>\n<\/ul>\n\n\n\n<h3 class=\"wp-block-heading\" id=\"Dig\u0259r\">Dig\u0259r<\/h3>\n\n\n\n<p>[<a href=\"https:\/\/az.wikipedia.org\/w\/index.php?title=Nigar_R%C9%99fib%C9%99yli&amp;veaction=edit&amp;section=7\">redakt\u0259<\/a>&nbsp;|&nbsp;<a href=\"https:\/\/az.wikipedia.org\/w\/index.php?title=Nigar_R%C9%99fib%C9%99yli&amp;action=edit&amp;section=7\">vikim\u0259tni redakt\u0259 et<\/a>]<\/p>\n\n\n\n<ul class=\"wp-block-list\">\n<li><a href=\"http:\/\/www.musigi-dunya.az\/new\/list.asp?dsk=32&amp;num=48\">N. R\u0259fib\u0259ylinin v\u0259 R. Rzan\u0131n \u015feirl\u0259ri v\u0259 \u015feirl\u0259rin\u0259 mahn\u0131lar diski<\/a><\/li>\n\n\n\n<li><a href=\"http:\/\/www.anar.az\/az\/nigar.htm\">R\u0259sulun Nigar\u0131<\/a>\u00a0<a href=\"https:\/\/web.archive.org\/web\/20071006083044\/http:\/\/www.anar.az\/az\/nigar.htm\">Arxivl\u0259\u015fdirilib<\/a>\u00a02007-10-06 at the\u00a0<a href=\"https:\/\/az.wikipedia.org\/wiki\/Wayback_Machine\">Wayback Machine<\/a><\/li>\n\n\n\n<li><a href=\"https:\/\/www.youtube.com\/watch?v=4HVLygHkNZg\">R\u0259sul Rza v\u0259 Nigar R\u0259fib\u0259ylinin u\u015faq \u015feirl\u0259rinin yeni n\u0259\u015fri t\u0259qdim olunub<\/a><\/li>\n<\/ul>\n","protected":false},"excerpt":{"rendered":"<p>Nigar Xudadat q\u0131z\u0131 R\u0259fib\u0259yli&nbsp;(23 iyun&nbsp;1913,&nbsp;Yelizavetpol&nbsp;\u2013&nbsp;9 iyul&nbsp;1981,&nbsp;Bak\u0131) \u2014&nbsp;az\u0259rbaycanl\u0131&nbsp;\u015fair, t\u0259rc\u00fcm\u0259\u00e7i,&nbsp;1934-c\u00fc ild\u0259n&nbsp;Az\u0259rbaycan Yaz\u0131\u00e7\u0131lar Birliyinin&nbsp;\u00fczv\u00fc, Az\u0259rbaycan SSR xalq \u015fair\u0259si (1981), Az\u0259rbaycan SSR \u0259m\u0259kdar m\u0259d\u0259niyy\u0259t i\u015f\u00e7isi (1967). H\u0259yat\u0131 [redakt\u0259&nbsp;|&nbsp;vikim\u0259tni redakt\u0259 et] Nigar R\u0259fib\u0259yli 1913-c\u00fc il&nbsp;iyunun 23-d\u0259&nbsp;G\u0259nc\u0259&nbsp;\u015f\u0259h\u0259rind\u0259 anadan olmu\u015fdur. Bak\u0131 Pedaqoji Texnikumunu bitirmi\u015fdir (1930). Moskvada Pedaqoji \u0130nstitutda t\u0259hsilini davam etdirmi\u015fdir (1932\u20131936). Bak\u0131 kinostudiyas\u0131nda ssenari \u015f\u00f6b\u0259sind\u0259, eyni zamanda f\u0259hl\u0259-g\u0259ncl\u0259r m\u0259kt\u0259bind\u0259 (1930\u20131932),&nbsp;&#8220;Az\u0259rn\u0259\u015fr&#8221;d\u0259&nbsp;b\u0259dii-\u0259d\u0259biyyat \u015f\u00f6b\u0259sind\u0259&nbsp;t\u0259rc\u00fcm\u0259\u00e7i&nbsp;v\u0259&nbsp;redaktor&nbsp;(1931)[1], [&hellip;]<\/p>\n","protected":false},"author":2,"featured_media":0,"comment_status":"open","ping_status":"open","sticky":false,"template":"","format":"standard","meta":{"footnotes":""},"categories":[49],"tags":[],"class_list":["post-49612","post","type-post","status-publish","format-standard","hentry","category-medeniyyat"],"_links":{"self":[{"href":"http:\/\/edebiyyat-az.com\/index.php?rest_route=\/wp\/v2\/posts\/49612","targetHints":{"allow":["GET"]}}],"collection":[{"href":"http:\/\/edebiyyat-az.com\/index.php?rest_route=\/wp\/v2\/posts"}],"about":[{"href":"http:\/\/edebiyyat-az.com\/index.php?rest_route=\/wp\/v2\/types\/post"}],"author":[{"embeddable":true,"href":"http:\/\/edebiyyat-az.com\/index.php?rest_route=\/wp\/v2\/users\/2"}],"replies":[{"embeddable":true,"href":"http:\/\/edebiyyat-az.com\/index.php?rest_route=%2Fwp%2Fv2%2Fcomments&post=49612"}],"version-history":[{"count":1,"href":"http:\/\/edebiyyat-az.com\/index.php?rest_route=\/wp\/v2\/posts\/49612\/revisions"}],"predecessor-version":[{"id":49616,"href":"http:\/\/edebiyyat-az.com\/index.php?rest_route=\/wp\/v2\/posts\/49612\/revisions\/49616"}],"wp:attachment":[{"href":"http:\/\/edebiyyat-az.com\/index.php?rest_route=%2Fwp%2Fv2%2Fmedia&parent=49612"}],"wp:term":[{"taxonomy":"category","embeddable":true,"href":"http:\/\/edebiyyat-az.com\/index.php?rest_route=%2Fwp%2Fv2%2Fcategories&post=49612"},{"taxonomy":"post_tag","embeddable":true,"href":"http:\/\/edebiyyat-az.com\/index.php?rest_route=%2Fwp%2Fv2%2Ftags&post=49612"}],"curies":[{"name":"wp","href":"https:\/\/api.w.org\/{rel}","templated":true}]}}