{"id":49976,"date":"2025-11-15T11:09:14","date_gmt":"2025-11-15T07:09:14","guid":{"rendered":"https:\/\/edebiyyat-az.com\/?p=49976"},"modified":"2025-11-15T11:09:14","modified_gmt":"2025-11-15T07:09:14","slug":"imislid%c9%99-s%c9%99hid-mayor-emin-suleymanovun-anim-gunu-v%c9%99-ona-h%c9%99sr-olunmus-kitabin-t%c9%99qdimat-m%c9%99rasimi-kecirilib","status":"publish","type":"post","link":"http:\/\/edebiyyat-az.com\/?p=49976","title":{"rendered":"\u0130mi\u015flid\u0259 \u015f\u0259hid mayor Emin S\u00fcleymanovun an\u0131m g\u00fcn\u00fc v\u0259 ona h\u0259sr olunmu\u015f kitab\u0131n t\u0259qdimat m\u0259rasimi ke\u00e7irilib"},"content":{"rendered":"\n<figure class=\"wp-block-image size-large\"><a href=\"https:\/\/edebiyyat-az.com\/wp-content\/uploads\/2025\/11\/101913.jpg\"><img loading=\"lazy\" decoding=\"async\" width=\"1024\" height=\"682\" src=\"https:\/\/edebiyyat-az.com\/wp-content\/uploads\/2025\/11\/101913-1024x682.jpg\" alt=\"\" class=\"wp-image-49977\" srcset=\"http:\/\/edebiyyat-az.com\/wp-content\/uploads\/2025\/11\/101913-1024x682.jpg 1024w, http:\/\/edebiyyat-az.com\/wp-content\/uploads\/2025\/11\/101913-300x200.jpg 300w, http:\/\/edebiyyat-az.com\/wp-content\/uploads\/2025\/11\/101913-768x512.jpg 768w, http:\/\/edebiyyat-az.com\/wp-content\/uploads\/2025\/11\/101913-1536x1023.jpg 1536w, http:\/\/edebiyyat-az.com\/wp-content\/uploads\/2025\/11\/101913.jpg 1600w\" sizes=\"auto, (max-width: 1024px) 100vw, 1024px\" \/><\/a><\/figure>\n\n\n\n<figure class=\"wp-block-image size-large\"><a href=\"https:\/\/edebiyyat-az.com\/wp-content\/uploads\/2025\/11\/101903.jpg\"><img loading=\"lazy\" decoding=\"async\" width=\"1024\" height=\"682\" src=\"https:\/\/edebiyyat-az.com\/wp-content\/uploads\/2025\/11\/101903-1024x682.jpg\" alt=\"\" class=\"wp-image-49978\" srcset=\"http:\/\/edebiyyat-az.com\/wp-content\/uploads\/2025\/11\/101903-1024x682.jpg 1024w, http:\/\/edebiyyat-az.com\/wp-content\/uploads\/2025\/11\/101903-300x200.jpg 300w, http:\/\/edebiyyat-az.com\/wp-content\/uploads\/2025\/11\/101903-768x512.jpg 768w, http:\/\/edebiyyat-az.com\/wp-content\/uploads\/2025\/11\/101903-1536x1023.jpg 1536w, http:\/\/edebiyyat-az.com\/wp-content\/uploads\/2025\/11\/101903.jpg 1600w\" sizes=\"auto, (max-width: 1024px) 100vw, 1024px\" \/><\/a><\/figure>\n\n\n\n<p>Noyabr\u0131n 13-d\u0259 \u0130mi\u015fli rayonunda V\u0259t\u0259n M\u00fcharib\u0259si \u015f\u0259hidi, mayor Emin S\u00fcleymanovun \u0130mi\u015fli Rayon Heyd\u0259r \u018fliyev M\u0259rk\u0259zind\u0259 an\u0131m g\u00fcn\u00fc qeyd olunub. An\u0131m m\u0259rasimi \u00e7\u0259r\u00e7iv\u0259sind\u0259 Prezident t\u0259qa\u00fcd\u00e7\u00fcs\u00fc, yaz\u0131\u00e7\u0131, publisist \u015eahan\u0259 M\u00fc\u015ffiqin \u015f\u0259hidin xatir\u0259sin\u0259 h\u0259sr etdiyi \u201cQutsal Yol\u00e7u\u201d kitab\u0131 da t\u0259qdim olunub.T\u0259dbird\u0259 \u0130mi\u015fli Rayon \u0130cra Hakimiyy\u0259ti ba\u015f\u00e7\u0131s\u0131n\u0131n birinci m\u00fcavini Mirz\u0259 Quliyev, YAP \u0130mi\u015fli rayon t\u0259\u015fkilat\u0131n\u0131n s\u0259dri S\u0259fa A\u011fayev, \u015f\u0259hidimizin do\u011fmalar\u0131 v\u0259 rayon ictimaiyy\u0259tinin n\u00fcmay\u0259nd\u0259l\u0259ri i\u015ftirak edibl\u0259r.\u018fvv\u0259lc\u0259 t\u0259dbir i\u015ftirak\u00e7\u0131lar\u0131 \u015f\u0259hid mayor Emin S\u00fcleymanovun xatir\u0259sin\u0259 h\u0259sr olunmu\u015f gu\u015f\u0259 il\u0259 tan\u0131\u015f olublar. Burada \u015f\u0259hidin portretl\u0259ri, h\u0259rbi geyimi, \u015f\u0259xsi \u0259\u015fyalar\u0131 v\u0259 d\u00f6y\u00fc\u015f yolunu \u0259ks etdir\u0259n materiallar n\u00fcmayi\u015f etdirilib.T\u0259dbir Az\u0259rbaycan\u0131n \u0259razi b\u00fct\u00f6vl\u00fcy\u00fc u\u011frunda canlar\u0131n\u0131 f\u0259da etmi\u015f b\u00fct\u00fcn \u015f\u0259hidl\u0259rimizin \u0259ziz xatir\u0259sinin bir d\u0259qiq\u0259lik s\u00fckutla yad edilm\u0259si il\u0259 ba\u015flay\u0131b. Ard\u0131nca \u015f\u0259hid mayor Emin S\u00fcleymanovun h\u0259yat v\u0259 d\u00f6y\u00fc\u015f yolunu \u0259ks etdir\u0259n video\u00e7arx n\u00fcmayi\u015f etdirilib. Sonra \u00e7\u0131x\u0131\u015flar dinl\u0259nilib, \u00e7\u0131x\u0131\u015f ed\u0259nl\u0259r \u015f\u0259hidin V\u0259t\u0259n qar\u015f\u0131s\u0131nda g\u00f6st\u0259rdiyi igidlik, f\u0259dakarl\u0131q v\u0259 \u015f\u00fcca\u0259td\u0259n b\u0259hs ed\u0259r\u0259k, onun xatir\u0259sinin daim ehtiramla an\u0131ld\u0131\u011f\u0131n\u0131 vur\u011fulay\u0131blar. Emin S\u00fcleymanovun anas\u0131 Tamara S\u00fcleymanova, b\u00f6y\u00fck qarda\u015f\u0131 1-ci  Qaraba\u011f m\u00fcharib\u0259si veteran\u0131 Mehman S\u00fcleymanov, o\u011flu B\u0259hm\u0259n S\u00fcleymanov, kursan yolda\u015f\u0131 Fuad C\u0259f\u0259rov, V\u0259t\u0259n m\u00fcharib\u0259si \u015f\u0259hidi 2 Qaraba\u011f m\u00fcharib\u0259sinin \u015e\u0259hidi Cavid S\u0259f\u0259rlinin anas\u0131 Xatir\u0259 xan\u0131m v\u0259 ba\u015fqalar\u0131 \u00e7\u0131x\u0131\u015f ed\u0259r\u0259k, \u015f\u0259hid haqq\u0131nda xatir\u0259l\u0259rini b\u00f6l\u00fc\u015f\u00fcbl\u0259r, onun q\u0259hr\u0259manl\u0131q salnam\u0259sinin g\u0259nc n\u0259sil \u00fc\u00e7\u00fcn d\u0259y\u0259rli \u00f6rn\u0259k oldu\u011funu v\u0259 ke\u00e7diyi \u015f\u0259r\u0259fli yolun h\u0259r bir v\u0259t\u0259nda\u015f \u00fc\u00e7\u00fcn q\u00fcrur m\u0259nb\u0259yi oldu\u011funu deyibl\u0259r. H\u0259m\u00e7inin, onlar \u015f\u0259hid ail\u0259sin\u0259 g\u00f6st\u0259ril\u0259n diqq\u0259t v\u0259 qay\u011f\u0131ya g\u00f6r\u0259 minn\u0259tdarl\u0131qlar\u0131n\u0131 ifad\u0259 edibl\u0259r.Daha sonra yaz\u0131\u00e7\u0131-publisist \u015eahan\u0259 M\u00fc\u015ffiqin \u015f\u0259hidin h\u0259yat v\u0259 d\u00f6y\u00fc\u015f yoluna h\u0259sr etdiyi \u201cQutsal Yol\u00e7u\u201d kitab\u0131 t\u0259qdim olunub. Qeyd edilib ki, kitab \u015f\u0259hidimizin \u00f6m\u00fcr yolunu, d\u00f6y\u00fc\u015fl\u0259rd\u0259 g\u00f6st\u0259rdiyi igidliyi v\u0259 V\u0259t\u0259n\u0259 s\u0259daq\u0259tini \u00f6z\u00fcnd\u0259 \u0259ks etdirir.<\/p>\n\n\n\n<p><\/p>\n","protected":false},"excerpt":{"rendered":"<p>Noyabr\u0131n 13-d\u0259 \u0130mi\u015fli rayonunda V\u0259t\u0259n M\u00fcharib\u0259si \u015f\u0259hidi, mayor Emin S\u00fcleymanovun \u0130mi\u015fli Rayon Heyd\u0259r \u018fliyev M\u0259rk\u0259zind\u0259 an\u0131m g\u00fcn\u00fc qeyd olunub. An\u0131m m\u0259rasimi \u00e7\u0259r\u00e7iv\u0259sind\u0259 Prezident t\u0259qa\u00fcd\u00e7\u00fcs\u00fc, yaz\u0131\u00e7\u0131, publisist \u015eahan\u0259 M\u00fc\u015ffiqin \u015f\u0259hidin xatir\u0259sin\u0259 h\u0259sr etdiyi \u201cQutsal Yol\u00e7u\u201d kitab\u0131 da t\u0259qdim olunub.T\u0259dbird\u0259 \u0130mi\u015fli Rayon \u0130cra Hakimiyy\u0259ti ba\u015f\u00e7\u0131s\u0131n\u0131n birinci m\u00fcavini Mirz\u0259 Quliyev, YAP \u0130mi\u015fli rayon t\u0259\u015fkilat\u0131n\u0131n s\u0259dri S\u0259fa A\u011fayev, \u015f\u0259hidimizin [&hellip;]<\/p>\n","protected":false},"author":2,"featured_media":0,"comment_status":"open","ping_status":"open","sticky":false,"template":"","format":"standard","meta":{"footnotes":""},"categories":[1],"tags":[154,151],"class_list":["post-49976","post","type-post","status-publish","format-standard","hentry","category-home","tag-imisli","tag-shid-natiq-ismayilov"],"_links":{"self":[{"href":"http:\/\/edebiyyat-az.com\/index.php?rest_route=\/wp\/v2\/posts\/49976","targetHints":{"allow":["GET"]}}],"collection":[{"href":"http:\/\/edebiyyat-az.com\/index.php?rest_route=\/wp\/v2\/posts"}],"about":[{"href":"http:\/\/edebiyyat-az.com\/index.php?rest_route=\/wp\/v2\/types\/post"}],"author":[{"embeddable":true,"href":"http:\/\/edebiyyat-az.com\/index.php?rest_route=\/wp\/v2\/users\/2"}],"replies":[{"embeddable":true,"href":"http:\/\/edebiyyat-az.com\/index.php?rest_route=%2Fwp%2Fv2%2Fcomments&post=49976"}],"version-history":[{"count":1,"href":"http:\/\/edebiyyat-az.com\/index.php?rest_route=\/wp\/v2\/posts\/49976\/revisions"}],"predecessor-version":[{"id":49979,"href":"http:\/\/edebiyyat-az.com\/index.php?rest_route=\/wp\/v2\/posts\/49976\/revisions\/49979"}],"wp:attachment":[{"href":"http:\/\/edebiyyat-az.com\/index.php?rest_route=%2Fwp%2Fv2%2Fmedia&parent=49976"}],"wp:term":[{"taxonomy":"category","embeddable":true,"href":"http:\/\/edebiyyat-az.com\/index.php?rest_route=%2Fwp%2Fv2%2Fcategories&post=49976"},{"taxonomy":"post_tag","embeddable":true,"href":"http:\/\/edebiyyat-az.com\/index.php?rest_route=%2Fwp%2Fv2%2Ftags&post=49976"}],"curies":[{"name":"wp","href":"https:\/\/api.w.org\/{rel}","templated":true}]}}