{"id":50025,"date":"2025-11-26T09:00:00","date_gmt":"2025-11-26T05:00:00","guid":{"rendered":"https:\/\/edebiyyat-az.com\/?p=50025"},"modified":"2025-11-28T07:43:42","modified_gmt":"2025-11-28T03:43:42","slug":"k%c9%99lb%c9%99c%c9%99rin-r%c9%99ngi-s%c9%99si-v%c9%99-yaddasi-s%c9%99n%c9%99t-s%c9%99h%c9%99rin-n%c9%99f%c9%99sin%c9%99-qarisdi","status":"publish","type":"post","link":"http:\/\/edebiyyat-az.com\/?p=50025","title":{"rendered":"K\u0259lb\u0259c\u0259rin r\u0259ngi, s\u0259si v\u0259 yadda\u015f\u0131 \u2013 s\u0259n\u0259t \u015f\u0259h\u0259rin n\u0259f\u0259sin\u0259 qar\u0131\u015fd\u0131"},"content":{"rendered":"\n<figure class=\"wp-block-image size-large\"><img decoding=\"async\" src=\"https:\/\/admin.culture.gov.az\/storage\/uploads\/newsImage\/9lV1GPYiEvktu5YD8ei1.1764158280.jpeg\" alt=\"\"\/><\/figure>\n\n\n\n<p>\u015e\u0259h\u0259r G\u00fcn\u00fc \u00e7\u0259r\u00e7iv\u0259sind\u0259 noyabr\u0131n 25-d\u0259 K\u0259lb\u0259c\u0259rin m\u0259rk\u0259zi meydan\u0131nda m\u00fcxt\u0259lif s\u0259pkili s\u0259rgil\u0259r t\u0259\u015fkil olunub.\u00a0<br>M\u0259d\u0259niyy\u0259t naziri Adil K\u0259rimli, K\u0259lb\u0259c\u0259r rayonunda Az\u0259rbaycan Respublikas\u0131 Prezidentinin x\u00fcsusi n\u00fcmay\u0259nd\u0259si B\u0259\u015fir Hac\u0131yev, dig\u0259r r\u0259smil\u0259r v\u0259 \u015f\u0259h\u0259r sakinl\u0259ri s\u0259rgil\u0259rl\u0259 tan\u0131\u015f olublar.<br>Qonaqlara s\u0259rgil\u0259r haqq\u0131nda \u0259trafl\u0131 m\u0259lumat verilib. Qeyd olunub ki, Az\u0259rbaycan Fotoqraflar Birliyinin t\u0259\u015fkil etdiyi \u201cK\u0259lb\u0259c\u0259r \u2013 obyektivd\u0259n tarix\u0259\u201d adl\u0131 fotos\u0259rgid\u0259 qurumun \u00fczv\u00fc olan fotoqraflar\u0131n K\u0259lb\u0259c\u0259r\u0259 h\u0259sr edil\u0259n \u0259s\u0259rl\u0259ri yer al\u0131b. Fotolarda K\u0259lb\u0259c\u0259rin i\u015f\u011faldan \u0259vv\u0259lki v\u0259 sonrak\u0131 d\u00f6vl\u0259ri, f\u00fcsunkar t\u0259bi\u0259t m\u0259nz\u0259r\u0259l\u0259ri, tarixi abid\u0259l\u0259ri, el\u0259c\u0259 d\u0259 44 g\u00fcnl\u00fck V\u0259t\u0259n m\u00fcharib\u0259si v\u0259 birg\u00fcnl\u00fck antiterror \u0259m\u0259liyyat\u0131 il\u0259 i\u015f\u011faldan azad edilmi\u015f \u0259razil\u0259rd\u0259 apar\u0131lan b\u0259rpa v\u0259 quruculuq i\u015fl\u0259ri \u0259ksini tap\u0131b. S\u0259rgi K\u0259lb\u0259c\u0259rin ke\u00e7mi\u015fi, bu g\u00fcn\u00fc v\u0259 parlaq g\u0259l\u0259c\u0259yi aras\u0131nda canl\u0131 k\u00f6rp\u00fc yaradan vizual hekay\u0259l\u0259rl\u0259 ziyar\u0259t\u00e7il\u0259r\u0259 tarixin \u015fahidi olmaq imkan\u0131 yarad\u0131r.<br>S\u0259rgid\u0259 44 g\u00fcnl\u00fck V\u0259t\u0259n m\u00fcharib\u0259sini simvoliz\u0259 ed\u0259n 44 foto n\u00fcmayi\u015f olunur.<br>Az\u0259rbaycan Milli Xal\u00e7a Muzeyinin \u201cYadda\u015f\u201d adl\u0131 s\u0259rgisind\u0259 muzeyin kolleksiyas\u0131ndan Qaraba\u011f v\u0259 K\u0259lb\u0259c\u0259r xal\u00e7a\u00e7\u0131l\u0131q m\u0259kt\u0259binin nadir n\u00fcmun\u0259l\u0259ri t\u0259qdim edilir. S\u0259rgi, x\u00fcsusil\u0259, k\u00f6\u00e7\u0259ri h\u0259yat s\u00fcr\u0259n, heyvandarl\u0131qla m\u0259\u015f\u011ful olan \u0259halinin m\u0259i\u015f\u0259tini \u0259ks etdir\u0259n ala\u00e7\u0131q interyerini canland\u0131r\u0131r. N\u00fcmayi\u015f olunan eksponatlar b\u00f6lg\u0259nin q\u0259dim etnoqrafik x\u00fcsusiyy\u0259tl\u0259rini v\u0259 m\u0259d\u0259ni kodunu diqq\u0259t\u0259 \u00e7atd\u0131r\u0131r.\u00a0<br>\u201cK\u0259lb\u0259c\u0259rin palitras\u0131 \u2013 r\u0259sml\u0259rd\u0259n boylanan z\u0259nginlik&#8221; adl\u0131 s\u0259rgid\u0259 M\u0259d\u0259niyy\u0259t Nazirliyinin t\u0259\u015f\u0259bb\u00fcs\u00fc il\u0259 yerli r\u0259ssamlar\u0131n K\u0259lb\u0259c\u0259r\u0259 t\u0259\u015fkil edilmi\u015f s\u0259f\u0259rl\u0259ri zaman\u0131 \u0259rs\u0259y\u0259 g\u0259tiril\u0259n \u0259l i\u015fl\u0259ri n\u00fcmayi\u015f olunur. R\u0259sml\u0259rd\u0259 K\u0259lb\u0259c\u0259rin \u0259srar\u0259ngiz t\u0259bi\u0259ti, q\u0259dim tarixi, azad g\u00fcnl\u0259ri v\u0259 Q\u0259l\u0259b\u0259 ruhu r\u0259ngl\u0259rin dili il\u0259 ifad\u0259 edilib.<br>S\u0259rgi m\u0259kan\u0131nda xalq s\u0259n\u0259tkarl\u0131\u011f\u0131 n\u00fcmun\u0259l\u0259ri d\u0259 t\u0259qdim olunub. Bu sah\u0259 haz\u0131rda q\u0259dim s\u0259n\u0259t \u0259n\u0259n\u0259l\u0259ri \u00fcz\u0259rind\u0259 inki\u015faf edir. Burada taxta \u00fcz\u0259rind\u0259 oyma, x\u0259t\u0259mkarl\u0131q v\u0259 ke\u00e7\u0259 s\u0259n\u0259ti ustalar\u0131n\u0131n \u0259l i\u015fl\u0259ri t\u0259qdim edilir. Eyni zamanda s\u0259rgi m\u0259kan\u0131nda s\u0259n\u0259tkarlar b\u0259zi n\u00fcmun\u0259l\u0259rin haz\u0131rlanmas\u0131n\u0131 \u0259yani \u015f\u0259kild\u0259 n\u00fcmayi\u015f etdiribl\u0259r.<br>T\u0259dbir \u00e7\u0259r\u00e7iv\u0259sind\u0259 k\u0259lb\u0259c\u0259rli u\u015faqlar \u00fc\u00e7\u00fcn r\u0259sm \u00fczr\u0259 ustad d\u0259rsl\u0259ri d\u0259 t\u0259\u015fkil olunub. \u0130\u015ftirak\u00e7\u0131lar K\u0259lb\u0259c\u0259rin ecazkar m\u0259nz\u0259r\u0259l\u0259rini k\u0259tan \u00fcz\u0259rin\u0259 k\u00f6\u00e7\u00fcr\u00fcbl\u0259r. Pe\u015f\u0259kar r\u0259ssamlar s\u0259n\u0259tin sirl\u0259rini onlarla b\u00f6l\u00fc\u015f\u00fcb, \u00f6z t\u00f6vsiy\u0259l\u0259rini veribl\u0259r.<br>Qonaqlar daha sonra milli m\u0259tb\u0259x n\u00fcmun\u0259l\u0259rimizin dad\u0131na bax\u0131blar.<\/p>\n\n\n\n<p>M\u0259nb\u0259: <a href=\"https:\/\/culture.gov.az\/\">https:\/\/culture.gov.az\/<\/a><\/p>\n","protected":false},"excerpt":{"rendered":"<p>\u015e\u0259h\u0259r G\u00fcn\u00fc \u00e7\u0259r\u00e7iv\u0259sind\u0259 noyabr\u0131n 25-d\u0259 K\u0259lb\u0259c\u0259rin m\u0259rk\u0259zi meydan\u0131nda m\u00fcxt\u0259lif s\u0259pkili s\u0259rgil\u0259r t\u0259\u015fkil olunub.\u00a0M\u0259d\u0259niyy\u0259t naziri Adil K\u0259rimli, K\u0259lb\u0259c\u0259r rayonunda Az\u0259rbaycan Respublikas\u0131 Prezidentinin x\u00fcsusi n\u00fcmay\u0259nd\u0259si B\u0259\u015fir Hac\u0131yev, dig\u0259r r\u0259smil\u0259r v\u0259 \u015f\u0259h\u0259r sakinl\u0259ri s\u0259rgil\u0259rl\u0259 tan\u0131\u015f olublar.Qonaqlara s\u0259rgil\u0259r haqq\u0131nda \u0259trafl\u0131 m\u0259lumat verilib. Qeyd olunub ki, Az\u0259rbaycan Fotoqraflar Birliyinin t\u0259\u015fkil etdiyi \u201cK\u0259lb\u0259c\u0259r \u2013 obyektivd\u0259n tarix\u0259\u201d adl\u0131 fotos\u0259rgid\u0259 qurumun \u00fczv\u00fc olan [&hellip;]<\/p>\n","protected":false},"author":2,"featured_media":0,"comment_status":"open","ping_status":"open","sticky":false,"template":"","format":"standard","meta":{"footnotes":""},"categories":[49],"tags":[],"class_list":["post-50025","post","type-post","status-publish","format-standard","hentry","category-medeniyyat"],"_links":{"self":[{"href":"http:\/\/edebiyyat-az.com\/index.php?rest_route=\/wp\/v2\/posts\/50025","targetHints":{"allow":["GET"]}}],"collection":[{"href":"http:\/\/edebiyyat-az.com\/index.php?rest_route=\/wp\/v2\/posts"}],"about":[{"href":"http:\/\/edebiyyat-az.com\/index.php?rest_route=\/wp\/v2\/types\/post"}],"author":[{"embeddable":true,"href":"http:\/\/edebiyyat-az.com\/index.php?rest_route=\/wp\/v2\/users\/2"}],"replies":[{"embeddable":true,"href":"http:\/\/edebiyyat-az.com\/index.php?rest_route=%2Fwp%2Fv2%2Fcomments&post=50025"}],"version-history":[{"count":1,"href":"http:\/\/edebiyyat-az.com\/index.php?rest_route=\/wp\/v2\/posts\/50025\/revisions"}],"predecessor-version":[{"id":50031,"href":"http:\/\/edebiyyat-az.com\/index.php?rest_route=\/wp\/v2\/posts\/50025\/revisions\/50031"}],"wp:attachment":[{"href":"http:\/\/edebiyyat-az.com\/index.php?rest_route=%2Fwp%2Fv2%2Fmedia&parent=50025"}],"wp:term":[{"taxonomy":"category","embeddable":true,"href":"http:\/\/edebiyyat-az.com\/index.php?rest_route=%2Fwp%2Fv2%2Fcategories&post=50025"},{"taxonomy":"post_tag","embeddable":true,"href":"http:\/\/edebiyyat-az.com\/index.php?rest_route=%2Fwp%2Fv2%2Ftags&post=50025"}],"curies":[{"name":"wp","href":"https:\/\/api.w.org\/{rel}","templated":true}]}}