{"id":50026,"date":"2025-11-27T09:00:00","date_gmt":"2025-11-27T05:00:00","guid":{"rendered":"https:\/\/edebiyyat-az.com\/?p=50026"},"modified":"2025-11-28T07:44:53","modified_gmt":"2025-11-28T03:44:53","slug":"esli-v%c9%99-k%c9%99r%c9%99m-operasi-yeni-esli-il%c9%99-tamasacilara-t%c9%99qdim-olundu","status":"publish","type":"post","link":"http:\/\/edebiyyat-az.com\/?p=50026","title":{"rendered":"\u201c\u018fsli v\u0259 K\u0259r\u0259m\u201d operas\u0131 yeni \u018fsli il\u0259 tama\u015fa\u00e7\u0131lara t\u0259qdim olundu"},"content":{"rendered":"\n<figure class=\"wp-block-image size-large\"><img decoding=\"async\" src=\"https:\/\/admin.culture.gov.az\/storage\/uploads\/news\/coverImages\/az\/cBbzZNLH4H1PMEpIALqT1764247784.jpeg\" alt=\"\"\/><\/figure>\n\n\n\n<p>Bu g\u00fcn Opera studiyas\u0131nda Az\u0259rbaycan musiqi m\u0259d\u0259niyy\u0259tinin nadir incil\u0259rind\u0259n olan \u201c\u018fsli v\u0259 K\u0259r\u0259m\u201d operas\u0131 tama\u015fa\u00e7\u0131lara t\u0259qdim edilib.&nbsp;<\/p>\n\n\n\n<p>\u201cQafqazinfo\u201d x\u0259b\u0259r verir ki, t\u0259dbir dahi b\u0259st\u0259kar \u00dczeyir Hac\u0131b\u0259ylinin 140 illik yubileyi \u00e7\u0259r\u00e7iv\u0259sind\u0259 Az\u0259rbaycan D\u00f6vl\u0259t Opera v\u0259 Balet Teatr\u0131n\u0131n truppas\u0131 t\u0259r\u0259find\u0259n h\u0259yata ke\u00e7irilib.&nbsp;<\/p>\n\n\n\n<p>Tama\u015fa\u00e7\u0131lar aras\u0131nda musiqisev\u0259rl\u0259r, m\u0259d\u0259niyy\u0259t v\u0259 media n\u00fcmay\u0259nd\u0259l\u0259ri olub. S\u0259hn\u0259d\u0259 klassik musiqi il\u0259 dramatik ifa bir araya g\u0259l\u0259r\u0259k tama\u015fa\u00e7\u0131lara unudulmaz anlar ya\u015fad\u0131b. Opera truppas\u0131n\u0131n ifa\u00e7\u0131lar\u0131 h\u0259m vokal, h\u0259m d\u0259 s\u0259hn\u0259 performanslar\u0131 il\u0259 y\u00fcks\u0259k pe\u015f\u0259karl\u0131q n\u00fcmayi\u015f etdiribl\u0259r.&nbsp;<\/p>\n\n\n\n<p>Bud\u0259f\u0259ki s\u0259hn\u0259l\u0259\u015fdirm\u0259d\u0259 \u018fsli rolunu Opera v\u0259 Balet Teatr\u0131n\u0131n g\u0259nc solisti G\u00fclzar F\u0259r\u0259cova, K\u0259r\u0259m rolunu is\u0259 \u018fm\u0259kdar artist Elnur Zeynalov ifa edib. Dig\u0259r rollarda Taleh Yahyayev (Ke\u015fi\u015f), \u018fm\u0259kdar artist \u0130lkin \u018fhm\u0259dov (\u015eah), N\u0259z\u0259r B\u0259yl\u0259rov (Sofi), M\u00fct\u0259llim D\u0259mirov (\u015eeyx), P\u0259rviz Verdiyev (Pa\u015fa) v\u0259 \u018fm\u0259kdar artist Elxan Mansurov (Solo tarda) \u00e7\u0131x\u0131\u015f edibl\u0259r. Solistl\u0259ri tarda \u018fm\u0259kdar artist Elxan Mansurov m\u00fc\u015fayi\u0259t edib.<\/p>\n\n\n\n<p>Tama\u015fan\u0131n qurulu\u015f\u00e7u rejissoru \u018fm\u0259kdar inc\u0259s\u0259n\u0259t xadimi Hafiz Quliyev, musiqi r\u0259hb\u0259ri v\u0259 dirijoru \u018fm\u0259kdar inc\u0259s\u0259n\u0259t xadimi Sevil Hac\u0131yeva, qurulu\u015f\u00e7u r\u0259ssam\u0131 \u018fm\u0259kdar m\u0259d\u0259niyy\u0259t i\u015f\u00e7isi Yusif Babayev, xoreoqraf\u0131 is\u0259 Xalq artisti M\u0259din\u0259 \u018fliyevad\u0131r.<\/p>\n\n\n\n<p>S\u0259hn\u0259 \u0259s\u0259ri haqda m\u0259lumat ver\u0259n Hafiz Quliyev bildirib ki, uzun m\u00fcdd\u0259t idi ki, bu g\u00fcn\u00fc h\u0259y\u0259canla g\u00f6zl\u0259yibl\u0259r:<\/p>\n\n\n\n<p>\u201c\u201d\u018fsli v\u0259 K\u0259r\u0259m\u201d operas\u0131 \u00dczeyir Hac\u0131b\u0259ylinin \u201cLeyli v\u0259 M\u0259cnun\u201ddan sonra yazd\u0131\u011f\u0131 operalardand\u0131r v\u0259 bu g\u00fcn\u0259 q\u0259d\u0259r ya\u015fay\u0131r. Ayr\u0131-ayr\u0131 ill\u0259rd\u0259 m\u00fcxt\u0259lif qurulu\u015flarla t\u0259qdim olunub. Biz bu \u0259s\u0259ri yenid\u0259n s\u0259hn\u0259l\u0259\u015fdirdik. Bu g\u00fcn teatra g\u0259ncl\u0259r g\u0259lir v\u0259 onlar \u018fslini, K\u0259r\u0259mi canland\u0131r\u0131rlar. \u018fs\u0259rin sujeti olduqca maraql\u0131d\u0131r v\u0259 \u00dczeyir Hac\u0131b\u0259yli bu sujet\u0259 \u00e7ox g\u00f6z\u0259l bir musiqi yaz\u0131b. Bug\u00fcnk\u00fc tama\u015fada iki g\u0259nc s\u0259n\u0259tkar \u0259sas obrazlar\u0131 canland\u0131racaq. Bu \u0259s\u0259r daim teatr\u0131n repertuar\u0131nda olacaq v\u0259 teatr s\u0259hn\u0259l\u0259rind\u0259 uzun ill\u0259r ya\u015fama\u011fa davam ed\u0259c\u0259k\u201d.<\/p>\n\n\n\n<p>\u018fm\u0259kdar artist Elnur Zeynalov bildirib ki, daha \u00f6nc\u0259 d\u0259 K\u0259r\u0259m obraz\u0131n\u0131 canland\u0131r\u0131b:<br>\u201cM\u0259n daha \u00f6nc\u0259 d\u0259 K\u0259r\u0259m obraz\u0131n\u0131 ifa etmi\u015f\u0259m. 25 illik fasil\u0259d\u0259n sonra ilk d\u0259f\u0259 2014-c\u00fc ild\u0259 m\u0259hz opera s\u0259hn\u0259sind\u0259 tama\u015fa\u00e7\u0131 qar\u015f\u0131s\u0131na \u00e7\u0131xm\u0131\u015fd\u0131m. \u00c7ox sevinir\u0259m ki, bu q\u0259d\u0259r m\u00f6ht\u0259\u015f\u0259m bir \u0259s\u0259rd\u0259 rol alm\u0131\u015fam\u201d.&nbsp;<\/p>\n\n\n\n<p>G\u0259nc solist G\u00fclzar Ramizli bildirib ki, \u201c\u018fsli v\u0259 K\u0259r\u0259m\u201d operas\u0131nda \u018fsli obraz\u0131n\u0131 s\u0259hn\u0259l\u0259\u015fdirm\u0259k onun \u00fc\u00e7\u00fcn b\u00f6y\u00fck sevinc v\u0259 \u015f\u0259r\u0259fdir:<br>\u201c\u00c7ox sevincliy\u0259m. \u2018\u018fsli v\u0259 K\u0259r\u0259m\u2019i bu s\u0259hn\u0259d\u0259 canland\u0131rmaq m\u0259nim \u00fc\u00e7\u00fcn \u00e7ox xo\u015fdur, \u00e7ox \u015f\u0259r\u0259flidir, eyni zamanda da h\u0259y\u0259canl\u0131d\u0131r. \u00d6z\u00fcm\u00fc \u00e7ox xo\u015fb\u0259xt ifa\u00e7\u0131lardan hesab edir\u0259m, \u00e7\u00fcnki art\u0131q \u00dczeyr Hac\u0131b\u0259ylinin bir ne\u00e7\u0259 \u0259s\u0259rinin ba\u015f rolunda ifa etmi\u015f\u0259m. \u018fsli obraz\u0131nda is\u0259 ilk d\u0259f\u0259 \u00e7\u0131x\u0131\u015f ed\u0259c\u0259m. Bu \u00e7ox q\u00fcrurvericidir\u201d.<\/p>\n\n\n\n<p>Operan\u0131n Az\u0259rbaycan xalq dastan\u0131n\u0131n motivl\u0259ri \u0259sas\u0131nda yaz\u0131lm\u0131\u015f librettosunun m\u00fc\u0259llifi d\u0259 \u00dczeyir Hac\u0131b\u0259ylidir. Tama\u015fada f\u0259dakar m\u0259h\u0259bb\u0259tin g\u00fcc\u00fc, insan\u0131n m\u0259n\u0259vi g\u00f6z\u0259lliyi t\u0259r\u0259nn\u00fcm olunur. Haz\u0131rda teatr\u0131n repertuar\u0131nda n\u00fcmayi\u015f olunan opera Az\u0259rbaycan D\u00f6vl\u0259t Akademik Opera v\u0259 Balet Teatr\u0131nda &nbsp;2011-ci ild\u0259 &nbsp;\u018fm\u0259kdar inc\u0259s\u0259n\u0259t xadimi Hafiz Quliyev t\u0259r\u0259find\u0259n s\u0259hn\u0259l\u0259\u015fdirilib.<\/p>\n\n\n\n<p>Tama\u015fa\u00e7\u0131lar &nbsp;sonda ifa\u00e7\u0131lara alq\u0131\u015flarla t\u0259\u015f\u0259kk\u00fcr edibl\u0259r.<\/p>\n\n\n\n<p>Xat\u0131rladaq ki, bu g\u00fcn\u0259d\u0259k \u018fsli rolunu Zeyn\u0259b Xanlarova, G\u00fclxar H\u0259s\u0259nova, Q\u0259ndab Quliyeva, R\u0259smiyy\u0259 Sad\u0131qova, S\u0259kim\u0259 \u0130smay\u0131lova, V\u00fcsal\u0259 Musayeva, R\u0259van\u0259 \u018fmiraslanl\u0131, Arzu \u018fliyeva, S\u0259d\u0259f Budaqova, K\u0259r\u0259mrolunu is\u0259 Arif Babayev, Qulu \u018fsg\u0259rov, Can\u0259li \u018fkb\u0259rov, Baba Mahmudo\u011flu, &nbsp;\u0130lkin \u018fhm\u0259dov, Elnur Zeynalov, S\u0259buhi \u0130bayev, M\u0259h\u0259bb\u0259t S\u0259f\u0259rov v\u0259 dig\u0259r sevil\u0259n ifa\u00e7\u0131lar\u0131m\u0131z canland\u0131r\u0131b.&nbsp;<\/p>\n\n\n\n<p>Qeyd ed\u0259k ki, \u201c\u018fsli v\u0259 K\u0259r\u0259m\u201d operas\u0131n\u0131n ilk rejissoru H\u00fcseyn \u018fr\u0259blinski, drijoru is\u0259 &nbsp;\u00dczeyir Hac\u0131b\u0259yli \u00f6z\u00fc olub. \u0130lk \u018fsli \u018fhm\u0259d A\u011fdamski, K\u0259r\u0259m is\u0259 H\u00fcseynqulu Sarabski idi.&nbsp;<br>1912-ci il may\u0131n 18-d\u0259ki ilk t\u0259qdimat\u0131ndan 113 il ke\u00e7s\u0259 d\u0259, \u201c\u018fsli v\u0259 K\u0259r\u0259m\u201d bu g\u00fcn d\u0259 b\u00f6y\u00fck tama\u015fa\u00e7\u0131 r\u0259\u011fb\u0259ti il\u0259 qar\u015f\u0131lan\u0131r v\u0259 uzun, maraql\u0131 s\u0259hn\u0259 \u00f6mr\u00fc olan \u0259s\u0259rl\u0259r s\u0131ras\u0131ndad\u0131r. \u00dczeyir Hac\u0131b\u0259yli operan\u0131n m\u00f6vzusunu Az\u0259rbaycan xalq dastanlar\u0131ndan v\u0259 a\u015f\u0131q musiqisind\u0259n ilhamlanaraq yarad\u0131b.<br>&nbsp;<br>\u018flav\u0259 olaraq bildir\u0259k ki, Az\u0259rbaycan D\u00f6vl\u0259t Akademik Opera v\u0259 Balet Teatr\u0131n\u0131n kollektivi \u201c\u018fsli v\u0259 K\u0259r\u0259m\u201d operas\u0131n\u0131 \u00dczeyir Hac\u0131b\u0259yli festival\u0131 \u00e7\u0259r\u00e7iv\u0259sind\u0259 A\u011fcab\u0259did\u0259, \u015e\u0259ki \u0130p\u0259k yolu festival\u0131nda &#8211; \u015e\u0259kid\u0259, \u201cOpera g\u00fcnl\u0259ri\u201d layih\u0259si \u00e7\u0259r\u00e7iv\u0259sind\u0259 &nbsp;\u0130\u00e7\u0259ri\u015f\u0259h\u0259r d\u00f6vl\u0259t tarix-memarl\u0131q qoru\u011funda a\u00e7\u0131q havada n\u00fcmayi\u015f etdirib.<\/p>\n\n\n\n<p>M\u0259nb\u0259: <a href=\"https:\/\/culture.gov.az\/\">https:\/\/culture.gov.az\/<\/a><\/p>\n","protected":false},"excerpt":{"rendered":"<p>Bu g\u00fcn Opera studiyas\u0131nda Az\u0259rbaycan musiqi m\u0259d\u0259niyy\u0259tinin nadir incil\u0259rind\u0259n olan \u201c\u018fsli v\u0259 K\u0259r\u0259m\u201d operas\u0131 tama\u015fa\u00e7\u0131lara t\u0259qdim edilib.&nbsp; \u201cQafqazinfo\u201d x\u0259b\u0259r verir ki, t\u0259dbir dahi b\u0259st\u0259kar \u00dczeyir Hac\u0131b\u0259ylinin 140 illik yubileyi \u00e7\u0259r\u00e7iv\u0259sind\u0259 Az\u0259rbaycan D\u00f6vl\u0259t Opera v\u0259 Balet Teatr\u0131n\u0131n truppas\u0131 t\u0259r\u0259find\u0259n h\u0259yata ke\u00e7irilib.&nbsp; Tama\u015fa\u00e7\u0131lar aras\u0131nda musiqisev\u0259rl\u0259r, m\u0259d\u0259niyy\u0259t v\u0259 media n\u00fcmay\u0259nd\u0259l\u0259ri olub. S\u0259hn\u0259d\u0259 klassik musiqi il\u0259 dramatik ifa bir [&hellip;]<\/p>\n","protected":false},"author":2,"featured_media":0,"comment_status":"open","ping_status":"open","sticky":false,"template":"","format":"standard","meta":{"footnotes":""},"categories":[49],"tags":[],"class_list":["post-50026","post","type-post","status-publish","format-standard","hentry","category-medeniyyat"],"_links":{"self":[{"href":"http:\/\/edebiyyat-az.com\/index.php?rest_route=\/wp\/v2\/posts\/50026","targetHints":{"allow":["GET"]}}],"collection":[{"href":"http:\/\/edebiyyat-az.com\/index.php?rest_route=\/wp\/v2\/posts"}],"about":[{"href":"http:\/\/edebiyyat-az.com\/index.php?rest_route=\/wp\/v2\/types\/post"}],"author":[{"embeddable":true,"href":"http:\/\/edebiyyat-az.com\/index.php?rest_route=\/wp\/v2\/users\/2"}],"replies":[{"embeddable":true,"href":"http:\/\/edebiyyat-az.com\/index.php?rest_route=%2Fwp%2Fv2%2Fcomments&post=50026"}],"version-history":[{"count":1,"href":"http:\/\/edebiyyat-az.com\/index.php?rest_route=\/wp\/v2\/posts\/50026\/revisions"}],"predecessor-version":[{"id":50033,"href":"http:\/\/edebiyyat-az.com\/index.php?rest_route=\/wp\/v2\/posts\/50026\/revisions\/50033"}],"wp:attachment":[{"href":"http:\/\/edebiyyat-az.com\/index.php?rest_route=%2Fwp%2Fv2%2Fmedia&parent=50026"}],"wp:term":[{"taxonomy":"category","embeddable":true,"href":"http:\/\/edebiyyat-az.com\/index.php?rest_route=%2Fwp%2Fv2%2Fcategories&post=50026"},{"taxonomy":"post_tag","embeddable":true,"href":"http:\/\/edebiyyat-az.com\/index.php?rest_route=%2Fwp%2Fv2%2Ftags&post=50026"}],"curies":[{"name":"wp","href":"https:\/\/api.w.org\/{rel}","templated":true}]}}