{"id":50027,"date":"2025-11-27T09:00:00","date_gmt":"2025-11-27T05:00:00","guid":{"rendered":"https:\/\/edebiyyat-az.com\/?p=50027"},"modified":"2025-11-28T07:48:08","modified_gmt":"2025-11-28T03:48:08","slug":"daglar-qoynundaki-k%c9%99lb%c9%99c%c9%99rd%c9%99-bayram-konserti","status":"publish","type":"post","link":"http:\/\/edebiyyat-az.com\/?p=50027","title":{"rendered":"Da\u011flar qoynundak\u0131 K\u0259lb\u0259c\u0259rd\u0259 bayram konserti"},"content":{"rendered":"\n<figure class=\"wp-block-image size-large\"><img decoding=\"async\" src=\"https:\/\/admin.culture.gov.az\/storage\/uploads\/news\/coverImages\/az\/2ht1gm8sc3V74QhdCMLS1764158611.jpeg\" alt=\"\"\/><\/figure>\n\n\n\n<p>Noyabr\u0131n 25-d\u0259 K\u0259lb\u0259c\u0259rd\u0259 ke\u00e7iril\u0259n ilk \u015e\u0259h\u0259r G\u00fcn\u00fc \u00e7\u0259r\u00e7iv\u0259sind\u0259 geni\u015f konsert proqram\u0131 t\u0259\u015fkil olunub.<br>T\u0259dbird\u0259 m\u0259d\u0259niyy\u0259t naziri Adil K\u0259rimli, K\u0259lb\u0259c\u0259r rayonunda Az\u0259rbaycan Respublikas\u0131 Prezidentinin x\u00fcsusi n\u00fcmay\u0259nd\u0259si B\u0259\u015fir Hac\u0131yev, el\u0259c\u0259 d\u0259 do\u011fma yurda qay\u0131tm\u0131\u015f \u015f\u0259h\u0259r sakinl\u0259ri v\u0259 bayram m\u00fcnasib\u0259til\u0259 K\u0259lb\u0259c\u0259r\u0259 g\u0259lmi\u015f qonaqlar i\u015ftirak edibl\u0259r.<br>\u018fvv\u0259lc\u0259 D\u00f6vl\u0259t Himnimiz s\u0259sl\u0259ndirilib, \u015f\u0259hidl\u0259rimizin \u0259ziz xatir\u0259si bir d\u0259qiq\u0259lik s\u00fckutla yad olunub.<br>T\u0259dbir i\u015ftirak\u00e7\u0131lar\u0131 K\u0259lb\u0259c\u0259rin yenid\u0259n qurulmas\u0131n\u0131 v\u0259 sakinl\u0259rin do\u011fma yurdlar\u0131na qay\u0131d\u0131\u015f\u0131n\u0131 \u0259ks etdir\u0259n video\u00e7arx\u0131 izl\u0259yibl\u0259r.<br>K\u0259lb\u0259c\u0259r rayonunda Az\u0259rbaycan Respublikas\u0131 Prezidentinin x\u00fcsusi n\u00fcmay\u0259nd\u0259si B\u0259\u015fir Hac\u0131yev \u00e7\u0131x\u0131\u015f ed\u0259r\u0259k \u015e\u0259h\u0259r G\u00fcn\u00fc il\u0259 ba\u011fl\u0131 t\u0259brikl\u0259rini \u00e7atd\u0131r\u0131b, d\u00f6vl\u0259timiz t\u0259r\u0259find\u0259n K\u0259lb\u0259c\u0259rin dir\u00e7\u0259li\u015fi istiqam\u0259tind\u0259 g\u00f6r\u00fcl\u0259n i\u015fl\u0259rd\u0259n dan\u0131\u015f\u0131b.<br>Sonra \u015f\u0259h\u0259rin m\u0259rk\u0259zind\u0259 qurulmu\u015f s\u0259hn\u0259 inc\u0259s\u0259n\u0259t n\u00fcmay\u0259nd\u0259l\u0259rinin ixtiyar\u0131na verilib.\u00a0<br>Bayram konserti Az\u0259rbaycan D\u00f6vl\u0259t R\u0259qs Ansambl\u0131n\u0131n ifas\u0131nda V.Ad\u0131g\u00f6z\u0259lovun \u201cM\u0259nim Az\u0259rbaycan\u0131m\u201d s\u00fcitas\u0131 il\u0259 ba\u015flan\u0131b.\u00a0<br>Konsertd\u0259 Xalq artisti M\u0259l\u0259kxan\u0131m Eyyubova R.M\u0259mm\u0259dovun \u201cYa\u015fa, Az\u0259rbaycan\u201d, \u018fm\u0259kdar artistl\u0259r \u2013 xan\u0259nd\u0259 Bab\u0259k Nift\u0259liyev Y.Almaz\u0131n \u201cPrezidentim\u201d, tarz\u0259n \u015e\u0259hriyar \u0130manov \u201cZ\u0259f\u0259r\u201d kompozisiyas\u0131, solistl\u0259r Malik H\u0259s\u0259nov F.C\u0259lilabadl\u0131n\u0131n \u201cK\u0259lb\u0259c\u0259r\u201d, Mehdi Nift\u0259liyev E.\u0130brahimovan\u0131n \u201cEy V\u0259t\u0259n\u201d mahn\u0131lar\u0131n\u0131 ifa edibl\u0259r.\u00a0<br>Musiqisev\u0259rl\u0259r \u201cQaya\u201d D\u00f6vl\u0259t Ansambl\u0131n\u0131n ifas\u0131nda V.Ad\u0131g\u00f6z\u0259lovun \u201cM\u0259n g\u0259zir\u0259m h\u0259r yan\u0131\u201d mahn\u0131lar\u0131n\u0131 dinl\u0259yibl\u0259r.\u00a0<br>Konsertd\u0259 a\u015f\u0131q s\u0259n\u0259tin\u0259 d\u0259 geni\u015f yer verilib. Tan\u0131nm\u0131\u015f a\u015f\u0131qlardan \u018fm\u0259kdar m\u0259d\u0259niyy\u0259t i\u015f\u00e7isi \u018fdal\u0259t D\u0259lida\u011fl\u0131 \u201cRuhani\u201d, \u018ffqan K\u0259lb\u0259c\u0259rli \u201cG\u00f6d\u0259k donlu\u201d, Q\u0259nb\u0259r K\u0259lb\u0259c\u0259rli \u201cC\u0259lili\u201d, G\u00f6z\u0259l K\u0259lb\u0259c\u0259rli \u201cG\u00f6z\u0259ldir\u201d, \u0130bad\u0259t \u018fr\u0259\u015f \u201cQ\u0259hr\u0259man\u0131\u201d, Qalib K\u0259lb\u0259c\u0259rli \u201cG\u00f6y\u00e7\u0259g\u00fcl\u00fc\u201d v\u0259 \u018fhliman K\u0259lb\u0259c\u0259rli \u201cK\u0259r\u0259m g\u00f6z\u0259ll\u0259m\u0259si\u201d saz havalar\u0131 il\u0259 tama\u015fa\u00e7\u0131lar\u0131n k\u00f6nl\u00fcn\u00fc ox\u015fay\u0131blar.<br>Az\u0259rbaycan D\u00f6vl\u0259t R\u0259qs Ansambl\u0131 daha sonra E.Sabito\u011flunun \u201cA\u011f \u00e7i\u00e7\u0259yim\u201d r\u0259qsini v\u0259 \u201cA\u011fbaba\u201d yall\u0131s\u0131n\u0131 ifa edib.\u00a0<br>A\u011fdam rayon G\u00fclabl\u0131 k\u0259nd U\u015faq Musiqi M\u0259kt\u0259binin m\u00fc\u0259llimi Habil M\u0259mm\u0259dov v\u0259 \u015fagirdl\u0259ri is\u0259 \u201cD\u0259\u015fti\u201d t\u0259snifini ifa edibl\u0259r.<br>B\u00fct\u00fcn ifalar tama\u015fa\u00e7\u0131lar t\u0259r\u0259find\u0259n alq\u0131\u015flarla qar\u015f\u0131lan\u0131b.\u00a0<br>Konsert proqram\u0131ndan sonra m\u00f6ht\u0259\u015f\u0259m at\u0259\u015ff\u0259\u015fanl\u0131q t\u0259qdim olunub.<\/p>\n\n\n\n<p>M\u0259nb\u0259: <a href=\"https:\/\/culture.gov.az\/\">https:\/\/culture.gov.az\/<\/a><\/p>\n","protected":false},"excerpt":{"rendered":"<p>Noyabr\u0131n 25-d\u0259 K\u0259lb\u0259c\u0259rd\u0259 ke\u00e7iril\u0259n ilk \u015e\u0259h\u0259r G\u00fcn\u00fc \u00e7\u0259r\u00e7iv\u0259sind\u0259 geni\u015f konsert proqram\u0131 t\u0259\u015fkil olunub.T\u0259dbird\u0259 m\u0259d\u0259niyy\u0259t naziri Adil K\u0259rimli, K\u0259lb\u0259c\u0259r rayonunda Az\u0259rbaycan Respublikas\u0131 Prezidentinin x\u00fcsusi n\u00fcmay\u0259nd\u0259si B\u0259\u015fir Hac\u0131yev, el\u0259c\u0259 d\u0259 do\u011fma yurda qay\u0131tm\u0131\u015f \u015f\u0259h\u0259r sakinl\u0259ri v\u0259 bayram m\u00fcnasib\u0259til\u0259 K\u0259lb\u0259c\u0259r\u0259 g\u0259lmi\u015f qonaqlar i\u015ftirak edibl\u0259r.\u018fvv\u0259lc\u0259 D\u00f6vl\u0259t Himnimiz s\u0259sl\u0259ndirilib, \u015f\u0259hidl\u0259rimizin \u0259ziz xatir\u0259si bir d\u0259qiq\u0259lik s\u00fckutla yad olunub.T\u0259dbir i\u015ftirak\u00e7\u0131lar\u0131 K\u0259lb\u0259c\u0259rin yenid\u0259n [&hellip;]<\/p>\n","protected":false},"author":2,"featured_media":0,"comment_status":"open","ping_status":"open","sticky":false,"template":"","format":"standard","meta":{"footnotes":""},"categories":[49],"tags":[],"class_list":["post-50027","post","type-post","status-publish","format-standard","hentry","category-medeniyyat"],"_links":{"self":[{"href":"http:\/\/edebiyyat-az.com\/index.php?rest_route=\/wp\/v2\/posts\/50027","targetHints":{"allow":["GET"]}}],"collection":[{"href":"http:\/\/edebiyyat-az.com\/index.php?rest_route=\/wp\/v2\/posts"}],"about":[{"href":"http:\/\/edebiyyat-az.com\/index.php?rest_route=\/wp\/v2\/types\/post"}],"author":[{"embeddable":true,"href":"http:\/\/edebiyyat-az.com\/index.php?rest_route=\/wp\/v2\/users\/2"}],"replies":[{"embeddable":true,"href":"http:\/\/edebiyyat-az.com\/index.php?rest_route=%2Fwp%2Fv2%2Fcomments&post=50027"}],"version-history":[{"count":1,"href":"http:\/\/edebiyyat-az.com\/index.php?rest_route=\/wp\/v2\/posts\/50027\/revisions"}],"predecessor-version":[{"id":50032,"href":"http:\/\/edebiyyat-az.com\/index.php?rest_route=\/wp\/v2\/posts\/50027\/revisions\/50032"}],"wp:attachment":[{"href":"http:\/\/edebiyyat-az.com\/index.php?rest_route=%2Fwp%2Fv2%2Fmedia&parent=50027"}],"wp:term":[{"taxonomy":"category","embeddable":true,"href":"http:\/\/edebiyyat-az.com\/index.php?rest_route=%2Fwp%2Fv2%2Fcategories&post=50027"},{"taxonomy":"post_tag","embeddable":true,"href":"http:\/\/edebiyyat-az.com\/index.php?rest_route=%2Fwp%2Fv2%2Ftags&post=50027"}],"curies":[{"name":"wp","href":"https:\/\/api.w.org\/{rel}","templated":true}]}}