{"id":50313,"date":"2026-01-07T08:00:00","date_gmt":"2026-01-07T04:00:00","guid":{"rendered":"https:\/\/edebiyyat-az.com\/?p=50313"},"modified":"2026-01-12T12:01:28","modified_gmt":"2026-01-12T08:01:28","slug":"ankara-yuce-m%c9%99kt%c9%99bl%c9%99rind%c9%99-yanvar-tematik-ayi-az%c9%99rbaycana-h%c9%99sr-olunub","status":"publish","type":"post","link":"http:\/\/edebiyyat-az.com\/?p=50313","title":{"rendered":"Ankara Y\u00dcCE m\u0259kt\u0259bl\u0259rind\u0259 yanvar tematik ay\u0131 Az\u0259rbaycana h\u0259sr olunub"},"content":{"rendered":"\n<figure class=\"wp-block-image size-full\"><a href=\"https:\/\/edebiyyat-az.com\/wp-content\/uploads\/2026\/01\/image.png\"><img loading=\"lazy\" decoding=\"async\" width=\"922\" height=\"630\" src=\"https:\/\/edebiyyat-az.com\/wp-content\/uploads\/2026\/01\/image.png\" alt=\"\" class=\"wp-image-50323\" srcset=\"http:\/\/edebiyyat-az.com\/wp-content\/uploads\/2026\/01\/image.png 922w, http:\/\/edebiyyat-az.com\/wp-content\/uploads\/2026\/01\/image-300x205.png 300w, http:\/\/edebiyyat-az.com\/wp-content\/uploads\/2026\/01\/image-768x525.png 768w\" sizes=\"auto, (max-width: 922px) 100vw, 922px\" \/><\/a><\/figure>\n\n\n\n<ul class=\"wp-block-list\">\n<li>T\u00fcrkiy\u0259d\u0259ki Az\u0259rbaycan M\u0259d\u0259niyy\u0259t M\u0259rk\u0259zi Ankara \u00f6z\u0259l Y\u00dcCE m\u0259kt\u0259bl\u0259ri il\u0259 Az\u0259rbaycan m\u0259d\u0259niyy\u0259ti, tarixi v\u0259 dilinin t\u0259bli\u011fi m\u0259qs\u0259dil\u0259 ortaq layih\u0259 h\u0259yata ke\u00e7irir.<\/li>\n\n\n\n<li><a href=\"https:\/\/azertag.az\/\" target=\"_blank\" rel=\"noreferrer noopener\">AZ\u018fRTAC<\/a>\u00a0x\u0259b\u0259r verir ki, bu m\u0259qs\u0259dl\u0259 Ankara \u00f6zel Y\u00dcCE m\u0259kt\u0259bl\u0259rind\u0259 yanvar tematik ay\u0131 qarda\u015f Az\u0259rbaycana h\u0259sr edilib v\u0259 \u201cQafqazlar\u0131n incisi &#8211; qarda\u015f \u00f6lk\u0259 Az\u0259rbaycan\u201d adland\u0131r\u0131l\u0131b.<\/li>\n\n\n\n<li>Bununla ba\u011fl\u0131 Ankara \u00f6z\u0259l Y\u00dcCE m\u0259kt\u0259bl\u0259rinin r\u0259smi s\u0259hif\u0259sind\u0259 payla\u015f\u0131m edilib. Payla\u015f\u0131mda bu ay\u0131n q\u0259lbl\u0259rimizi v\u0259 qap\u0131lar\u0131m\u0131z\u0131 qarda\u015f xalq\u0131m\u0131z olan Az\u0259rbaycana a\u00e7\u0131r\u0131q dey\u0259 qeyd edilib, birlikd\u0259 bu q\u0259dim torpaqlar\u0131n sirri, yerin alt\u0131ndan y\u00fcks\u0259l\u0259n \u0259b\u0259di odlar\u0131n hekay\u0259si, X\u0259z\u0259r d\u0259nizinin sahilind\u0259 inci kimi parlayan paytaxt Bak\u0131n\u0131n \u0259srar\u0259ngiz g\u00f6z\u0259llikl\u0259ri, Qafqazlar\u0131n incisi g\u00f6z\u0259l Az\u0259rbaycana h\u0259sr edil\u0259c\u0259yi bildirilir.<\/li>\n\n\n\n<li>Qeyd ed\u0259k ki, tematik ay zaman\u0131 Az\u0259rbaycan M\u0259d\u0259niyy\u0259t M\u0259rk\u0259zi t\u0259r\u0259find\u0259n m\u0259kt\u0259bl\u0259rd\u0259 bir ayl\u0131q milli m\u0259d\u0259niyy\u0259timiz v\u0259 inc\u0259s\u0259n\u0259timizi \u00f6z\u00fcnd\u0259 \u0259ks etdir\u0259n \u201cAz\u0259rbaycan stendi\u201d t\u0259\u015fkil olunacaq. H\u0259m\u00e7inin Az\u0259rbaycan haqq\u0131nda d\u0259rsl\u0259r, m\u00fcsabiq\u0259l\u0259r, viktorinalar, videot\u0259qdimatlar, s\u0259n\u0259dli film v\u0259 b\u0259dii film n\u00fcmayi\u015fl\u0259ri, r\u0259sm v\u0259 fotos\u0259rginin t\u0259\u015fkili, m\u0259kt\u0259bin kitabxanas\u0131 \u00fc\u00e7\u00fcn Az\u0259rbaycana dair z\u0259ngin kitab kolleksiyas\u0131n\u0131n h\u0259diyy\u0259 olunmas\u0131 n\u0259z\u0259rd\u0259 tutulur. Eyni zamanda, Az\u0259rbaycan na\u011f\u0131llar\u0131n\u0131 t\u0259bli\u011f etm\u0259k \u00fc\u00e7\u00fcn &#8220;Masal-Masal T\u00fcrkiy\u0259: T\u00fcrk d\u00fcnyas\u0131, Az\u0259rbaycan&#8221; mobil telefonlar \u00fc\u00e7\u00fcn onlayn t\u0259tbiq proqram\u0131n\u0131n t\u0259qdimat\u0131, Az\u0259rbaycan milli r\u0259qsl\u0259rind\u0259n ibar\u0259t konsert proqram\u0131n\u0131n t\u0259\u015fkili planla\u015fd\u0131r\u0131l\u0131r.<\/li>\n\n\n\n<li>M\u0259kt\u0259blil\u0259r bu ayda Qafqaz\u0131n incisi Az\u0259rbaycan\u0131n z\u0259ngin m\u0259d\u0259niyy\u0259ti, \u0259d\u0259biyyat\u0131, m\u00f6ht\u0259\u015f\u0259m abid\u0259l\u0259ri, memarl\u0131\u011f\u0131, \u0259srar\u0259ngiz turizm imkanlar\u0131, habel\u0259 m\u00fcst\u0259qil Az\u0259rbaycan\u0131n qazand\u0131\u011f\u0131 b\u00f6y\u00fck nailiyy\u0259tl\u0259rl\u0259 tan\u0131\u015f olmaq imkan\u0131 \u0259ld\u0259 ed\u0259c\u0259kl\u0259r.<\/li>\n\n\n\n<li><em><strong>Ramin Abdullayev<\/strong><\/em><\/li>\n\n\n\n<li><em><strong><a href=\"https:\/\/azertag.az\/\" target=\"_blank\" rel=\"noreferrer noopener\">AZ\u018fRTAC<\/a>-\u0131n x\u00fcsusi m\u00fcxbiri<\/strong><\/em><\/li>\n\n\n\n<li><em><strong>Ankara<\/strong><\/em><\/li>\n<\/ul>\n\n\n\n<p><strong>M\u0259nb\u0259: <a href=\"https:\/\/azertag.az\/\">https:\/\/azertag.az\/<\/a><\/strong><\/p>\n\n\n\n<p><\/p>\n\n\n\n<p><strong>M\u0259nb\u0259: <a href=\"https:\/\/azertag.az\/\">https:\/\/azertag.az\/<\/a><\/strong><\/p>\n","protected":false},"excerpt":{"rendered":"<p>M\u0259nb\u0259: https:\/\/azertag.az\/ M\u0259nb\u0259: https:\/\/azertag.az\/<\/p>\n","protected":false},"author":2,"featured_media":0,"comment_status":"open","ping_status":"open","sticky":false,"template":"","format":"standard","meta":{"footnotes":""},"categories":[49],"tags":[],"class_list":["post-50313","post","type-post","status-publish","format-standard","hentry","category-medeniyyat"],"_links":{"self":[{"href":"http:\/\/edebiyyat-az.com\/index.php?rest_route=\/wp\/v2\/posts\/50313","targetHints":{"allow":["GET"]}}],"collection":[{"href":"http:\/\/edebiyyat-az.com\/index.php?rest_route=\/wp\/v2\/posts"}],"about":[{"href":"http:\/\/edebiyyat-az.com\/index.php?rest_route=\/wp\/v2\/types\/post"}],"author":[{"embeddable":true,"href":"http:\/\/edebiyyat-az.com\/index.php?rest_route=\/wp\/v2\/users\/2"}],"replies":[{"embeddable":true,"href":"http:\/\/edebiyyat-az.com\/index.php?rest_route=%2Fwp%2Fv2%2Fcomments&post=50313"}],"version-history":[{"count":1,"href":"http:\/\/edebiyyat-az.com\/index.php?rest_route=\/wp\/v2\/posts\/50313\/revisions"}],"predecessor-version":[{"id":50327,"href":"http:\/\/edebiyyat-az.com\/index.php?rest_route=\/wp\/v2\/posts\/50313\/revisions\/50327"}],"wp:attachment":[{"href":"http:\/\/edebiyyat-az.com\/index.php?rest_route=%2Fwp%2Fv2%2Fmedia&parent=50313"}],"wp:term":[{"taxonomy":"category","embeddable":true,"href":"http:\/\/edebiyyat-az.com\/index.php?rest_route=%2Fwp%2Fv2%2Fcategories&post=50313"},{"taxonomy":"post_tag","embeddable":true,"href":"http:\/\/edebiyyat-az.com\/index.php?rest_route=%2Fwp%2Fv2%2Ftags&post=50313"}],"curies":[{"name":"wp","href":"https:\/\/api.w.org\/{rel}","templated":true}]}}