{"id":50314,"date":"2026-01-08T08:00:00","date_gmt":"2026-01-08T04:00:00","guid":{"rendered":"https:\/\/edebiyyat-az.com\/?p=50314"},"modified":"2026-01-12T12:02:57","modified_gmt":"2026-01-12T08:02:57","slug":"ayb-d%c9%99n-uzvl%c9%99rin%c9%99-sonuncu-x%c9%99b%c9%99rdarliq-edilib","status":"publish","type":"post","link":"http:\/\/edebiyyat-az.com\/?p=50314","title":{"rendered":"AYB-d\u0259n \u00fczvl\u0259rin\u0259 sonuncu x\u0259b\u0259rdarl\u0131q edilib"},"content":{"rendered":"\n<figure class=\"wp-block-image size-full\"><a href=\"http:\/\/edebiyyat-az.com\/wp-content\/uploads\/2025\/12\/Az\u0259rbaycan-Yazicilar-Birliyi.png\"><img loading=\"lazy\" decoding=\"async\" width=\"507\" height=\"499\" src=\"http:\/\/edebiyyat-az.com\/wp-content\/uploads\/2025\/12\/Az\u0259rbaycan-Yazicilar-Birliyi.png\" alt=\"\" class=\"wp-image-50059\" srcset=\"http:\/\/edebiyyat-az.com\/wp-content\/uploads\/2025\/12\/Az\u0259rbaycan-Yazicilar-Birliyi.png 507w, http:\/\/edebiyyat-az.com\/wp-content\/uploads\/2025\/12\/Az\u0259rbaycan-Yazicilar-Birliyi-300x295.png 300w\" sizes=\"auto, (max-width: 507px) 100vw, 507px\" \/><\/a><\/figure>\n\n\n\n<ul class=\"wp-block-list\">\n<li>Az\u0259rbaycan Yaz\u0131\u00e7\u0131lar Birliyin\u0259 (AYB) bir ne\u00e7\u0259 il \u00fczvl\u00fck haqq\u0131n\u0131 \u00f6d\u0259m\u0259y\u0259nl\u0259r t\u0259\u015fkilatdan xaric edil\u0259c\u0259k. Bu bar\u0259d\u0259 m\u0259s\u0259l\u0259 AYB Katibliyinin iclas\u0131nda m\u00fczakir\u0259 edilib.<\/li>\n\n\n\n<li>AYB-nin m\u0259tbuat xidm\u0259tinin r\u0259hb\u0259ri X\u0259yal Rza\u00a0<a href=\"https:\/\/azertag.az\/\" target=\"_blank\" rel=\"noreferrer noopener\">AZ\u018fRTAC<\/a>-a a\u00e7\u0131qlamas\u0131nda bildirib ki, g\u00fcnd\u0259likd\u0259ki bir ne\u00e7\u0259 m\u0259s\u0259l\u0259 il\u0259 yana\u015f\u0131, Birliyin \u00fczvl\u0259ri aras\u0131nda illik \u00fczvl\u00fck haqq\u0131n\u0131 \u00f6d\u0259m\u0259y\u0259nl\u0259rin siyah\u0131s\u0131 m\u00fczakir\u0259 olunub: \u201cQaydalara \u0259sas\u0259n, bir ne\u00e7\u0259 il \u00fczvl\u00fck haqq\u0131n\u0131 \u00f6d\u0259m\u0259y\u0259n \u015f\u0259xsl\u0259r x\u0259b\u0259rdarl\u0131q edilm\u0259d\u0259n AYB-d\u0259n xaric edilm\u0259lidirl\u0259r. Lakin buna baxmayaraq, onlara d\u0259f\u0259l\u0259rl\u0259 x\u0259b\u0259rdarl\u0131q edilib&#8221;.<\/li>\n\n\n\n<li>X\u0259yal Rzan\u0131n s\u00f6zl\u0259rin\u0259 g\u00f6r\u0259, iclasda q\u0259rara al\u0131n\u0131b ki, bununla ba\u011fl\u0131 \u201c\u018fd\u0259biyyat q\u0259zeti\u201dnd\u0259 sonuncu d\u0259f\u0259 x\u0259b\u0259rdarl\u0131q d\u0259rc edilsin: &#8220;Fevral\u0131n 1-d\u0259k \u00fczvl\u00fck haqq\u0131n\u0131 \u00f6d\u0259m\u0259y\u0259nl\u0259r Yaz\u0131\u00e7\u0131lar Birliyinin s\u0131ralar\u0131ndan xaric edil\u0259c\u0259kl\u0259r&#8221;.<\/li>\n<\/ul>\n\n\n\n<p><\/p>\n\n\n\n<p><strong>M\u0259nb\u0259: <a href=\"https:\/\/azertag.az\/\">https:\/\/azertag.az\/<\/a><\/strong><\/p>\n","protected":false},"excerpt":{"rendered":"<p>M\u0259nb\u0259: https:\/\/azertag.az\/<\/p>\n","protected":false},"author":2,"featured_media":0,"comment_status":"open","ping_status":"open","sticky":false,"template":"","format":"standard","meta":{"footnotes":""},"categories":[49],"tags":[],"class_list":["post-50314","post","type-post","status-publish","format-standard","hentry","category-medeniyyat"],"_links":{"self":[{"href":"http:\/\/edebiyyat-az.com\/index.php?rest_route=\/wp\/v2\/posts\/50314","targetHints":{"allow":["GET"]}}],"collection":[{"href":"http:\/\/edebiyyat-az.com\/index.php?rest_route=\/wp\/v2\/posts"}],"about":[{"href":"http:\/\/edebiyyat-az.com\/index.php?rest_route=\/wp\/v2\/types\/post"}],"author":[{"embeddable":true,"href":"http:\/\/edebiyyat-az.com\/index.php?rest_route=\/wp\/v2\/users\/2"}],"replies":[{"embeddable":true,"href":"http:\/\/edebiyyat-az.com\/index.php?rest_route=%2Fwp%2Fv2%2Fcomments&post=50314"}],"version-history":[{"count":1,"href":"http:\/\/edebiyyat-az.com\/index.php?rest_route=\/wp\/v2\/posts\/50314\/revisions"}],"predecessor-version":[{"id":50328,"href":"http:\/\/edebiyyat-az.com\/index.php?rest_route=\/wp\/v2\/posts\/50314\/revisions\/50328"}],"wp:attachment":[{"href":"http:\/\/edebiyyat-az.com\/index.php?rest_route=%2Fwp%2Fv2%2Fmedia&parent=50314"}],"wp:term":[{"taxonomy":"category","embeddable":true,"href":"http:\/\/edebiyyat-az.com\/index.php?rest_route=%2Fwp%2Fv2%2Fcategories&post=50314"},{"taxonomy":"post_tag","embeddable":true,"href":"http:\/\/edebiyyat-az.com\/index.php?rest_route=%2Fwp%2Fv2%2Ftags&post=50314"}],"curies":[{"name":"wp","href":"https:\/\/api.w.org\/{rel}","templated":true}]}}