{"id":51036,"date":"2026-05-01T01:00:00","date_gmt":"2026-04-30T21:00:00","guid":{"rendered":"https:\/\/edebiyyat-az.com\/?p=51036"},"modified":"2026-05-01T08:59:50","modified_gmt":"2026-05-01T04:59:50","slug":"m%c9%99d%c9%99niyy%c9%99t-haqqinda-az%c9%99rbaycan-respublikasinin-qanununda-d%c9%99yisiklik-edilm%c9%99si-bar%c9%99d%c9%99-az%c9%99rbaycan-respublikasinin-qanunu-2","status":"publish","type":"post","link":"http:\/\/edebiyyat-az.com\/?p=51036","title":{"rendered":"\u201cM\u0259d\u0259niyy\u0259t haqq\u0131nda\u201d Az\u0259rbaycan Respublikas\u0131n\u0131n Qanununda d\u0259yi\u015fiklik edilm\u0259si bar\u0259d\u0259 Az\u0259rbaycan Respublikas\u0131n\u0131n Qanunu"},"content":{"rendered":"\n<figure class=\"wp-block-image size-large\"><a href=\"http:\/\/edebiyyat-az.com\/wp-content\/uploads\/2025\/12\/presidentofazerbaijan01.jpg\"><img loading=\"lazy\" decoding=\"async\" width=\"1024\" height=\"519\" src=\"http:\/\/edebiyyat-az.com\/wp-content\/uploads\/2025\/12\/presidentofazerbaijan01-1024x519.jpg\" alt=\"\" class=\"wp-image-50304\" srcset=\"http:\/\/edebiyyat-az.com\/wp-content\/uploads\/2025\/12\/presidentofazerbaijan01-1024x519.jpg 1024w, http:\/\/edebiyyat-az.com\/wp-content\/uploads\/2025\/12\/presidentofazerbaijan01-300x152.jpg 300w, http:\/\/edebiyyat-az.com\/wp-content\/uploads\/2025\/12\/presidentofazerbaijan01-768x389.jpg 768w, http:\/\/edebiyyat-az.com\/wp-content\/uploads\/2025\/12\/presidentofazerbaijan01-1536x778.jpg 1536w, http:\/\/edebiyyat-az.com\/wp-content\/uploads\/2025\/12\/presidentofazerbaijan01-2048x1038.jpg 2048w\" sizes=\"auto, (max-width: 1024px) 100vw, 1024px\" \/><\/a><\/figure>\n\n\n\n<p>Az\u0259rbaycan Respublikas\u0131n\u0131n Milli M\u0259clisi Az\u0259rbaycan Respublikas\u0131 Konstitusiyas\u0131n\u0131n 94-c\u00fc madd\u0259sinin I hiss\u0259sinin 1-ci v\u0259 15-ci b\u0259ndl\u0259rini r\u0259hb\u0259r tutaraq q\u0259rara al\u0131r:<\/p>\n\n\n\n<p>\u201cM\u0259d\u0259niyy\u0259t haqq\u0131nda\u201d Az\u0259rbaycan Respublikas\u0131n\u0131n Qanununda (Az\u0259rbaycan Respublikas\u0131n\u0131n Qanunvericilik Toplusu, 2013, \u2116 2, madd\u0259 78 (Cild I); 2024, \u2116 4, madd\u0259 365, \u2116 5 (I kitab), madd\u0259 499; 2026, \u2116 1, madd\u0259 19) a\u015fa\u011f\u0131dak\u0131 d\u0259yi\u015fiklikl\u0259r edilsin:<\/p>\n\n\n\n<p>1. 1.0.8-ci madd\u0259d\u0259 \u201cm\u0259d\u0259niyy\u0259t s\u0259nayesi \u2013\u201d s\u00f6zl\u0259ri \u201cm\u0259d\u0259ni v\u0259 yarad\u0131c\u0131 s\u0259naye \u2013 m\u0259d\u0259niyy\u0259t\u0259 v\u0259 yarad\u0131c\u0131l\u0131\u011fa \u0259saslanan iqtisadi f\u0259aliyy\u0259t n\u00f6vl\u0259rinin m\u0259cmusundan ibar\u0259t iqtisadi m\u00fcnasib\u0259tl\u0259r sistemi, habel\u0259\u201d s\u00f6zl\u0259ri il\u0259 \u0259v\u0259z edilsin.<\/p>\n\n\n\n<p>2. 3.2.15-ci madd\u0259d\u0259 \u201cm\u0259d\u0259niyy\u0259t, o c\u00fcml\u0259d\u0259n \u0259yl\u0259nc\u0259 s\u0259nayesinin\u201d s\u00f6zl\u0259ri \u201cm\u0259d\u0259ni v\u0259 yarad\u0131c\u0131 s\u0259nayenin\u201d s\u00f6zl\u0259ri il\u0259 \u0259v\u0259z edilsin.<\/p>\n\n\n\n<p>3. 4.0.1-ci madd\u0259d\u0259 \u201cm\u0259d\u0259niyy\u0259t s\u0259nayesi\u201d s\u00f6zl\u0259ri \u201cm\u0259d\u0259ni v\u0259 yarad\u0131c\u0131 s\u0259naye\u201d s\u00f6zl\u0259ri il\u0259 \u0259v\u0259z edilsin.<\/p>\n\n\n\n<p>4. 5.3-c\u00fc madd\u0259 l\u0259\u011fv edilsin.<\/p>\n\n\n\n<p>5. 14.2.2-ci v\u0259 27.3-c\u00fc madd\u0259l\u0259rd\u0259 \u201cm\u0259d\u0259niyy\u0259t s\u0259nayesinin\u201d s\u00f6zl\u0259ri \u201cm\u0259d\u0259ni v\u0259 yarad\u0131c\u0131 s\u0259nayenin\u201d s\u00f6zl\u0259ri il\u0259 \u0259v\u0259z edilsin.<\/p>\n\n\n\n<p>6. A\u015fa\u011f\u0131dak\u0131 m\u0259zmunda 45.4-c\u00fc madd\u0259 \u0259lav\u0259 edilsin:<\/p>\n\n\n\n<p>\u201c45.4. M\u0259d\u0259niyy\u0259t sah\u0259sind\u0259 layih\u0259l\u0259rin qrant maliyy\u0259l\u0259\u015fdirilm\u0259si m\u0259d\u0259niyy\u0259t xidm\u0259tl\u0259rinin, habel\u0259 m\u0259d\u0259ni v\u0259 yarad\u0131c\u0131 s\u0259naye sah\u0259l\u0259rinin inki\u015faf\u0131na v\u0259 keyfiyy\u0259tinin art\u0131r\u0131lmas\u0131na y\u00f6n\u0259ldilmi\u015f innovativ f\u0259aliyy\u0259t v\u0259 t\u0259dqiqatlar\u0131n stimulla\u015fd\u0131r\u0131lmas\u0131, m\u0259d\u0259niyy\u0259t m\u00fc\u0259ssis\u0259l\u0259rinin infrastrukturunun inki\u015faf etdirilm\u0259si, el\u0259c\u0259 d\u0259 m\u0259d\u0259niyy\u0259t sah\u0259sind\u0259 maarifl\u0259ndirm\u0259 m\u0259qs\u0259dil\u0259 \u201cQrant haqq\u0131nda\u201d Az\u0259rbaycan Respublikas\u0131n\u0131n Qanununa uy\u011fun olaraq h\u0259yata ke\u00e7irilir. M\u0259d\u0259niyy\u0259t sah\u0259sind\u0259 layih\u0259l\u0259rin qrant maliyy\u0259l\u0259\u015fdirilm\u0259si \u00fczr\u0259 m\u00fcsabiq\u0259l\u0259rin ke\u00e7irilm\u0259si qaydas\u0131n\u0131 m\u00fcvafiq icra hakimiyy\u0259ti orqan\u0131n\u0131n m\u00fc\u0259yy\u0259n etdiyi orqan (qurum) m\u00fc\u0259yy\u0259n edir.\u201d.<\/p>\n\n\n\n<p>\u0130lham \u018fliyev<\/p>\n\n\n\n<p>Az\u0259rbaycan Respublikas\u0131n\u0131n Prezidenti<\/p>\n\n\n\n<p>Bak\u0131 \u015f\u0259h\u0259ri, 10 aprel 2026-c\u0131 il<\/p>\n\n\n\n<p><strong>M\u0259nb\u0259: <a href=\"https:\/\/president.az\/\">https:\/\/president.az\/<\/a><\/strong><\/p>\n","protected":false},"excerpt":{"rendered":"<p>Az\u0259rbaycan Respublikas\u0131n\u0131n Milli M\u0259clisi Az\u0259rbaycan Respublikas\u0131 Konstitusiyas\u0131n\u0131n 94-c\u00fc madd\u0259sinin I hiss\u0259sinin 1-ci v\u0259 15-ci b\u0259ndl\u0259rini r\u0259hb\u0259r tutaraq q\u0259rara al\u0131r: \u201cM\u0259d\u0259niyy\u0259t haqq\u0131nda\u201d Az\u0259rbaycan Respublikas\u0131n\u0131n Qanununda (Az\u0259rbaycan Respublikas\u0131n\u0131n Qanunvericilik Toplusu, 2013, \u2116 2, madd\u0259 78 (Cild I); 2024, \u2116 4, madd\u0259 365, \u2116 5 (I kitab), madd\u0259 499; 2026, \u2116 1, madd\u0259 19) a\u015fa\u011f\u0131dak\u0131 d\u0259yi\u015fiklikl\u0259r edilsin: 1. [&hellip;]<\/p>\n","protected":false},"author":2,"featured_media":0,"comment_status":"open","ping_status":"open","sticky":false,"template":"","format":"standard","meta":{"footnotes":""},"categories":[46],"tags":[],"class_list":["post-51036","post","type-post","status-publish","format-standard","hentry","category-azerbaycanprezidenti"],"_links":{"self":[{"href":"http:\/\/edebiyyat-az.com\/index.php?rest_route=\/wp\/v2\/posts\/51036","targetHints":{"allow":["GET"]}}],"collection":[{"href":"http:\/\/edebiyyat-az.com\/index.php?rest_route=\/wp\/v2\/posts"}],"about":[{"href":"http:\/\/edebiyyat-az.com\/index.php?rest_route=\/wp\/v2\/types\/post"}],"author":[{"embeddable":true,"href":"http:\/\/edebiyyat-az.com\/index.php?rest_route=\/wp\/v2\/users\/2"}],"replies":[{"embeddable":true,"href":"http:\/\/edebiyyat-az.com\/index.php?rest_route=%2Fwp%2Fv2%2Fcomments&post=51036"}],"version-history":[{"count":1,"href":"http:\/\/edebiyyat-az.com\/index.php?rest_route=\/wp\/v2\/posts\/51036\/revisions"}],"predecessor-version":[{"id":51041,"href":"http:\/\/edebiyyat-az.com\/index.php?rest_route=\/wp\/v2\/posts\/51036\/revisions\/51041"}],"wp:attachment":[{"href":"http:\/\/edebiyyat-az.com\/index.php?rest_route=%2Fwp%2Fv2%2Fmedia&parent=51036"}],"wp:term":[{"taxonomy":"category","embeddable":true,"href":"http:\/\/edebiyyat-az.com\/index.php?rest_route=%2Fwp%2Fv2%2Fcategories&post=51036"},{"taxonomy":"post_tag","embeddable":true,"href":"http:\/\/edebiyyat-az.com\/index.php?rest_route=%2Fwp%2Fv2%2Ftags&post=51036"}],"curies":[{"name":"wp","href":"https:\/\/api.w.org\/{rel}","templated":true}]}}