{"id":51038,"date":"2026-05-01T03:00:00","date_gmt":"2026-04-30T23:00:00","guid":{"rendered":"https:\/\/edebiyyat-az.com\/?p=51038"},"modified":"2026-05-01T09:01:49","modified_gmt":"2026-05-01T05:01:49","slug":"l%c9%99tif-k%c9%99rimovun-120-illiyinin-qeyd-edilm%c9%99si-haqqinda-az%c9%99rbaycan-respublikasi-prezidentinin-s%c9%99r%c9%99ncami","status":"publish","type":"post","link":"http:\/\/edebiyyat-az.com\/?p=51038","title":{"rendered":"L\u0259tif K\u0259rimovun 120 illiyinin qeyd edilm\u0259si haqq\u0131nda Az\u0259rbaycan Respublikas\u0131 Prezidentinin S\u0259r\u0259ncam\u0131"},"content":{"rendered":"\n<figure class=\"wp-block-image size-large\"><a href=\"http:\/\/edebiyyat-az.com\/wp-content\/uploads\/2025\/12\/presidentofazerbaijan01.jpg\"><img loading=\"lazy\" decoding=\"async\" width=\"1024\" height=\"519\" src=\"http:\/\/edebiyyat-az.com\/wp-content\/uploads\/2025\/12\/presidentofazerbaijan01-1024x519.jpg\" alt=\"\" class=\"wp-image-50304\" srcset=\"http:\/\/edebiyyat-az.com\/wp-content\/uploads\/2025\/12\/presidentofazerbaijan01-1024x519.jpg 1024w, http:\/\/edebiyyat-az.com\/wp-content\/uploads\/2025\/12\/presidentofazerbaijan01-300x152.jpg 300w, http:\/\/edebiyyat-az.com\/wp-content\/uploads\/2025\/12\/presidentofazerbaijan01-768x389.jpg 768w, http:\/\/edebiyyat-az.com\/wp-content\/uploads\/2025\/12\/presidentofazerbaijan01-1536x778.jpg 1536w, http:\/\/edebiyyat-az.com\/wp-content\/uploads\/2025\/12\/presidentofazerbaijan01-2048x1038.jpg 2048w\" sizes=\"auto, (max-width: 1024px) 100vw, 1024px\" \/><\/a><\/figure>\n\n\n\n<p>2026-c\u0131 ilin noyabr ay\u0131nda Az\u0259rbaycan t\u0259sviri s\u0259n\u0259tinin b\u00f6y\u00fck ustas\u0131, g\u00f6rk\u0259mli xal\u00e7a\u015f\u00fcnas, pedaqoq v\u0259 s\u0259n\u0259t\u015f\u00fcnas alim, SSR\u0130 D\u00f6vl\u0259t m\u00fckafat\u0131 laureat\u0131, Xalq r\u0259ssam\u0131 L\u0259tif H\u00fcseyn o\u011flu K\u0259rimovun 120 illiyi tamam olur.<\/p>\n\n\n\n<p>D\u00fcnya m\u0259d\u0259ni irs x\u0259zin\u0259sind\u0259 \u015f\u0259r\u0259fli m\u00f6vqey\u0259 malik Az\u0259rbaycan xal\u00e7a m\u0259d\u0259niyy\u0259tinin haz\u0131rk\u0131 inki\u015faf s\u0259viyy\u0259sin\u0259 y\u00fcks\u0259lm\u0259sind\u0259 L\u0259tif K\u0259rimovun t\u0259qdir\u0259layiq xidm\u0259tl\u0259ri vard\u0131r. Onun eskizl\u0259ri \u0259sas\u0131nda toxunmu\u015f xeyli sayda s\u00fcjetli, portret xal\u00e7alar v\u0259 monumental xal\u0131lar milli xal\u00e7a\u00e7\u0131l\u0131\u011f\u0131n parlaq \u0259n\u0259n\u0259l\u0259rini \u00f6z\u00fcnd\u0259 ya\u015fadan misilsiz s\u0259n\u0259t n\u00fcmun\u0259l\u0259ridir. Fitri istedadla yarad\u0131lan v\u0259 nax\u0131\u015flar\u0131n\u0131n ifad\u0259liliyi, bitkin \u00fcslubu il\u0259 se\u00e7il\u0259n d\u0259rin koloritli \u0259s\u0259rl\u0259ri s\u0259n\u0259tkara d\u00f6vr\u00fcn m\u0259\u015fhur xal\u00e7a ustalar\u0131ndan biri olaraq x\u00fcsusi \u015f\u00f6hr\u0259t qazand\u0131rm\u0131\u015fd\u0131r. L\u0259tif K\u0259rimov Az\u0259rbaycan xal\u00e7alar\u0131n\u0131n ornamental, kompozisiya x\u00fcsusiyy\u0259tl\u0259rini m\u00fc\u0259yy\u0259nl\u0259\u015fdirmi\u015f v\u0259 m\u00fck\u0259mm\u0259l sistemli t\u0259snifat\u0131n\u0131 i\u015fl\u0259yib haz\u0131rlam\u0131\u015fd\u0131r. Xal\u00e7a s\u0259n\u0259tinin beyn\u0259lxalq miqyasda mahir bilicisi kimi tan\u0131nm\u0131\u015f alimin bu istiqam\u0259td\u0259 apard\u0131\u011f\u0131 fundamental t\u0259dqiqatlar indi d\u0259 \u0259n \u00e7ox istinad olunan m\u00f6t\u0259b\u0259r m\u0259nb\u0259l\u0259rd\u0259ndir.<\/p>\n\n\n\n<p>Az\u0259rbaycan Respublikas\u0131 Konstitusiyas\u0131n\u0131n 109-cu madd\u0259sinin 32-ci b\u0259ndini r\u0259hb\u0259r tutaraq, Az\u0259rbaycan xalq t\u0259tbiqi s\u0259n\u0259tinin inki\u015faf\u0131, t\u0259dqiqi v\u0259 t\u0259bli\u011fi i\u015fin\u0259 d\u0259y\u0259rli t\u00f6hf\u0259l\u0259r vermi\u015f g\u00f6rk\u0259mli xal\u00e7a r\u0259ssam\u0131 L\u0259tif K\u0259rimovun 120 illiyinin qeyd olunmas\u0131n\u0131 t\u0259min etm\u0259k m\u0259qs\u0259dil\u0259 q\u0259rara al\u0131ram:<\/p>\n\n\n\n<p>1. Az\u0259rbaycan Respublikas\u0131n\u0131n M\u0259d\u0259niyy\u0259t Nazirliyi v\u0259 Az\u0259rbaycan Milli Elml\u0259r Akademiyas\u0131 Xalq r\u0259ssam\u0131 L\u0259tif K\u0259rimovun 120 illiyi il\u0259 ba\u011fl\u0131 t\u0259dbirl\u0259r plan\u0131 haz\u0131rlay\u0131b h\u0259yata ke\u00e7irsin.<\/p>\n\n\n\n<p>2. Az\u0259rbaycan Respublikas\u0131n\u0131n Nazirl\u0259r Kabineti bu S\u0259r\u0259ncamdan ir\u0259li g\u0259l\u0259n m\u0259s\u0259l\u0259l\u0259ri h\u0259ll etsin.<\/p>\n\n\n\n<p>\u0130lham \u018fliyev<\/p>\n\n\n\n<p>Az\u0259rbaycan Respublikas\u0131n\u0131n Prezidenti<\/p>\n\n\n\n<p>Bak\u0131 \u015f\u0259h\u0259ri, 30 aprel 2026-c\u0131 il<\/p>\n\n\n\n<p><strong>M\u0259nb\u0259: <a href=\"https:\/\/president.az\/\">https:\/\/president.az\/<\/a><\/strong><\/p>\n","protected":false},"excerpt":{"rendered":"<p>2026-c\u0131 ilin noyabr ay\u0131nda Az\u0259rbaycan t\u0259sviri s\u0259n\u0259tinin b\u00f6y\u00fck ustas\u0131, g\u00f6rk\u0259mli xal\u00e7a\u015f\u00fcnas, pedaqoq v\u0259 s\u0259n\u0259t\u015f\u00fcnas alim, SSR\u0130 D\u00f6vl\u0259t m\u00fckafat\u0131 laureat\u0131, Xalq r\u0259ssam\u0131 L\u0259tif H\u00fcseyn o\u011flu K\u0259rimovun 120 illiyi tamam olur. D\u00fcnya m\u0259d\u0259ni irs x\u0259zin\u0259sind\u0259 \u015f\u0259r\u0259fli m\u00f6vqey\u0259 malik Az\u0259rbaycan xal\u00e7a m\u0259d\u0259niyy\u0259tinin haz\u0131rk\u0131 inki\u015faf s\u0259viyy\u0259sin\u0259 y\u00fcks\u0259lm\u0259sind\u0259 L\u0259tif K\u0259rimovun t\u0259qdir\u0259layiq xidm\u0259tl\u0259ri vard\u0131r. Onun eskizl\u0259ri \u0259sas\u0131nda toxunmu\u015f xeyli sayda s\u00fcjetli, [&hellip;]<\/p>\n","protected":false},"author":2,"featured_media":0,"comment_status":"open","ping_status":"open","sticky":false,"template":"","format":"standard","meta":{"footnotes":""},"categories":[46],"tags":[],"class_list":["post-51038","post","type-post","status-publish","format-standard","hentry","category-azerbaycanprezidenti"],"_links":{"self":[{"href":"http:\/\/edebiyyat-az.com\/index.php?rest_route=\/wp\/v2\/posts\/51038","targetHints":{"allow":["GET"]}}],"collection":[{"href":"http:\/\/edebiyyat-az.com\/index.php?rest_route=\/wp\/v2\/posts"}],"about":[{"href":"http:\/\/edebiyyat-az.com\/index.php?rest_route=\/wp\/v2\/types\/post"}],"author":[{"embeddable":true,"href":"http:\/\/edebiyyat-az.com\/index.php?rest_route=\/wp\/v2\/users\/2"}],"replies":[{"embeddable":true,"href":"http:\/\/edebiyyat-az.com\/index.php?rest_route=%2Fwp%2Fv2%2Fcomments&post=51038"}],"version-history":[{"count":1,"href":"http:\/\/edebiyyat-az.com\/index.php?rest_route=\/wp\/v2\/posts\/51038\/revisions"}],"predecessor-version":[{"id":51043,"href":"http:\/\/edebiyyat-az.com\/index.php?rest_route=\/wp\/v2\/posts\/51038\/revisions\/51043"}],"wp:attachment":[{"href":"http:\/\/edebiyyat-az.com\/index.php?rest_route=%2Fwp%2Fv2%2Fmedia&parent=51038"}],"wp:term":[{"taxonomy":"category","embeddable":true,"href":"http:\/\/edebiyyat-az.com\/index.php?rest_route=%2Fwp%2Fv2%2Fcategories&post=51038"},{"taxonomy":"post_tag","embeddable":true,"href":"http:\/\/edebiyyat-az.com\/index.php?rest_route=%2Fwp%2Fv2%2Ftags&post=51038"}],"curies":[{"name":"wp","href":"https:\/\/api.w.org\/{rel}","templated":true}]}}