{"id":51061,"date":"2026-05-03T12:54:38","date_gmt":"2026-05-03T08:54:38","guid":{"rendered":"https:\/\/edebiyyat-az.com\/?p=51061"},"modified":"2026-05-03T12:54:38","modified_gmt":"2026-05-03T08:54:38","slug":"ed%c9%99biyyat-institutunun-%c9%99m%c9%99kdaslari-turk-dunyasina-h%c9%99sr-olunan-beyn%c9%99lxalq-konfransda-cixis-edibl%c9%99r","status":"publish","type":"post","link":"http:\/\/edebiyyat-az.com\/?p=51061","title":{"rendered":"\u018fd\u0259biyyat \u0130nstitutunun \u0259m\u0259kda\u015flar\u0131 T\u00fcrk d\u00fcnyas\u0131na h\u0259sr olunan beyn\u0259lxalq konfransda \u00e7\u0131x\u0131\u015f edibl\u0259r"},"content":{"rendered":"\n<figure class=\"wp-block-image size-large\"><a href=\"https:\/\/edebiyyat-az.com\/wp-content\/uploads\/2026\/05\/164221.jpg\"><img loading=\"lazy\" decoding=\"async\" width=\"1024\" height=\"768\" src=\"https:\/\/edebiyyat-az.com\/wp-content\/uploads\/2026\/05\/164221-1024x768.jpg\" alt=\"\" class=\"wp-image-51062\" srcset=\"http:\/\/edebiyyat-az.com\/wp-content\/uploads\/2026\/05\/164221-1024x768.jpg 1024w, http:\/\/edebiyyat-az.com\/wp-content\/uploads\/2026\/05\/164221-300x225.jpg 300w, http:\/\/edebiyyat-az.com\/wp-content\/uploads\/2026\/05\/164221-768x576.jpg 768w, http:\/\/edebiyyat-az.com\/wp-content\/uploads\/2026\/05\/164221-1536x1152.jpg 1536w, http:\/\/edebiyyat-az.com\/wp-content\/uploads\/2026\/05\/164221.jpg 1600w\" sizes=\"auto, (max-width: 1024px) 100vw, 1024px\" \/><\/a><\/figure>\n\n\n\n<p>Bak\u0131da X\u0259z\u0259r Universitetinin ev sahibliyi il\u0259 \u201cI Beyn\u0259lxalq T\u00fcrk d\u00fcnyas\u0131nda k\u00fclt\u00fcr v\u0259 d\u0259y\u0259rl\u0259rin izl\u0259ri\u201d simpoziumu ke\u00e7irilib. Az\u0259rbaycan, T\u00fcrkiy\u0259 v\u0259 \u00d6zb\u0259kistan\u0131n elm v\u0259 t\u0259hsil qurumlar\u0131n\u0131n birg\u0259 t\u0259\u015fkilat\u00e7\u0131l\u0131\u011f\u0131 il\u0259 ba\u015f tutan t\u0259dbird\u0259 t\u00fcrkoloji elmin \u0259sas istiqam\u0259tl\u0259ri-\u0259d\u0259biyyat, dil, tarix v\u0259 m\u0259d\u0259niyy\u0259t sah\u0259l\u0259rini \u0259hat\u0259 ed\u0259n 150-y\u0259 yax\u0131n elmi m\u0259ruz\u0259 t\u0259qdim olunub. Konfransda AMEA Nizami G\u0259nc\u0259vi ad\u0131na \u018fd\u0259biyyat \u0130nstitutunun aliml\u0259ri d\u0259 f\u0259al i\u015ftirak edibl\u0259r.<\/p>\n\n\n\n<p>Plenar iclasda \u0130nstitutun direktor m\u00fcavini, filologiya elml\u0259ri doktoru Mehman H\u0259s\u0259nli \u00e7\u0131x\u0131\u015f edib. O, Az\u0259rbaycan Respublikas\u0131n\u0131n Prezidenti \u0130lham \u018fliyevin \u201cBizim ail\u0259miz t\u00fcrk d\u00fcnyas\u0131d\u0131r\u201d tezisinin yaln\u0131z tarixi \u0259n\u0259n\u0259l\u0259r\u0259 s\u00f6yk\u0259nm\u0259diyini, m\u00fcasir d\u00f6vr v\u0259 g\u0259l\u0259c\u0259k \u00fc\u00e7\u00fcn yeni birlik modelinin t\u0259qdimat\u0131 bax\u0131m\u0131ndan x\u00fcsusi \u0259h\u0259miyy\u0259t da\u015f\u0131d\u0131\u011f\u0131n\u0131 vur\u011fulay\u0131b. Natiq konfrans\u0131n y\u00fcz il \u0259vv\u0259l I T\u00fcrkoloji qurultaya ev sahibliyi etmi\u015f Bak\u0131da ke\u00e7irilm\u0259sini, el\u0259c\u0259 d\u0259 t\u0259dbirin T\u00fcrkiy\u0259 v\u0259 \u00d6zb\u0259kistan\u0131n n\u00fcfuzlu elm v\u0259 t\u0259hsil qurumlar\u0131 il\u0259 birg\u0259 t\u0259\u015fkilini T\u00fcrk d\u00fcnyas\u0131nda elmi \u0259m\u0259kda\u015fl\u0131\u011f\u0131n geni\u015fl\u0259nm\u0259si bax\u0131m\u0131ndan m\u00fch\u00fcm hadis\u0259 kimi d\u0259y\u0259rl\u0259ndirib.<\/p>\n\n\n\n<p>\u0130ki g\u00fcn davam ed\u0259n konfrans \u00e7\u0259r\u00e7iv\u0259sind\u0259 \u018fd\u0259biyyat \u0130nstitutunun \u0259m\u0259kda\u015flar\u0131 m\u00fcxt\u0259lif panel iclaslar\u0131nda aktiv i\u015ftirak edibl\u0259r. Filologiya elml\u0259ri doktoru, professor Tahir\u0259 M\u0259mm\u0259d v\u0259 filologiya elml\u0259ri doktoru, dosent L\u00fctviyy\u0259 \u018fsg\u0259rzad\u0259 ayr\u0131-ayr\u0131 panell\u0259r\u0259 s\u0259drlik edibl\u0259r.<\/p>\n\n\n\n<p>Eyni zamanda, institutun \u0259m\u0259kda\u015flar\u0131ndan filologiya elml\u0259ri doktoru, dosent Xuraman H\u00fcmm\u0259tova, filologiya elml\u0259ri doktoru, dosent Almaz \u00dclvi Binn\u0259tova, filologiya elml\u0259ri doktoru, dosent M\u0259rziyy\u0259 N\u0259c\u0259fova, filologiya elml\u0259ri doktoru, dosent E\u015fqan\u0259 Babayeva, filologiya elml\u0259ri doktoru, dosent B\u0259sir\u0259 \u018fziz\u0259liyeva, filologiya \u00fczr\u0259 f\u0259ls\u0259f\u0259 doktoru, dosent \u015e\u00fckuf\u0259 V\u0259liyeva, filologiya \u00fczr\u0259 f\u0259ls\u0259f\u0259 doktoru Arzu Hac\u0131yeva, filologiya \u00fczr\u0259 f\u0259ls\u0259f\u0259 doktoru G\u00fclnar Yunusova, Maya H\u0259s\u0259nli, Leyla Primova v\u0259 Hicran \u018fhm\u0259d m\u0259ruz\u0259l\u0259rl\u0259 i\u015ftirak edibl\u0259r.<\/p>\n\n\n\n<figure class=\"wp-block-image size-large\"><a href=\"https:\/\/edebiyyat-az.com\/wp-content\/uploads\/2026\/05\/164223.jpg\"><img loading=\"lazy\" decoding=\"async\" width=\"1024\" height=\"682\" src=\"https:\/\/edebiyyat-az.com\/wp-content\/uploads\/2026\/05\/164223-1024x682.jpg\" alt=\"\" class=\"wp-image-51063\" srcset=\"http:\/\/edebiyyat-az.com\/wp-content\/uploads\/2026\/05\/164223-1024x682.jpg 1024w, http:\/\/edebiyyat-az.com\/wp-content\/uploads\/2026\/05\/164223-300x200.jpg 300w, http:\/\/edebiyyat-az.com\/wp-content\/uploads\/2026\/05\/164223-768x512.jpg 768w, http:\/\/edebiyyat-az.com\/wp-content\/uploads\/2026\/05\/164223-1536x1023.jpg 1536w, http:\/\/edebiyyat-az.com\/wp-content\/uploads\/2026\/05\/164223.jpg 1600w\" sizes=\"auto, (max-width: 1024px) 100vw, 1024px\" \/><\/a><\/figure>\n","protected":false},"excerpt":{"rendered":"<p>Bak\u0131da X\u0259z\u0259r Universitetinin ev sahibliyi il\u0259 \u201cI Beyn\u0259lxalq T\u00fcrk d\u00fcnyas\u0131nda k\u00fclt\u00fcr v\u0259 d\u0259y\u0259rl\u0259rin izl\u0259ri\u201d simpoziumu ke\u00e7irilib. Az\u0259rbaycan, T\u00fcrkiy\u0259 v\u0259 \u00d6zb\u0259kistan\u0131n elm v\u0259 t\u0259hsil qurumlar\u0131n\u0131n birg\u0259 t\u0259\u015fkilat\u00e7\u0131l\u0131\u011f\u0131 il\u0259 ba\u015f tutan t\u0259dbird\u0259 t\u00fcrkoloji elmin \u0259sas istiqam\u0259tl\u0259ri-\u0259d\u0259biyyat, dil, tarix v\u0259 m\u0259d\u0259niyy\u0259t sah\u0259l\u0259rini \u0259hat\u0259 ed\u0259n 150-y\u0259 yax\u0131n elmi m\u0259ruz\u0259 t\u0259qdim olunub. Konfransda AMEA Nizami G\u0259nc\u0259vi ad\u0131na \u018fd\u0259biyyat \u0130nstitutunun aliml\u0259ri [&hellip;]<\/p>\n","protected":false},"author":2,"featured_media":0,"comment_status":"open","ping_status":"open","sticky":false,"template":"","format":"standard","meta":{"footnotes":""},"categories":[51],"tags":[162],"class_list":["post-51061","post","type-post","status-publish","format-standard","hentry","category-edenez","tag-nizami-gncvi-adina-edbiyyat-institutu"],"_links":{"self":[{"href":"http:\/\/edebiyyat-az.com\/index.php?rest_route=\/wp\/v2\/posts\/51061","targetHints":{"allow":["GET"]}}],"collection":[{"href":"http:\/\/edebiyyat-az.com\/index.php?rest_route=\/wp\/v2\/posts"}],"about":[{"href":"http:\/\/edebiyyat-az.com\/index.php?rest_route=\/wp\/v2\/types\/post"}],"author":[{"embeddable":true,"href":"http:\/\/edebiyyat-az.com\/index.php?rest_route=\/wp\/v2\/users\/2"}],"replies":[{"embeddable":true,"href":"http:\/\/edebiyyat-az.com\/index.php?rest_route=%2Fwp%2Fv2%2Fcomments&post=51061"}],"version-history":[{"count":1,"href":"http:\/\/edebiyyat-az.com\/index.php?rest_route=\/wp\/v2\/posts\/51061\/revisions"}],"predecessor-version":[{"id":51064,"href":"http:\/\/edebiyyat-az.com\/index.php?rest_route=\/wp\/v2\/posts\/51061\/revisions\/51064"}],"wp:attachment":[{"href":"http:\/\/edebiyyat-az.com\/index.php?rest_route=%2Fwp%2Fv2%2Fmedia&parent=51061"}],"wp:term":[{"taxonomy":"category","embeddable":true,"href":"http:\/\/edebiyyat-az.com\/index.php?rest_route=%2Fwp%2Fv2%2Fcategories&post=51061"},{"taxonomy":"post_tag","embeddable":true,"href":"http:\/\/edebiyyat-az.com\/index.php?rest_route=%2Fwp%2Fv2%2Ftags&post=51061"}],"curies":[{"name":"wp","href":"https:\/\/api.w.org\/{rel}","templated":true}]}}