{"id":2097,"date":"2013-04-27T05:22:31","date_gmt":"2013-04-27T05:22:31","guid":{"rendered":"http:\/\/edebiyyat-az.com\/?p=2097"},"modified":"2013-04-27T05:22:31","modified_gmt":"2013-04-27T05:22:31","slug":"semsettin-agar-semsettin-dervisoglu-turkiye-ankara-muhtesem-siirler","status":"publish","type":"post","link":"https:\/\/edebiyyat-az.com\/?p=2097","title":{"rendered":"\u015eemsettin A\u011eAR ( \u015eemsettin DERV\u0130\u015eO\u011eLU) ( T\u00fcrkiye, Ankara).Muhte\u015fem \u015fiirler"},"content":{"rendered":"<p><a href=\"http:\/\/edebiyyat-az.com\/wp-content\/uploads\/2013\/03\/Semsettin-HOCAM2.jpg\"><img loading=\"lazy\" decoding=\"async\" src=\"http:\/\/edebiyyat-az.com\/wp-content\/uploads\/2013\/03\/Semsettin-HOCAM2.jpg\" alt=\"\" title=\"Semsettin HOCAM\" width=\"300\" height=\"300\" class=\"aligncenter size-full wp-image-1406\" srcset=\"https:\/\/edebiyyat-az.com\/wp-content\/uploads\/2013\/03\/Semsettin-HOCAM2.jpg 300w, https:\/\/edebiyyat-az.com\/wp-content\/uploads\/2013\/03\/Semsettin-HOCAM2-150x150.jpg 150w\" sizes=\"auto, (max-width: 300px) 100vw, 300px\" \/><\/a>\\<\/p>\n<p>BA\u015eBU\u011eUM<\/p>\n<p> Her Nisan ay\u0131nda h\u00fcz\u00fcn sar\u0131yor<br \/>\n Uyan Ey Ba\u015fbu\u011fum halimizi g\u00f6r<br \/>\n Bozkurtlar dirilmi\u015f seni ar\u0131yor<br \/>\n Uyan Ey Ba\u015fbu\u011fum halimizi g\u00f6r <\/p>\n<p> Hedefine varmaz oldu ata\u011f\u0131m<br \/>\n \u00c7akallara mesken olmu\u015f yata\u011f\u0131m<br \/>\n Sen var iken b\u00f6yle miydi ota\u011f\u0131m<br \/>\n Uyan Ey Ba\u015fbu\u011fum halimizi g\u00f6r <\/p>\n<p> \u015eerde ittifak var eziyor beni<br \/>\n Hainin kur\u015funu \u00e7iziyor beni<br \/>\n Vatan\u0131m sahipsiz \u00fcz\u00fcyor beni<br \/>\n Uyan Ey Ba\u015fbu\u011fum halimizi g\u00f6r <\/p>\n<p> Dokuz yol \u00f6nerdin \u0131\u015f\u0131\u011f\u0131m\u0131zd\u0131<br \/>\n Besmele sofrada ka\u015f\u0131\u011f\u0131m\u0131zd\u0131<br \/>\n T\u00fcrk \u0130slam davas\u0131 be\u015fi\u011fimizdi<br \/>\n Uyan Ey Ba\u015fbu\u011fum halimizi g\u00f6r <\/p>\n<p> \u0130hanet kaplam\u0131\u015f boyunca dizi<br \/>\n Kar\u0131\u015fm\u0131\u015f at ile itlerin izi<br \/>\n S\u00f6yle kim kurtar\u0131r bu halden bizi<br \/>\n Uyan ey Ba\u015fbu\u011fum halimizi g\u00f6r<\/p>\n<p> Umut boyun b\u00fcker vaziyet sakil<br \/>\n D\u00f6k\u00fcld\u00fc Dervi\u015fin ba\u015f\u0131ndan kak\u00fcl<br \/>\n G\u00f6r ki kim delirdi g\u00f6r ki kim akil<br \/>\n Uyan ey Ba\u015fbu\u011fum halimizi g\u00f6r<\/p>\n<p>BA\u015eLIKSIZ \u0130K\u0130 KITA<\/p>\n<p> Direktif s\u0131ralarken canilerin en ba\u015f\u0131<br \/>\n S\u00f6z\u00fcm ona dinermi\u015f analar\u0131n g\u00f6zya\u015f\u0131<br \/>\n O halde neden sard\u0131 sizi bayrak tela\u015f\u0131<br \/>\n Alanlarda fink atar k\u0131rm\u0131z\u0131 sar\u0131 ye\u015fil<br \/>\n Tek bayrak dedi\u011finiz bu muydu bre gafil<\/p>\n<p> Davac\u0131d\u0131r davac\u0131 \u00fclkemin her bir ta\u015f\u0131<br \/>\n Bo\u011faz\u0131n\u0131za dursun milletin suyu a\u015f\u0131<br \/>\n Art\u0131k tedav\u00fcl d\u0131\u015f\u0131 timsahlar\u0131n g\u00f6zya\u015f\u0131<br \/>\n Ayr\u0131l\u0131k r\u00fczgarlar\u0131 eserken efil efil<br \/>\n Tek bayrak dedi\u011finiz bu muydu bre gafil<\/p>\n","protected":false},"excerpt":{"rendered":"<p>\\ BA\u015eBU\u011eUM Her Nisan ay\u0131nda h\u00fcz\u00fcn sar\u0131yor Uyan Ey Ba\u015fbu\u011fum halimizi g\u00f6r Bozkurtlar dirilmi\u015f seni ar\u0131yor Uyan Ey Ba\u015fbu\u011fum halimizi g\u00f6r Hedefine varmaz oldu ata\u011f\u0131m \u00c7akallara mesken olmu\u015f yata\u011f\u0131m Sen var iken b\u00f6yle miydi ota\u011f\u0131m Uyan Ey Ba\u015fbu\u011fum halimizi g\u00f6r \u015eerde ittifak var eziyor beni Hainin kur\u015funu \u00e7iziyor beni Vatan\u0131m sahipsiz \u00fcz\u00fcyor beni Uyan Ey [&hellip;]<\/p>\n","protected":false},"author":1,"featured_media":0,"comment_status":"open","ping_status":"open","sticky":false,"template":"","format":"standard","meta":{"footnotes":""},"categories":[7],"tags":[],"class_list":["post-2097","post","type-post","status-publish","format-standard","hentry","category-turkiy-dbiyyati"],"_links":{"self":[{"href":"https:\/\/edebiyyat-az.com\/index.php?rest_route=\/wp\/v2\/posts\/2097","targetHints":{"allow":["GET"]}}],"collection":[{"href":"https:\/\/edebiyyat-az.com\/index.php?rest_route=\/wp\/v2\/posts"}],"about":[{"href":"https:\/\/edebiyyat-az.com\/index.php?rest_route=\/wp\/v2\/types\/post"}],"author":[{"embeddable":true,"href":"https:\/\/edebiyyat-az.com\/index.php?rest_route=\/wp\/v2\/users\/1"}],"replies":[{"embeddable":true,"href":"https:\/\/edebiyyat-az.com\/index.php?rest_route=%2Fwp%2Fv2%2Fcomments&post=2097"}],"version-history":[{"count":2,"href":"https:\/\/edebiyyat-az.com\/index.php?rest_route=\/wp\/v2\/posts\/2097\/revisions"}],"predecessor-version":[{"id":2099,"href":"https:\/\/edebiyyat-az.com\/index.php?rest_route=\/wp\/v2\/posts\/2097\/revisions\/2099"}],"wp:attachment":[{"href":"https:\/\/edebiyyat-az.com\/index.php?rest_route=%2Fwp%2Fv2%2Fmedia&parent=2097"}],"wp:term":[{"taxonomy":"category","embeddable":true,"href":"https:\/\/edebiyyat-az.com\/index.php?rest_route=%2Fwp%2Fv2%2Fcategories&post=2097"},{"taxonomy":"post_tag","embeddable":true,"href":"https:\/\/edebiyyat-az.com\/index.php?rest_route=%2Fwp%2Fv2%2Ftags&post=2097"}],"curies":[{"name":"wp","href":"https:\/\/api.w.org\/{rel}","templated":true}]}}