{"id":2125,"date":"2013-04-29T04:38:52","date_gmt":"2013-04-29T04:38:52","guid":{"rendered":"http:\/\/edebiyyat-az.com\/?p=2125"},"modified":"2014-01-16T17:29:14","modified_gmt":"2014-01-16T17:29:14","slug":"astan-qasimov-m%c9%99qal%c9%99l%c9%99r","status":"publish","type":"post","link":"https:\/\/edebiyyat-az.com\/?p=2125","title":{"rendered":"Astan QASIMOV.M\u0259qal\u0259l\u0259r"},"content":{"rendered":"<p><a href=\"http:\/\/edebiyyat-az.com\/wp-content\/uploads\/2013\/04\/1389723258403.jpg\"><img loading=\"lazy\" decoding=\"async\" src=\"http:\/\/edebiyyat-az.com\/wp-content\/uploads\/2013\/04\/1389723258403.jpg\" alt=\"1389723258403\" width=\"200\" height=\"283\" class=\"aligncenter size-full wp-image-7227\" \/><\/a><\/p>\n<p>M\u018fN F\u018fXR ED\u0130R\u018fM K\u0130, AZ\u018fRBAYCANLIYAM<\/p>\n<p>M\u0259nim do\u011fma v\u0259t\u0259nim Az\u0259rbaycand\u0131r.M\u0259n bu \u00f6lk\u0259nin v\u0259t\u0259nda\u015f\u0131yam.V\u0259t\u0259nimiz biz\u0259  ulu babalar\u0131m\u0131zdan \u0259man\u0259tdir.<br \/>\nV\u0259t\u0259nimizin ba\u015f\u0131 b\u0259lalar \u00e7\u0259kib, ancaq igid, yenilm\u0259z o\u011fullar\u0131m\u0131z \u00f6z sin\u0259l\u0259rini sip\u0259r edib torpaqlar\u0131m\u0131z\u0131 qoruyublar.Onlar v\u0259t\u0259nimizin h\u0259r bir qar\u0131\u015f torpa\u011f\u0131 \u00fc\u00e7\u00fcn canlar\u0131n\u0131 f\u0259da etmi\u015fl\u0259r.El\u0259 insan tap\u0131lmaz ki, q\u0259lbind\u0259 v\u0259t\u0259n sevgisi olmas\u0131n.Bel\u0259 insanlara \u0259n bariz n\u00fcmun\u0259 kimi Az\u0259rbaycan xalq\u0131n\u0131n \u00fcmummilli lideri Heyd\u0259r \u018flirza o\u011flu \u018fliyevi n\u00fcmun\u0259 g\u00f6st\u0259rm\u0259k olar.Heyd\u0259r \u018fliyev \u00f6z xalq\u0131n\u0131n inki\u015faf\u0131 \u00fc\u00e7\u00fcn \u0259lind\u0259n g\u0259l\u0259n h\u0259r \u015feyi etmi\u015fdir.<br \/>\nAz\u0259rbaycan xalq\u0131n\u0131n \u00fcmummilli lideri Heyd\u0259r \u018fliyev \u00f6z do\u011fma v\u0259t\u0259ni Az\u0259rbaycan\u0131 sevib h\u0259r \u015feyd\u0259n uca tutmu\u015fdur.H\u0259l\u0259 Sovetl\u0259r d\u00f6n\u0259mind\u0259 d\u00fcnyan\u0131n hans\u0131 \u00f6lk\u0259l\u0259rin\u0259 s\u0259yah\u0259t etm\u0259sind\u0259n as\u0131l\u0131 olmayaraq, x\u0259rit\u0259d\u0259 b\u00f6y\u00fck sevgi il\u0259 V\u0259t\u0259nimiz Az\u0259rbaycan\u0131 d\u00fcnya \u00f6lk\u0259l\u0259rin\u0259 tan\u0131tm\u0131\u015fd\u0131r.M\u0259hz h\u0259min ill\u0259rd\u0259 Heyd\u0259r \u018fliyevin uzaq g\u00f6r\u0259nlik siyas\u0259tinin n\u0259tic\u0259sidir ki, indi d\u0259 do\u011fma v\u0259t\u0259nimiz Az\u0259rbaycan \u00e7i\u00e7\u0259kl\u0259nir.<br \/>\n\u00c7a\u011fda\u015f d\u00f6vrd\u0259 Az\u0259rbaycan xalq\u0131n\u0131n \u00fcmummilli lideri Heyd\u0259r \u018fliyevin bir c\u00fcml\u0259si daha \u00e7ox xalqa q\u0259lb\u0259n, ruh\u0259n ba\u011fl\u0131 olmas\u0131n\u0131, Az\u0259rbaycan v\u0259t\u0259nda\u015f\u0131 olma\u011f\u0131 il\u0259 f\u0259xr etdiyini bir daha t\u0259sdiql\u0259yir: &#8220;M\u018fN F\u018fXR ED\u0130R\u018fM K\u0130, AZ\u018fRBAYCANLIYAM&#8221;.<\/p>\n<p>ONLAR M\u00dcTL\u018fQ \u00d6Z YURLARINA QAYIDACAQLAR<\/p>\n<p>Erm\u0259nil\u0259rl\u0259 Az\u0259rbaycanl\u0131la\u0131rn m\u00fcharib\u0259l\u0259ri 1988-ci ild\u0259n ba\u015fla\u0131m\u015fd\u0131r.Bu m\u00fcharib\u0259l\u0259r aral\u0131qlarla 1992 v\u0259 1993-c\u00fc ill\u0259r\u0259 q\u0259d\u0259r davam etdirmi\u015fdir.H\u0259min ill\u0259rd\u0259 bizim b\u0259zi rayonlar\u0131m\u0131z i\u015f\u011fal olmu\u015fdur: Xocal\u0131, \u015eu\u015fa, La\u00e7\u0131n, Xocav\u0259nd, K\u0259lb\u0259c\u0259r, A\u011fd\u0259r\u0259, A\u011fdam, C\u0259bray\u0131l, F\u00fczuli, Qubadl\u0131, Z\u0259ngilan.<br \/>\nErm\u0259nil\u0259r 1988-ci ill\u0259rd\u0259 Az\u0259rbaycanl\u0131 \u0259sg\u0259rl\u0259rin ad\u0131ndan \u00f6z h\u0259mv\u0259t\u0259nl\u0259rin\u0259 qar\u015f\u0131 zorak\u0131l\u0131q g\u00f6st\u0259rm\u0259kl\u0259 onlar\u0131 \u00f6ld\u00fcrm\u00fc\u015fd\u00fcl\u0259r.Bel\u0259c\u0259 Az\u0259rbaycan\u0131n ad\u0131na l\u0259k\u0259 vurmu\u015flar.<br \/>\nBiz i\u015f\u011fal olunmu\u015f torpaqlar\u0131m\u0131z\u0131 geri alaca\u011f\u0131q.Qa\u00e7q\u0131nlar ail\u0259l\u0259r is\u0259 \u00f6z torpaqlar\u0131na geri qay\u0131dacaqlar.<\/p>\n","protected":false},"excerpt":{"rendered":"<p>M\u018fN F\u018fXR ED\u0130R\u018fM K\u0130, AZ\u018fRBAYCANLIYAM M\u0259nim do\u011fma v\u0259t\u0259nim Az\u0259rbaycand\u0131r.M\u0259n bu \u00f6lk\u0259nin v\u0259t\u0259nda\u015f\u0131yam.V\u0259t\u0259nimiz biz\u0259 ulu babalar\u0131m\u0131zdan \u0259man\u0259tdir. V\u0259t\u0259nimizin ba\u015f\u0131 b\u0259lalar \u00e7\u0259kib, ancaq igid, yenilm\u0259z o\u011fullar\u0131m\u0131z \u00f6z sin\u0259l\u0259rini sip\u0259r edib torpaqlar\u0131m\u0131z\u0131 qoruyublar.Onlar v\u0259t\u0259nimizin h\u0259r bir qar\u0131\u015f torpa\u011f\u0131 \u00fc\u00e7\u00fcn canlar\u0131n\u0131 f\u0259da etmi\u015fl\u0259r.El\u0259 insan tap\u0131lmaz ki, q\u0259lbind\u0259 v\u0259t\u0259n sevgisi olmas\u0131n.Bel\u0259 insanlara \u0259n bariz n\u00fcmun\u0259 kimi Az\u0259rbaycan xalq\u0131n\u0131n \u00fcmummilli lideri [&hellip;]<\/p>\n","protected":false},"author":1,"featured_media":0,"comment_status":"open","ping_status":"open","sticky":false,"template":"","format":"standard","meta":{"footnotes":""},"categories":[1],"tags":[],"class_list":["post-2125","post","type-post","status-publish","format-standard","hentry","category-home"],"_links":{"self":[{"href":"https:\/\/edebiyyat-az.com\/index.php?rest_route=\/wp\/v2\/posts\/2125","targetHints":{"allow":["GET"]}}],"collection":[{"href":"https:\/\/edebiyyat-az.com\/index.php?rest_route=\/wp\/v2\/posts"}],"about":[{"href":"https:\/\/edebiyyat-az.com\/index.php?rest_route=\/wp\/v2\/types\/post"}],"author":[{"embeddable":true,"href":"https:\/\/edebiyyat-az.com\/index.php?rest_route=\/wp\/v2\/users\/1"}],"replies":[{"embeddable":true,"href":"https:\/\/edebiyyat-az.com\/index.php?rest_route=%2Fwp%2Fv2%2Fcomments&post=2125"}],"version-history":[{"count":4,"href":"https:\/\/edebiyyat-az.com\/index.php?rest_route=\/wp\/v2\/posts\/2125\/revisions"}],"predecessor-version":[{"id":7230,"href":"https:\/\/edebiyyat-az.com\/index.php?rest_route=\/wp\/v2\/posts\/2125\/revisions\/7230"}],"wp:attachment":[{"href":"https:\/\/edebiyyat-az.com\/index.php?rest_route=%2Fwp%2Fv2%2Fmedia&parent=2125"}],"wp:term":[{"taxonomy":"category","embeddable":true,"href":"https:\/\/edebiyyat-az.com\/index.php?rest_route=%2Fwp%2Fv2%2Fcategories&post=2125"},{"taxonomy":"post_tag","embeddable":true,"href":"https:\/\/edebiyyat-az.com\/index.php?rest_route=%2Fwp%2Fv2%2Ftags&post=2125"}],"curies":[{"name":"wp","href":"https:\/\/api.w.org\/{rel}","templated":true}]}}