{"id":21280,"date":"2016-07-29T12:00:20","date_gmt":"2016-07-29T08:00:20","guid":{"rendered":"http:\/\/edebiyyat-az.com\/?p=21280"},"modified":"2016-07-29T12:28:46","modified_gmt":"2016-07-29T08:28:46","slug":"g%c9%99nc-r%c9%99ssamlar-ucun-aciq-musabiq%c9%99-artim-2017","status":"publish","type":"post","link":"https:\/\/edebiyyat-az.com\/?p=21280","title":{"rendered":"G\u0259nc r\u0259ssamlar \u00fc\u00e7\u00fcn a\u00e7\u0131q m\u00fcsabiq\u0259: ARTIM-2017"},"content":{"rendered":"<p><a href=\"http:\/\/edebiyyat-az.com\/wp-content\/uploads\/2016\/07\/1230.jpg\"><img loading=\"lazy\" decoding=\"async\" src=\"http:\/\/edebiyyat-az.com\/wp-content\/uploads\/2016\/07\/1230-300x217.jpg\" alt=\"1230\" width=\"300\" height=\"217\" class=\"aligncenter size-medium wp-image-21277\" srcset=\"https:\/\/edebiyyat-az.com\/wp-content\/uploads\/2016\/07\/1230-300x217.jpg 300w, https:\/\/edebiyyat-az.com\/wp-content\/uploads\/2016\/07\/1230-768x556.jpg 768w, https:\/\/edebiyyat-az.com\/wp-content\/uploads\/2016\/07\/1230.jpg 924w\" sizes=\"auto, (max-width: 300px) 100vw, 300px\" \/><\/a><\/p>\n<p>YARAT M\u00fcasir \u0130nc\u0259s\u0259n\u0259t M\u0259kan yerli yarad\u0131c\u0131 f\u0259rdl\u0259ri ARTIM-2017 layih\u0259sind\u0259 i\u015ftirak etm\u0259y\u0259 d\u0259v\u0259t edir.<\/p>\n<p>\u0130nc\u0259s\u0259n\u0259t M\u0259kan\u0131ndan AZ\u018fRTAC-a bildirilib ki, layih\u0259d\u0259 b\u00fct\u00fcn n\u00f6v t\u0259sviri s\u0259n\u0259t kompozisiyalar\u0131 il\u0259 i\u015ftirak etm\u0259k m\u00fcmk\u00fcnd\u00fcr v\u0259 eyni zamanda h\u0259r k\u0259s \u00fc\u00e7\u00fcn a\u00e7\u0131q v\u0259 \u00f6d\u0259ni\u015fsizdir.<\/p>\n<p>Layih\u0259nin ba\u015fl\u0131ca m\u0259qs\u0259di, \u00f6lk\u0259nin g\u0259nc n\u0259slinin istedadl\u0131 n\u00fcmay\u0259nd\u0259l\u0259rini inc\u0259s\u0259n\u0259t sah\u0259sind\u0259 karyera qurma\u011fa t\u0259\u015fviq etm\u0259k, habel\u0259 Az\u0259rbaycan\u0131n g\u0259nc r\u0259ssamlar\u0131na pe\u015f\u0259kar s\u0259hn\u0259d\u0259 \u00f6z \u0259s\u0259rl\u0259rini n\u00fcmayi\u015f etdirm\u0259k \u00fc\u00e7\u00fcn m\u00fcvafiq \u015f\u0259rait yaratmaqd\u0131r. ARTIM layih\u0259sinin \u0130\u00e7\u0259ri\u015f\u0259h\u0259rd\u0259 pe\u015f\u0259kar s\u0259rgi m\u0259kan\u0131 var. Bu m\u0259kan, eksperimentl\u0259rin apar\u0131lmas\u0131na v\u0259 \u0259s\u0259rl\u0259rin pe\u015f\u0259kar s\u0259viyy\u0259d\u0259 n\u00fcmayi\u015fin\u0259 imkan ver\u0259n platforma qismind\u0259 \u00e7\u0131x\u0131\u015f edir.<\/p>\n<p>YARAT t\u0259\u015fkilat\u0131 m\u00fcsabiq\u0259nin n\u0259tic\u0259l\u0259rin\u0259 dair se\u00e7ilmi\u015f r\u0259ssamlar\u0131 2016-c\u0131 il oktyabr\u0131n ortalar\u0131nda elan ed\u0259c\u0259k. Proqramda se\u00e7ilmi\u015f s\u0259n\u0259t \u0259s\u0259rl\u0259ri ARTIM Layih\u0259 M\u0259kan\u0131nda n\u00fcmayi\u015f etdiril\u0259c\u0259k. ARTIM Layih\u0259 M\u0259kan\u0131n\u0131n qaydalar\u0131na g\u00f6r\u0259 layih\u0259sind\u0259 i\u015ftirak etm\u0259k ist\u0259y\u0259n namiz\u0259dl\u0259rin ya\u015f\u0131 18-d\u0259n a\u015fa\u011f\u0131 olmamal\u0131d\u0131r. Namiz\u0259d \u00f6z layih\u0259sini t\u0259qdim etdikd\u0259n sonra, YARAT t\u0259r\u0259find\u0259n m\u00fcvafiq raz\u0131l\u0131q olmadan \u0259sasl\u0131 \u015f\u0259kild\u0259 layih\u0259nin ideyas\u0131n\u0131 d\u0259yi\u015fdir\u0259 bilm\u0259z. \u018friz\u0259l\u0259rd\u0259 h\u0259m s\u0259rgi xarakterli, h\u0259m d\u0259 maarifl\u0259ndirici komponentl\u0259r \u0259ks olunmal\u0131d\u0131r. H\u0259r bir se\u00e7ilmi\u015f i\u015ftirak\u00e7\u0131 VOEN v\u0259 bank hesab\u0131na malik olmal\u0131d\u0131r. YARAT h\u0259r bir se\u00e7ilmi\u015f layih\u0259y\u0259 kuratorluq v\u0259 inzibati d\u0259st\u0259yini g\u00f6st\u0259r\u0259c\u0259kdir. YARAT layih\u0259 \u00fczr\u0259 i\u015fl\u0259rin gedi\u015fat\u0131 il\u0259 \u0259laq\u0259dar m\u00fc\u0259llif il\u0259 davaml\u0131 m\u0259lumat m\u00fcbadil\u0259sini t\u0259min ed\u0259c\u0259k. Layih\u0259nin ba\u015fa \u00e7atd\u0131r\u0131lmas\u0131ndan sonra i\u015ftirak\u00e7\u0131lar layih\u0259 \u00fczr\u0259 m\u00fcvafiq hesabat t\u0259qdim etm\u0259lidirl\u0259r. H\u0259min hesabatda b\u00fcdc\u0259ni tam \u0259hat\u0259 etm\u0259kl\u0259 hans\u0131 h\u0259d\u0259fl\u0259r\u0259 nail olundu\u011fu haqq\u0131nda m\u0259lumat \u00f6z \u0259ksini tapmal\u0131d\u0131r. YARAT \u0259s\u0259rl\u0259rin b\u00fct\u00fcn reproduksiya formalar\u0131nda (o c\u00fcml\u0259d\u0259n, kataloqlar, t\u0259qdimatlar v\u0259 bukletl\u0259r d\u0259 daxil olmaqla) d\u0259rc etm\u0259k, \u0259s\u0259rl\u0259rd\u0259n reklam v\u0259 m\u0259lumatland\u0131r\u0131c\u0131 materiallar (a\u00e7\u0131qcalar v\u0259 plakatlar) m\u0259qs\u0259dil\u0259 istifad\u0259 etm\u0259k h\u00fcququna malikdir. ARTIM layih\u0259si \u00e7\u0259r\u00e7iv\u0259sind\u0259 yarad\u0131lan \u0259s\u0259rl\u0259rin m\u00fc\u0259llifl\u0259ri \u00f6z \u0259s\u0259rl\u0259ri \u00fcz\u0259rind\u0259 m\u00fc\u0259lliflik h\u00fcququna malikdirl\u0259r. YARAT \u0259s\u0259rl\u0259rin dig\u0259r layih\u0259l\u0259r \u00fc\u00e7\u00fcn istifad\u0259 olunmas\u0131 h\u00fcququna malikdir. YARAT-\u0131n n\u0259zar\u0259tedici hey\u0259ti layih\u0259 t\u0259l\u0259bl\u0259rin\u0259 cavab verm\u0259y\u0259c\u0259yi t\u0259qdird\u0259 v\u0259 yaxud qeyri-m\u0259qbul hesab edil\u0259c\u0259yi t\u0259qdird\u0259, i\u015ftirak\u00e7\u0131n\u0131 k\u0259narla\u015fd\u0131rmaq h\u00fcquqlar\u0131na malikdir.<\/p>\n<p>Qaydalara g\u00f6r\u0259 CV, portfolio v\u0259 doldurulmu\u015f m\u00fcraci\u0259t formas\u0131 artim@yarat.az email \u00fcnvan\u0131na g\u00f6nd\u0259rilm\u0259lidir. \u018friz\u0259l\u0259rin son q\u0259bul tarixi sentyabr\u0131n 30-d\u0259kdir. \u018flav\u0259 suallarla ba\u011fl\u0131 YARAT M\u00fcasir \u0130nc\u0259s\u0259n\u0259t M\u0259kan\u0131n\u0131n Proqramlar \u00fczr\u0259 koordinatoru Az\u0259r Abdullayevl\u0259 \u0259laq\u0259 saxlamaq m\u00fcmk\u00fcnd\u00fcr (azer.a@yarat.az) .<\/p>\n<p>ARTIM Layih\u0259 M\u0259kan\u0131n\u0131n \u0259sas m\u0259qs\u0259di g\u0259nc v\u0259 istedadl\u0131 n\u0259slin motivasiyas\u0131 v\u0259 inki\u015faf\u0131na istiqam\u0259tl\u0259ndirilmi\u015f pe\u015f\u0259kar platforman\u0131n yarad\u0131lmas\u0131, inc\u0259s\u0259n\u0259t t\u0259hsil ocaqlar\u0131n\u0131n t\u0259l\u0259b\u0259 v\u0259 m\u0259zunlar\u0131n\u0131n yeni eksperimental layih\u0259l\u0259rin\u0259 d\u0259st\u0259k verm\u0259sini \u00f6z \u00f6hd\u0259sin\u0259 g\u00f6t\u00fcr\u00fcr.<\/p>\n<p>YAY Qalereyas\u0131 Bak\u0131n\u0131n tarixi m\u0259kan\u0131, UNESCO-nun D\u00fcnya \u0130rs Siyah\u0131s\u0131na daxil edilmi\u015f obyektl\u0259rin aras\u0131nda olan \u0130\u00e7\u0259ri\u015f\u0259h\u0259rin m\u0259rk\u0259zind\u0259 yerl\u0259\u015fir. Qalereya YARAT qeyri-kommersiya t\u0259\u015fkilat\u0131 t\u0259r\u0259find\u0259n Az\u0259rbaycan inc\u0259s\u0259n\u0259ti \u00fc\u00e7\u00fcn infrastrukturun d\u0259st\u0259kl\u0259nm\u0259si m\u0259qs\u0259dil\u0259 2012-ci ild\u0259 t\u0259sis edilib. Qalereya sosial m\u00fc\u0259ssis\u0259dir, YAY (\u201cyaymaq\u201d s\u00f6z\u00fcnd\u0259ndir, \u00f6t\u00fcrm\u0259k, \u00e7atd\u0131rmaq m\u0259nas\u0131nda) sat\u0131\u015flardan \u0259ld\u0259 olunan b\u00fct\u00fcn g\u0259lirl\u0259ri r\u0259ssamlar v\u0259 YARAT t\u0259\u015fkilat\u0131 aras\u0131nda b\u00f6l\u00fc\u015fd\u00fcr\u00fcr.<\/p>\n<p>YARAT Rezidentura Proqram\u0131 m\u00fcxt\u0259lif sah\u0259l\u0259r \u00fczr\u0259 a\u00e7\u0131q, t\u0259dqiqata \u0259saslanm\u0131\u015f t\u0259cr\u00fcb\u0259y\u0259 malik v\u0259 bizim regionu k\u0259\u015ff etm\u0259kd\u0259 maraql\u0131 olan r\u0259ssamlar \u00fc\u00e7\u00fcn n\u0259z\u0259rd\u0259 tutulub. Proqram \u00fc\u00e7 ay \u0259rzind\u0259 i\u015ftirak\u00e7\u0131lara \u00f6z \u0259s\u0259rl\u0259rini haz\u0131rlama\u011fa v\u0259 \u00e7oxsayl\u0131 r\u0259ssamlar, kuratorlar v\u0259 kolleksiya\u00e7\u0131lar il\u0259 dialoq aparma\u011fa imkan yarad\u0131r. Rezidentura proqram\u0131n\u0131n sonunda haz\u0131rlanm\u0131\u015f s\u0259n\u0259t \u0259s\u0259rl\u0259ri ARTIM Layih\u0259 M\u0259kan\u0131nda n\u00fcmayi\u015f olunur.<\/p>\n<p><strong>M\u0259nb\u0259: http:\/\/www.azertag.az<\/strong><\/p>\n","protected":false},"excerpt":{"rendered":"<p>YARAT M\u00fcasir \u0130nc\u0259s\u0259n\u0259t M\u0259kan yerli yarad\u0131c\u0131 f\u0259rdl\u0259ri ARTIM-2017 layih\u0259sind\u0259 i\u015ftirak etm\u0259y\u0259 d\u0259v\u0259t edir. \u0130nc\u0259s\u0259n\u0259t M\u0259kan\u0131ndan AZ\u018fRTAC-a bildirilib ki, layih\u0259d\u0259 b\u00fct\u00fcn n\u00f6v t\u0259sviri s\u0259n\u0259t kompozisiyalar\u0131 il\u0259 i\u015ftirak etm\u0259k m\u00fcmk\u00fcnd\u00fcr v\u0259 eyni zamanda h\u0259r k\u0259s \u00fc\u00e7\u00fcn a\u00e7\u0131q v\u0259 \u00f6d\u0259ni\u015fsizdir. Layih\u0259nin ba\u015fl\u0131ca m\u0259qs\u0259di, \u00f6lk\u0259nin g\u0259nc n\u0259slinin istedadl\u0131 n\u00fcmay\u0259nd\u0259l\u0259rini inc\u0259s\u0259n\u0259t sah\u0259sind\u0259 karyera qurma\u011fa t\u0259\u015fviq etm\u0259k, habel\u0259 Az\u0259rbaycan\u0131n g\u0259nc r\u0259ssamlar\u0131na [&hellip;]<\/p>\n","protected":false},"author":2,"featured_media":0,"comment_status":"open","ping_status":"open","sticky":false,"template":"","format":"standard","meta":{"footnotes":""},"categories":[41],"tags":[],"class_list":["post-21280","post","type-post","status-publish","format-standard","hentry","category-musabiq"],"_links":{"self":[{"href":"https:\/\/edebiyyat-az.com\/index.php?rest_route=\/wp\/v2\/posts\/21280","targetHints":{"allow":["GET"]}}],"collection":[{"href":"https:\/\/edebiyyat-az.com\/index.php?rest_route=\/wp\/v2\/posts"}],"about":[{"href":"https:\/\/edebiyyat-az.com\/index.php?rest_route=\/wp\/v2\/types\/post"}],"author":[{"embeddable":true,"href":"https:\/\/edebiyyat-az.com\/index.php?rest_route=\/wp\/v2\/users\/2"}],"replies":[{"embeddable":true,"href":"https:\/\/edebiyyat-az.com\/index.php?rest_route=%2Fwp%2Fv2%2Fcomments&post=21280"}],"version-history":[{"count":1,"href":"https:\/\/edebiyyat-az.com\/index.php?rest_route=\/wp\/v2\/posts\/21280\/revisions"}],"predecessor-version":[{"id":21281,"href":"https:\/\/edebiyyat-az.com\/index.php?rest_route=\/wp\/v2\/posts\/21280\/revisions\/21281"}],"wp:attachment":[{"href":"https:\/\/edebiyyat-az.com\/index.php?rest_route=%2Fwp%2Fv2%2Fmedia&parent=21280"}],"wp:term":[{"taxonomy":"category","embeddable":true,"href":"https:\/\/edebiyyat-az.com\/index.php?rest_route=%2Fwp%2Fv2%2Fcategories&post=21280"},{"taxonomy":"post_tag","embeddable":true,"href":"https:\/\/edebiyyat-az.com\/index.php?rest_route=%2Fwp%2Fv2%2Ftags&post=21280"}],"curies":[{"name":"wp","href":"https:\/\/api.w.org\/{rel}","templated":true}]}}