{"id":2130,"date":"2013-04-29T04:45:46","date_gmt":"2013-04-29T04:45:46","guid":{"rendered":"http:\/\/edebiyyat-az.com\/?p=2130"},"modified":"2014-01-16T17:28:38","modified_gmt":"2014-01-16T17:28:38","slug":"debut-astan-qasimov-sumqayit-m%c9%99qal%c9%99","status":"publish","type":"post","link":"https:\/\/edebiyyat-az.com\/?p=2130","title":{"rendered":"Deb\u00fct: Astan QASIMOV (Sumqay\u0131t).M\u0259qal\u0259"},"content":{"rendered":"<p><a href=\"http:\/\/edebiyyat-az.com\/wp-content\/uploads\/2013\/04\/1389723258403.jpg\"><img loading=\"lazy\" decoding=\"async\" src=\"http:\/\/edebiyyat-az.com\/wp-content\/uploads\/2013\/04\/1389723258403.jpg\" alt=\"1389723258403\" width=\"200\" height=\"283\" class=\"aligncenter size-full wp-image-7227\" \/><\/a><\/p>\n<p>Qas\u0131mov Astan Zakir o\u011flu 2003-c\u00fc il aprel ay\u0131n\u0131n 10-da Sumqay\u0131t \u015f\u0259h\u0259rind\u0259 ziyal\u0131 ail\u0259sind\u0259 anadan olub. 2009-cu ild\u0259 Sumqay\u0131t \u015f\u0259h\u0259r 14 sayl\u0131 orta m\u0259kt\u0259bin birinci sinfin\u0259 daxil olub.<br \/>\n   2007-ci ild\u0259n idman\u0131n karate n\u00f6v\u00fc il\u0259 m\u0259\u015f\u011ful olur. D\u0259f\u0259l\u0259rl\u0259 \u00f6z qrup ya\u015f\u0131dlar\u0131 aras\u0131nda Az\u0259rbaycan \u00e7empionu olub. Q\u0131rx d\u0259f\u0259 birinci, alt\u0131 d\u0259f\u0259 ikinci, alt\u0131 d\u0259f\u0259 \u00fc\u00e7\u00fcnc\u00fc yer\u0259 layiq g\u00f6r\u00fclm\u00fc\u015fd\u00fcr.<br \/>\n   Az\u0259rbaycan Respublikas\u0131 Kontakt Karate Federasiyas\u0131n\u0131n prezidenti Ariz A\u011fayev t\u0259r\u0259find\u0259n f\u0259xri diplom il\u0259 t\u0259ltif olunmu\u015f v\u0259 m\u00fckafatland\u0131r\u0131lm\u0131\u015fd\u0131r. Xarici \u00f6lk\u0259l\u0259r\u0259 d\u0259f\u0259l\u0259rl\u0259 d\u0259v\u0259t al\u0131b.<\/p>\n<p>\u0130ndi m\u0259n Sumqay\u0131t \u015f\u0259h\u0259r 14 sayl\u0131 orta m\u0259kt\u0259bin idman\u00e7\u0131lar\u0131ndan ibar\u0259t 4 b sinif \u015fagirdl\u0259ri haqq\u0131nda sizl\u0259ri bilgil\u0259ndirm\u0259k ist\u0259yir\u0259m:<br \/>\n1.Y\u0259hyayev Fuad idman\u0131n futbol n\u00f6v\u00fc il\u0259 m\u0259\u015f\u011ful olur.O, bu idman n\u00f6v\u00fcnd\u0259 bir d\u0259f\u0259 birinci yer\u0259 layiq g\u00f6r\u00fclm\u00fc\u015fd\u00fcr.<br \/>\n2.\u0130smay\u0131lov F\u0259rid idman\u0131n \u00fczg\u00fc\u00e7\u00fcl\u00fck npv\u00fc il\u0259 m\u0259\u015f\u011ful olur.O, bu idman n\u00f6v\u00fcnd\u0259 bir d\u0259f\u0259 birinci, bir d\u0259f\u0259 d\u0259 ikinci yer\u0259 layiq g\u00f6r\u00fclm\u00fc\u015fd\u00fcr.<br \/>\n3.Cavadl\u0131 Tamerlan idman\u0131n boks n\u00f6v\u00fc il\u0259 m\u0259\u015f\u011ful olur.O, bu idman n\u00f6v\u00fcnd\u0259 \u00fc\u00e7\u00fcnc\u00fc yer\u0259 layiq g\u00f6r\u00fclm\u00fc\u015fd\u00fcr.<br \/>\n4.M\u0259likov Nurlan idman\u0131n boks n\u00f6v\u00fc il\u0259 m\u0259\u015f\u011ful olur.O, bu idman n\u00f6v\u00fcnd\u0259 ikinci yer\u0259 layiq g\u00f6r\u00fclm\u00fc\u015fd\u00fcr.<br \/>\n5.Rzal\u0131 G\u00fcl\u00e7in idman\u0131n \u00fczg\u00fc\u00e7\u00fcl\u00fck n\u00f6v\u00fc il\u0259 m\u0259\u015f\u011ful olur.O,  bu idman n\u00f6v\u00fcnd\u0259 bir d\u0259f\u0259 birinci yer\u0259 layiq g\u00f6r\u00fclm\u00fc\u015fd\u00fcr.<br \/>\n6.Mirz\u0259yev Firudin idman\u0131n taykvondo n\u00f6v\u00fc il\u0259 m\u0259\u015f\u011ful olur.O,bu idman n\u00f6v\u00fcnd\u0259 bir d\u0259f\u0259 ikinci, bir d\u0259f\u0259 d\u0259 \u00fc\u00e7\u00fcnc\u00fc yer\u0259 layiq g\u00f6rlm\u00fc\u015fd\u00fcr.<\/p>\n","protected":false},"excerpt":{"rendered":"<p>Qas\u0131mov Astan Zakir o\u011flu 2003-c\u00fc il aprel ay\u0131n\u0131n 10-da Sumqay\u0131t \u015f\u0259h\u0259rind\u0259 ziyal\u0131 ail\u0259sind\u0259 anadan olub. 2009-cu ild\u0259 Sumqay\u0131t \u015f\u0259h\u0259r 14 sayl\u0131 orta m\u0259kt\u0259bin birinci sinfin\u0259 daxil olub. 2007-ci ild\u0259n idman\u0131n karate n\u00f6v\u00fc il\u0259 m\u0259\u015f\u011ful olur. D\u0259f\u0259l\u0259rl\u0259 \u00f6z qrup ya\u015f\u0131dlar\u0131 aras\u0131nda Az\u0259rbaycan \u00e7empionu olub. Q\u0131rx d\u0259f\u0259 birinci, alt\u0131 d\u0259f\u0259 ikinci, alt\u0131 d\u0259f\u0259 \u00fc\u00e7\u00fcnc\u00fc yer\u0259 layiq g\u00f6r\u00fclm\u00fc\u015fd\u00fcr. [&hellip;]<\/p>\n","protected":false},"author":1,"featured_media":0,"comment_status":"open","ping_status":"open","sticky":false,"template":"","format":"standard","meta":{"footnotes":""},"categories":[1],"tags":[],"class_list":["post-2130","post","type-post","status-publish","format-standard","hentry","category-home"],"_links":{"self":[{"href":"https:\/\/edebiyyat-az.com\/index.php?rest_route=\/wp\/v2\/posts\/2130","targetHints":{"allow":["GET"]}}],"collection":[{"href":"https:\/\/edebiyyat-az.com\/index.php?rest_route=\/wp\/v2\/posts"}],"about":[{"href":"https:\/\/edebiyyat-az.com\/index.php?rest_route=\/wp\/v2\/types\/post"}],"author":[{"embeddable":true,"href":"https:\/\/edebiyyat-az.com\/index.php?rest_route=\/wp\/v2\/users\/1"}],"replies":[{"embeddable":true,"href":"https:\/\/edebiyyat-az.com\/index.php?rest_route=%2Fwp%2Fv2%2Fcomments&post=2130"}],"version-history":[{"count":5,"href":"https:\/\/edebiyyat-az.com\/index.php?rest_route=\/wp\/v2\/posts\/2130\/revisions"}],"predecessor-version":[{"id":7226,"href":"https:\/\/edebiyyat-az.com\/index.php?rest_route=\/wp\/v2\/posts\/2130\/revisions\/7226"}],"wp:attachment":[{"href":"https:\/\/edebiyyat-az.com\/index.php?rest_route=%2Fwp%2Fv2%2Fmedia&parent=2130"}],"wp:term":[{"taxonomy":"category","embeddable":true,"href":"https:\/\/edebiyyat-az.com\/index.php?rest_route=%2Fwp%2Fv2%2Fcategories&post=2130"},{"taxonomy":"post_tag","embeddable":true,"href":"https:\/\/edebiyyat-az.com\/index.php?rest_route=%2Fwp%2Fv2%2Ftags&post=2130"}],"curies":[{"name":"wp","href":"https:\/\/api.w.org\/{rel}","templated":true}]}}