{"id":21872,"date":"2016-08-23T03:00:09","date_gmt":"2016-08-22T23:00:09","guid":{"rendered":"http:\/\/edebiyyat-az.com\/?p=21872"},"modified":"2016-08-23T10:28:15","modified_gmt":"2016-08-23T06:28:15","slug":"rahil%c9%99-dovran-sahilsiz-ada","status":"publish","type":"post","link":"https:\/\/edebiyyat-az.com\/?p=21872","title":{"rendered":"Rahil\u0259 D\u00d6VRAN.&#8221;Sahilsiz ada&#8221;"},"content":{"rendered":"<p><a href=\"http:\/\/edebiyyat-az.com\/wp-content\/uploads\/2016\/07\/rahileanam.jpg\"><img loading=\"lazy\" decoding=\"async\" src=\"http:\/\/edebiyyat-az.com\/wp-content\/uploads\/2016\/07\/rahileanam-300x284.jpg\" alt=\"rahileanam\" width=\"300\" height=\"284\" class=\"aligncenter size-medium wp-image-21030\" srcset=\"https:\/\/edebiyyat-az.com\/wp-content\/uploads\/2016\/07\/rahileanam-300x284.jpg 300w, https:\/\/edebiyyat-az.com\/wp-content\/uploads\/2016\/07\/rahileanam.jpg 600w\" sizes=\"auto, (max-width: 300px) 100vw, 300px\" \/><\/a><\/p>\n<p><strong>\u015eair\u0259-jurnalist-publisist<br \/>\nAz\u0259rbaycan Yaz\u0131\u00e7\u0131lar Birliyinin \u00fczv\u00fc,<br \/>\n\u201cQ\u0131z\u0131l q\u0259l\u0259m\u201d media m\u00fckafat\u0131 laureat\u0131,<\/strong><\/p>\n<p>O n\u0259 \u0259da idi, nec\u0259 naz idi?<br \/>\nS\u0259ni sev\u0259n q\u0259lbi, xar eyl\u0259din s\u0259n.<br \/>\nO n\u0259 bax\u0131\u015f idi, nec\u0259 \u00fcz idi?<br \/>\nD\u00fcnyan\u0131 ba\u015f\u0131ma dar eyl\u0259din s\u0259n.<\/p>\n<p>Baxmad\u0131n o \u00fclvi \u0259hdi \u2013 peymana,<br \/>\nSanki biz deyildik, o and i\u00e7\u0259nl\u0259r.<br \/>\n\u00c7evrildin gah sis\u0259, gah da dumana,<br \/>\nDurna s\u00fcrb\u0259siymi\u015f, olub ke\u00e7\u0259nl\u0259r.<\/p>\n<p>Son bahar sell\u0259r d\u0259, d\u00f6y\u00fc\u015fk\u0259n olar,<br \/>\nX\u0259z\u0259ll\u0259r tutsa da, selin \u00f6z\u00fcn\u00fc.<br \/>\nPay\u0131zda havalar d\u0259yi\u015fk\u0259n olar,<br \/>\nAmans\u0131z \u015fim\u015f\u0259kl\u0259r, \u00f6y\u0259r \u00f6z\u00fcn\u00fc.<\/p>\n<p>Arzumu sa\u00e7\u0131nt\u0259k h\u00f6rd\u00fcy\u00fcm anda,<br \/>\n\u00dcmid can at\u0131rd\u0131, s\u0259nli sabaha.<br \/>\nS\u0259ni \u00f6zg\u0259siyl\u0259 g\u00f6rd\u00fcy\u00fcm anda,<br \/>\nBu e\u015fq\u0259 inam\u0131m qalmad\u0131 daha.<\/p>\n<p>Atd\u0131n s\u0259n D\u00f6vran\u0131, at\u0259s\u0259, oda,<br \/>\nOnun n\u0259 g\u00fcnd\u00fcz\u00fc, gec\u0259si vard\u0131r.<br \/>\nKims\u0259siz, t\u0259k otaq, sahilsiz ada,<br \/>\nBu d\u0259rd\u0259 v\u0259sil\u0259, v\u0259fas\u0131z yard\u0131r&#8230;<\/p>\n","protected":false},"excerpt":{"rendered":"<p>\u015eair\u0259-jurnalist-publisist Az\u0259rbaycan Yaz\u0131\u00e7\u0131lar Birliyinin \u00fczv\u00fc, \u201cQ\u0131z\u0131l q\u0259l\u0259m\u201d media m\u00fckafat\u0131 laureat\u0131, O n\u0259 \u0259da idi, nec\u0259 naz idi? S\u0259ni sev\u0259n q\u0259lbi, xar eyl\u0259din s\u0259n. O n\u0259 bax\u0131\u015f idi, nec\u0259 \u00fcz idi? D\u00fcnyan\u0131 ba\u015f\u0131ma dar eyl\u0259din s\u0259n. Baxmad\u0131n o \u00fclvi \u0259hdi \u2013 peymana, Sanki biz deyildik, o and i\u00e7\u0259nl\u0259r. \u00c7evrildin gah sis\u0259, gah da dumana, Durna s\u00fcrb\u0259siymi\u015f, [&hellip;]<\/p>\n","protected":false},"author":2,"featured_media":0,"comment_status":"open","ping_status":"open","sticky":false,"template":"","format":"standard","meta":{"footnotes":""},"categories":[4],"tags":[],"class_list":["post-21872","post","type-post","status-publish","format-standard","hentry","category-edeb"],"_links":{"self":[{"href":"https:\/\/edebiyyat-az.com\/index.php?rest_route=\/wp\/v2\/posts\/21872","targetHints":{"allow":["GET"]}}],"collection":[{"href":"https:\/\/edebiyyat-az.com\/index.php?rest_route=\/wp\/v2\/posts"}],"about":[{"href":"https:\/\/edebiyyat-az.com\/index.php?rest_route=\/wp\/v2\/types\/post"}],"author":[{"embeddable":true,"href":"https:\/\/edebiyyat-az.com\/index.php?rest_route=\/wp\/v2\/users\/2"}],"replies":[{"embeddable":true,"href":"https:\/\/edebiyyat-az.com\/index.php?rest_route=%2Fwp%2Fv2%2Fcomments&post=21872"}],"version-history":[{"count":1,"href":"https:\/\/edebiyyat-az.com\/index.php?rest_route=\/wp\/v2\/posts\/21872\/revisions"}],"predecessor-version":[{"id":21880,"href":"https:\/\/edebiyyat-az.com\/index.php?rest_route=\/wp\/v2\/posts\/21872\/revisions\/21880"}],"wp:attachment":[{"href":"https:\/\/edebiyyat-az.com\/index.php?rest_route=%2Fwp%2Fv2%2Fmedia&parent=21872"}],"wp:term":[{"taxonomy":"category","embeddable":true,"href":"https:\/\/edebiyyat-az.com\/index.php?rest_route=%2Fwp%2Fv2%2Fcategories&post=21872"},{"taxonomy":"post_tag","embeddable":true,"href":"https:\/\/edebiyyat-az.com\/index.php?rest_route=%2Fwp%2Fv2%2Ftags&post=21872"}],"curies":[{"name":"wp","href":"https:\/\/api.w.org\/{rel}","templated":true}]}}