{"id":22029,"date":"2016-08-30T14:00:29","date_gmt":"2016-08-30T10:00:29","guid":{"rendered":"http:\/\/edebiyyat-az.com\/?p=22029"},"modified":"2016-08-30T15:24:13","modified_gmt":"2016-08-30T11:24:13","slug":"az%c9%99rbycan-jurnalistl%c9%99r-birliyi-sumqayit-s%c9%99h%c9%99r-t%c9%99skilatinin-s%c9%99dri-c%c9%99nab-rafiq-odayin-t%c9%99rbrik-m%c9%99ktubu","status":"publish","type":"post","link":"https:\/\/edebiyyat-az.com\/?p=22029","title":{"rendered":"Az\u0259rbycan Jurnalistl\u0259r Birliyi Sumqay\u0131t \u015f\u0259h\u0259r t\u0259\u015fkilat\u0131nin s\u0259dri, c\u0259nab Rafiq Oday\u0131n t\u0259rbrik m\u0259ktubu"},"content":{"rendered":"<p><img decoding=\"async\" src=\"http:\/\/s019.radikal.ru\/i621\/1608\/90\/327ed25a81b3.jpg\" alt=\"\" \/><\/p>\n<p><img decoding=\"async\" src=\"http:\/\/s019.radikal.ru\/i628\/1608\/10\/557480369b7c.jpg\" alt=\"\" \/><\/p>\n<p><img decoding=\"async\" src=\"http:\/\/s45.radikal.ru\/i110\/1608\/44\/00343840db8f.jpg\" alt=\"\" \/><\/p>\n<p><img decoding=\"async\" src=\"http:\/\/s019.radikal.ru\/i601\/1608\/a4\/b1060980fe75.jpg\" alt=\"\" \/><\/p>\n<p><img decoding=\"async\" src=\"http:\/\/s019.radikal.ru\/i624\/1608\/1b\/e14b6113fac8.jpg\" alt=\"\" \/><\/p>\n<p><img decoding=\"async\" src=\"http:\/\/s019.radikal.ru\/i623\/1608\/59\/9cbc15e9a78f.jpg\" alt=\"\" \/><\/p>\n<p><img decoding=\"async\" src=\"http:\/\/s42.radikal.ru\/i096\/1608\/d5\/827461b4f623.jpg\" alt=\"\" \/><\/p>\n<p><img decoding=\"async\" src=\"http:\/\/s41.radikal.ru\/i091\/1608\/7f\/e7977cec6dc0.jpg\" alt=\"\" \/><\/p>\n<p><img decoding=\"async\" src=\"http:\/\/s12.radikal.ru\/i185\/1608\/f2\/4174a5a35262.jpg\" alt=\"\" \/><\/p>\n<p><img decoding=\"async\" src=\"http:\/\/s019.radikal.ru\/i617\/1608\/17\/50e2fa815166.jpg\" alt=\"\" \/><\/p>\n<p><strong>Az\u0259rbycan Jurnalistl\u0259r v\u0259 Yaz\u0131\u00e7\u0131lar Birlikl\u0259rinin \u00fczv\u00fc, istedadl\u0131 \u015fair\u0259-publisist, \u201cQ\u0131z\u0131l Q\u0259l\u0259m\u201d media m\u00fckafat\u0131 laureat\u0131, \u201cM\u00f6ht\u0259\u015f\u0259m Az\u0259rbaycan\u201d q\u0259zetinin redaktoru \u00e7ox h\u00f6rm\u0259tli<br \/>\nNis\u0259 xan\u0131n Q\u0259dirovaya<br \/>\n\u018fziz v\u0259 h\u00f6rm\u0259tli Nis\u0259 xan\u0131m,<br \/>\nSizi do\u011fum g\u00fcn\u00fcn\u00fcz m\u00fcnasib\u0259til\u0259 Az\u0259rbycan Jurnalistl\u0259r Birliyi Sumqay\u0131t \u015f\u0259h\u0259r t\u0259\u015fkilat\u0131 v\u0259 \u201cM\u00f6ht\u0259\u015f\u0259m Az\u0259rbaycan\u201d q\u0259zetinin yarad\u0131c\u0131 kollektivi ad\u0131ndan s\u0259mimi q\u0259lbd\u0259n t\u0259brik edir, h\u0259yatda uzun \u00f6m\u00fcr, m\u00f6hk\u0259m can sa\u011fl\u0131\u011f\u0131, sevinc v\u0259 s\u0259ad\u0259t dolu ill\u0259r arzulay\u0131r, yeni yarad\u0131c\u0131l\u0131q u\u011furlar\u0131 dil\u0259yir\u0259m.<br \/>\nBiz Sizi m\u00fcasir Az\u0259rbaycan \u0259d\u0259biyyat\u0131nda xan\u0131m yazarlar aras\u0131nda \u00f6z d\u0259sti-x\u0259tti il\u0259 se\u00e7il\u0259n bir \u015fair\u0259 kimi, istedadl\u0131 bir jurnalist kimi, eyni zamanda kollektivimizin \u0259n f\u0259al \u00fcz\u00fc kimi \u00e7ox ist\u0259yir v\u0259 biziml\u0259 bir arada olma\u011f\u0131ndan m\u0259mnunluq hissi ke\u00e7iririk.<br \/>\nYax\u015f\u0131 ki, vars\u0131n\u0131z. Bel\u0259c\u0259 var olun, yaz\u0131n-yarad\u0131n, yeni-yeni \u0259s\u0259rl\u0259rinizl\u0259 oxucular\u0131 sevindirin.<\/strong><\/p>\n<p><strong>D\u0259rin h\u00f6rm\u0259tl\u0259,<\/p>\n<p>Rafiq ODAY,<br \/>\nAz\u0259rbycan Jurnalistl\u0259r Birliyi Sumqay\u0131t \u015f\u0259h\u0259r t\u0259\u015fkilat\u0131nin s\u0259dri,<br \/>\n\u201cM\u00f6ht\u0259\u015f\u0259m Az\u0259rbaycan\u201d q\u0259zetinin t\u0259sis\u00e7isi v\u0259 ba\u015f redaktoru<\/strong><\/p>\n","protected":false},"excerpt":{"rendered":"<p>Az\u0259rbycan Jurnalistl\u0259r v\u0259 Yaz\u0131\u00e7\u0131lar Birlikl\u0259rinin \u00fczv\u00fc, istedadl\u0131 \u015fair\u0259-publisist, \u201cQ\u0131z\u0131l Q\u0259l\u0259m\u201d media m\u00fckafat\u0131 laureat\u0131, \u201cM\u00f6ht\u0259\u015f\u0259m Az\u0259rbaycan\u201d q\u0259zetinin redaktoru \u00e7ox h\u00f6rm\u0259tli Nis\u0259 xan\u0131n Q\u0259dirovaya \u018fziz v\u0259 h\u00f6rm\u0259tli Nis\u0259 xan\u0131m, Sizi do\u011fum g\u00fcn\u00fcn\u00fcz m\u00fcnasib\u0259til\u0259 Az\u0259rbycan Jurnalistl\u0259r Birliyi Sumqay\u0131t \u015f\u0259h\u0259r t\u0259\u015fkilat\u0131 v\u0259 \u201cM\u00f6ht\u0259\u015f\u0259m Az\u0259rbaycan\u201d q\u0259zetinin yarad\u0131c\u0131 kollektivi ad\u0131ndan s\u0259mimi q\u0259lbd\u0259n t\u0259brik edir, h\u0259yatda uzun \u00f6m\u00fcr, m\u00f6hk\u0259m can sa\u011fl\u0131\u011f\u0131, sevinc [&hellip;]<\/p>\n","protected":false},"author":2,"featured_media":0,"comment_status":"open","ping_status":"open","sticky":false,"template":"","format":"standard","meta":{"footnotes":""},"categories":[40],"tags":[],"class_list":["post-22029","post","type-post","status-publish","format-standard","hentry","category-ajbsumqayit"],"_links":{"self":[{"href":"https:\/\/edebiyyat-az.com\/index.php?rest_route=\/wp\/v2\/posts\/22029","targetHints":{"allow":["GET"]}}],"collection":[{"href":"https:\/\/edebiyyat-az.com\/index.php?rest_route=\/wp\/v2\/posts"}],"about":[{"href":"https:\/\/edebiyyat-az.com\/index.php?rest_route=\/wp\/v2\/types\/post"}],"author":[{"embeddable":true,"href":"https:\/\/edebiyyat-az.com\/index.php?rest_route=\/wp\/v2\/users\/2"}],"replies":[{"embeddable":true,"href":"https:\/\/edebiyyat-az.com\/index.php?rest_route=%2Fwp%2Fv2%2Fcomments&post=22029"}],"version-history":[{"count":2,"href":"https:\/\/edebiyyat-az.com\/index.php?rest_route=\/wp\/v2\/posts\/22029\/revisions"}],"predecessor-version":[{"id":22031,"href":"https:\/\/edebiyyat-az.com\/index.php?rest_route=\/wp\/v2\/posts\/22029\/revisions\/22031"}],"wp:attachment":[{"href":"https:\/\/edebiyyat-az.com\/index.php?rest_route=%2Fwp%2Fv2%2Fmedia&parent=22029"}],"wp:term":[{"taxonomy":"category","embeddable":true,"href":"https:\/\/edebiyyat-az.com\/index.php?rest_route=%2Fwp%2Fv2%2Fcategories&post=22029"},{"taxonomy":"post_tag","embeddable":true,"href":"https:\/\/edebiyyat-az.com\/index.php?rest_route=%2Fwp%2Fv2%2Ftags&post=22029"}],"curies":[{"name":"wp","href":"https:\/\/api.w.org\/{rel}","templated":true}]}}