{"id":22108,"date":"2016-09-05T18:00:34","date_gmt":"2016-09-05T14:00:34","guid":{"rendered":"http:\/\/edebiyyat-az.com\/?p=22108"},"modified":"2016-09-06T08:38:39","modified_gmt":"2016-09-06T04:38:39","slug":"rafiq-oday-goz%c9%99l-n%c9%99-goz%c9%99l","status":"publish","type":"post","link":"https:\/\/edebiyyat-az.com\/?p=22108","title":{"rendered":"Rafiq ODAY.&#8221;G\u00d6Z\u018fL, N\u018f G\u00d6Z\u018fL&#8230;&#8221;"},"content":{"rendered":"<p><a href=\"http:\/\/edebiyyat-az.com\/wp-content\/uploads\/2016\/06\/cenabrafiqoday.jpg\"><img loading=\"lazy\" decoding=\"async\" src=\"http:\/\/edebiyyat-az.com\/wp-content\/uploads\/2016\/06\/cenabrafiqoday-269x300.jpg\" alt=\"cenabrafiqoday\" width=\"269\" height=\"300\" class=\"alignnone size-medium wp-image-20383\" srcset=\"https:\/\/edebiyyat-az.com\/wp-content\/uploads\/2016\/06\/cenabrafiqoday-269x300.jpg 269w, https:\/\/edebiyyat-az.com\/wp-content\/uploads\/2016\/06\/cenabrafiqoday-768x856.jpg 768w, https:\/\/edebiyyat-az.com\/wp-content\/uploads\/2016\/06\/cenabrafiqoday.jpg 800w\" sizes=\"auto, (max-width: 269px) 100vw, 269px\" \/><\/a><\/p>\n<p><strong>Az\u0259rbaycan Yaz\u0131\u00e7\u0131lar v\u0259 Jurnalistl\u0259r Birlikl\u0259rinin \u00fczv\u00fc,<br \/>\nAz\u0259rbaycan Jurnalistl\u0259r Birliyinin Sumqay\u0131t \u015f\u0259h\u0259r t\u0259\u015fkilat\u0131n\u0131n s\u0259dri,<br \/>\n\u201dM\u00f6ht\u0259\u015f\u0259m Az\u0259rbaycan\u201d m\u00fcst\u0259qil ictimai-siyasi, \u0259d\u0259bi-b\u0259dii q\u0259zetinin t\u0259sis\u00e7isi v\u0259 ba\u015f redaktoru,<br \/>\n\u201dQ\u0131z\u0131l q\u0259l\u0259m\u201d, \u201cH\u0259s\u0259n b\u0259y Z\u0259rdabi\u201d, \u201cQafqaz-Media\u201d m\u00fckafatlar\u0131 laureat\u0131,<br \/>\n\u018fm\u0259kdar jurnalist<\/strong> <\/p>\n<p>\u00c7ar\u0131q geyib, d\u00fc\u015fd\u00fcm yola, gedir\u0259m,<br \/>\nHe\u00e7 baxmadan sa\u011fa, sola, gedir\u0259m,<br \/>\nQ\u0131rx budaql\u0131 a\u011fac* ola, &#8211; gedir\u0259m,<br \/>\nAlt\u0131n\u0131n g\u00f6lg\u0259si g\u00f6z\u0259l, n\u0259 g\u00f6z\u0259l!<\/p>\n<p>Ozanlar ax\u0131\u015f\u0131b g\u0259l\u0259 ard\u0131mca,<br \/>\nNadanlar bax\u0131\u015f\u0131b g\u00fcl\u0259 ard\u0131mca,<br \/>\nXaqanlar d\u00f6n\u0259l\u0259r sel\u0259 ard\u0131mca, &#8211;<br \/>\nMetesi, Bilg\u0259si g\u00f6z\u0259l, n\u0259 g\u00f6z\u0259l!<\/p>\n<p>Sel \u00e7\u0259kil\u0259, lax durula q\u0259lbl\u0259rd\u0259,<br \/>\nHaqq \u0259liyl\u0259 baxt qurula q\u0259lbl\u0259rd\u0259.<br \/>\nE\u015fq ad\u0131nda taxt qurula q\u0259lbl\u0259rd\u0259,<br \/>\n\u018fhd-peyman b\u0259lg\u0259si g\u00f6z\u0259l, n\u0259 g\u00f6z\u0259l!<\/p>\n<p>K\u00f6ks\u00fcm\u00fcn alt\u0131nda al\u0131\u015fan k\u00f6z var,<br \/>\nH\u0259l\u0259 yol g\u00f6zl\u0259y\u0259n g\u00f6r ne\u00e7\u0259 s\u00f6z var,<br \/>\nE\u015fqimi bir q\u0131za eyl\u0259dim izhar,<br \/>\nZal\u0131m\u0131n \u201cb\u0259lk\u0259\u201dsi g\u00f6z\u0259l, n\u0259 g\u00f6z\u0259l!<\/p>\n<p>Ozanlar ax\u0131\u015f\u0131b g\u0259l\u0259 dal\u0131mca,<br \/>\nNadanlar bax\u0131\u015f\u0131b g\u00fcl\u0259 dal\u0131mca,<br \/>\nXaqanlar d\u00f6n\u0259l\u0259r sel\u0259 dal\u0131mca, &#8211;<br \/>\nT\u0259kn\u0259l\u0259rd\u0259 k\u00fcnd\u0259 ola \u2013 \u00f6y\u00fcn\u0259k,<\/p>\n<p>05.09.2016.<\/p>\n<p>* 4o dil, l\u0259hc\u0259 v\u0259 ya \u015fiv\u0259d\u0259n ibar\u0259t T\u00fcrk dill\u0259ri ail\u0259si n\u0259z\u0259rd\u0259 tutulur<\/p>\n","protected":false},"excerpt":{"rendered":"<p>Az\u0259rbaycan Yaz\u0131\u00e7\u0131lar v\u0259 Jurnalistl\u0259r Birlikl\u0259rinin \u00fczv\u00fc, Az\u0259rbaycan Jurnalistl\u0259r Birliyinin Sumqay\u0131t \u015f\u0259h\u0259r t\u0259\u015fkilat\u0131n\u0131n s\u0259dri, \u201dM\u00f6ht\u0259\u015f\u0259m Az\u0259rbaycan\u201d m\u00fcst\u0259qil ictimai-siyasi, \u0259d\u0259bi-b\u0259dii q\u0259zetinin t\u0259sis\u00e7isi v\u0259 ba\u015f redaktoru, \u201dQ\u0131z\u0131l q\u0259l\u0259m\u201d, \u201cH\u0259s\u0259n b\u0259y Z\u0259rdabi\u201d, \u201cQafqaz-Media\u201d m\u00fckafatlar\u0131 laureat\u0131, \u018fm\u0259kdar jurnalist \u00c7ar\u0131q geyib, d\u00fc\u015fd\u00fcm yola, gedir\u0259m, He\u00e7 baxmadan sa\u011fa, sola, gedir\u0259m, Q\u0131rx budaql\u0131 a\u011fac* ola, &#8211; gedir\u0259m, Alt\u0131n\u0131n g\u00f6lg\u0259si g\u00f6z\u0259l, n\u0259 g\u00f6z\u0259l! Ozanlar [&hellip;]<\/p>\n","protected":false},"author":2,"featured_media":0,"comment_status":"open","ping_status":"open","sticky":false,"template":"","format":"standard","meta":{"footnotes":""},"categories":[4],"tags":[],"class_list":["post-22108","post","type-post","status-publish","format-standard","hentry","category-edeb"],"_links":{"self":[{"href":"https:\/\/edebiyyat-az.com\/index.php?rest_route=\/wp\/v2\/posts\/22108","targetHints":{"allow":["GET"]}}],"collection":[{"href":"https:\/\/edebiyyat-az.com\/index.php?rest_route=\/wp\/v2\/posts"}],"about":[{"href":"https:\/\/edebiyyat-az.com\/index.php?rest_route=\/wp\/v2\/types\/post"}],"author":[{"embeddable":true,"href":"https:\/\/edebiyyat-az.com\/index.php?rest_route=\/wp\/v2\/users\/2"}],"replies":[{"embeddable":true,"href":"https:\/\/edebiyyat-az.com\/index.php?rest_route=%2Fwp%2Fv2%2Fcomments&post=22108"}],"version-history":[{"count":2,"href":"https:\/\/edebiyyat-az.com\/index.php?rest_route=\/wp\/v2\/posts\/22108\/revisions"}],"predecessor-version":[{"id":22113,"href":"https:\/\/edebiyyat-az.com\/index.php?rest_route=\/wp\/v2\/posts\/22108\/revisions\/22113"}],"wp:attachment":[{"href":"https:\/\/edebiyyat-az.com\/index.php?rest_route=%2Fwp%2Fv2%2Fmedia&parent=22108"}],"wp:term":[{"taxonomy":"category","embeddable":true,"href":"https:\/\/edebiyyat-az.com\/index.php?rest_route=%2Fwp%2Fv2%2Fcategories&post=22108"},{"taxonomy":"post_tag","embeddable":true,"href":"https:\/\/edebiyyat-az.com\/index.php?rest_route=%2Fwp%2Fv2%2Ftags&post=22108"}],"curies":[{"name":"wp","href":"https:\/\/api.w.org\/{rel}","templated":true}]}}