{"id":22111,"date":"2016-09-05T17:00:24","date_gmt":"2016-09-05T13:00:24","guid":{"rendered":"http:\/\/edebiyyat-az.com\/?p=22111"},"modified":"2016-09-05T18:33:01","modified_gmt":"2016-09-05T14:33:01","slug":"g%c9%99nc-yazar-k%c9%99nan-aydinoglunun-seirl%c9%99ri-buta-almanaxinda-isiq-uzu-gorub","status":"publish","type":"post","link":"https:\/\/edebiyyat-az.com\/?p=22111","title":{"rendered":"G\u0259nc yazar K\u0259nan Ayd\u0131no\u011flunun \u015feirl\u0259ri &#8220;Buta&#8221; almanax\u0131nda i\u015f\u0131q \u00fcz\u00fc g\u00f6r\u00fcb"},"content":{"rendered":"<p><a href=\"http:\/\/edebiyyat-az.com\/wp-content\/uploads\/2016\/09\/b.jpg\"><img loading=\"lazy\" decoding=\"async\" src=\"http:\/\/edebiyyat-az.com\/wp-content\/uploads\/2016\/09\/b-212x300.jpg\" alt=\"b\" width=\"212\" height=\"300\" class=\"aligncenter size-medium wp-image-22092\" srcset=\"https:\/\/edebiyyat-az.com\/wp-content\/uploads\/2016\/09\/b-212x300.jpg 212w, https:\/\/edebiyyat-az.com\/wp-content\/uploads\/2016\/09\/b.jpg 279w\" sizes=\"auto, (max-width: 212px) 100vw, 212px\" \/><\/a><\/p>\n<p>&#8220;Ziyal\u0131 Oca\u011f\u0131&#8221; \u0130ctimai Birliyinin maliyy\u0259 d\u0259st\u0259yi il\u0259 h\u0259yata ke\u00e7iril\u0259n layih\u0259 \u00e7\u0259r\u00e7iv\u0259sind\u0259 yeni n\u0259sil Az\u0259rbaycan g\u0259ncliyinin istedadl\u0131 n\u00fcmay\u0259nd\u0259si, Az\u0259rbaycan Jurnalistl\u0259r Birliyi Sumqay\u0131t \u015f\u0259h\u0259r t\u0259\u015fkilat\u0131n\u0131n G\u00fcnd\u0259lik Analitik \u0130nformasiya Agentliyinin M\u0259tbuat xidm\u0259tinin r\u0259hb\u0259ri, Az\u0259rbaycan Jurnalistl\u0259r Birliyi Sumqay\u0131t \u015f\u0259h\u0259r t\u0259\u015fkilat\u0131n\u0131n elektron orqan\u0131 Az\u0259rbaycan\u0131n M\u0259d\u0259niyy\u0259t v\u0259 \u018fd\u0259biyyat Portal\u0131n\u0131n ba\u015f redaktoru, Az\u0259rbaycan Jurnalistl\u0259r Birliyinin \u00fczv\u00fc, \u015fair-jurnalist, g\u0259nc yazar K\u0259nan Ayd\u0131no\u011flunun \u015feirl\u0259ri &#8220;Buta&#8221; T\u00fcrk D\u00fcnyas\u0131 \u015eairl\u0259rinin almax\u0131nda i\u015f\u0131q \u00fcz\u00fc g\u00f6r\u00fcb.<br \/>\nQeyd ed\u0259k ki, bundan \u00f6nc\u0259 g\u0259nc yazar K\u0259nan Ayd\u0131no\u011flunun \u201cOdlar yurdu-Az\u0259rbaycan\u201d \u015feiri Az\u0259rbaycan\u0131n Respublikas\u0131n\u0131n Prezidenti yan\u0131nda G\u0259ncl\u0259r Fondu t\u0259r\u0259find\u0259n maliyy\u0259l\u0259\u015fdiril\u0259n v\u0259 h\u0259yata ke\u00e7iril\u0259n &#8220;V\u0259t\u0259n sevgisi s\u0259rh\u0259dd\u0259n ba\u015flam\u0131r, s\u0259rh\u0259dd\u0259 bitmir&#8221; adl\u0131 layih\u0259 \u00e7\u0259r\u00e7iv\u0259sind\u0259 &#8220;Yaz\u0131\u00e7\u0131&#8221; n\u0259\u015friyyat\u0131 t\u0259r\u0259find\u0259n i\u015f\u0131q \u00fcz\u00fc g\u00f6r\u0259n &#8220;Bitm\u0259z k\u00f6nl\u00fcm\u00fcz\u00fcn V\u0259t\u0259n sevgisi&#8221; adl\u0131 antologiyas\u0131nda d\u0259rc olunaraq, ictimaiyy\u0259t n\u00fcmay\u0259nd\u0259l\u0259rinin n\u0259z\u0259rin\u0259 \u00e7atd\u0131r\u0131l\u0131b.<\/p>\n<p><strong>G\u00fclnar\u0259 \u015e\u00d6HR\u018fDD\u0130NQIZI,<br \/>\n\u201cM\u00f6ht\u0259\u015f\u0259m Az\u0259rbaycan\u201d q\u0259zeti<\/strong><\/p>\n","protected":false},"excerpt":{"rendered":"<p>&#8220;Ziyal\u0131 Oca\u011f\u0131&#8221; \u0130ctimai Birliyinin maliyy\u0259 d\u0259st\u0259yi il\u0259 h\u0259yata ke\u00e7iril\u0259n layih\u0259 \u00e7\u0259r\u00e7iv\u0259sind\u0259 yeni n\u0259sil Az\u0259rbaycan g\u0259ncliyinin istedadl\u0131 n\u00fcmay\u0259nd\u0259si, Az\u0259rbaycan Jurnalistl\u0259r Birliyi Sumqay\u0131t \u015f\u0259h\u0259r t\u0259\u015fkilat\u0131n\u0131n G\u00fcnd\u0259lik Analitik \u0130nformasiya Agentliyinin M\u0259tbuat xidm\u0259tinin r\u0259hb\u0259ri, Az\u0259rbaycan Jurnalistl\u0259r Birliyi Sumqay\u0131t \u015f\u0259h\u0259r t\u0259\u015fkilat\u0131n\u0131n elektron orqan\u0131 Az\u0259rbaycan\u0131n M\u0259d\u0259niyy\u0259t v\u0259 \u018fd\u0259biyyat Portal\u0131n\u0131n ba\u015f redaktoru, Az\u0259rbaycan Jurnalistl\u0259r Birliyinin \u00fczv\u00fc, \u015fair-jurnalist, g\u0259nc yazar K\u0259nan Ayd\u0131no\u011flunun \u015feirl\u0259ri [&hellip;]<\/p>\n","protected":false},"author":2,"featured_media":0,"comment_status":"open","ping_status":"open","sticky":false,"template":"","format":"standard","meta":{"footnotes":""},"categories":[4],"tags":[],"class_list":["post-22111","post","type-post","status-publish","format-standard","hentry","category-edeb"],"_links":{"self":[{"href":"https:\/\/edebiyyat-az.com\/index.php?rest_route=\/wp\/v2\/posts\/22111","targetHints":{"allow":["GET"]}}],"collection":[{"href":"https:\/\/edebiyyat-az.com\/index.php?rest_route=\/wp\/v2\/posts"}],"about":[{"href":"https:\/\/edebiyyat-az.com\/index.php?rest_route=\/wp\/v2\/types\/post"}],"author":[{"embeddable":true,"href":"https:\/\/edebiyyat-az.com\/index.php?rest_route=\/wp\/v2\/users\/2"}],"replies":[{"embeddable":true,"href":"https:\/\/edebiyyat-az.com\/index.php?rest_route=%2Fwp%2Fv2%2Fcomments&post=22111"}],"version-history":[{"count":1,"href":"https:\/\/edebiyyat-az.com\/index.php?rest_route=\/wp\/v2\/posts\/22111\/revisions"}],"predecessor-version":[{"id":22112,"href":"https:\/\/edebiyyat-az.com\/index.php?rest_route=\/wp\/v2\/posts\/22111\/revisions\/22112"}],"wp:attachment":[{"href":"https:\/\/edebiyyat-az.com\/index.php?rest_route=%2Fwp%2Fv2%2Fmedia&parent=22111"}],"wp:term":[{"taxonomy":"category","embeddable":true,"href":"https:\/\/edebiyyat-az.com\/index.php?rest_route=%2Fwp%2Fv2%2Fcategories&post=22111"},{"taxonomy":"post_tag","embeddable":true,"href":"https:\/\/edebiyyat-az.com\/index.php?rest_route=%2Fwp%2Fv2%2Ftags&post=22111"}],"curies":[{"name":"wp","href":"https:\/\/api.w.org\/{rel}","templated":true}]}}