{"id":2285,"date":"2013-05-11T11:41:41","date_gmt":"2013-05-11T11:41:41","guid":{"rendered":"http:\/\/edebiyyat-az.com\/?p=2285"},"modified":"2013-05-11T12:22:11","modified_gmt":"2013-05-11T12:22:11","slug":"g%c9%99nc-yazarlarin-%c9%99d%c9%99bi-b%c9%99dii-numun%c9%99l%c9%99rinin-ictimaiyy%c9%99t%c9%99-catdirilmasi-layih%c9%99si","status":"publish","type":"post","link":"https:\/\/edebiyyat-az.com\/?p=2285","title":{"rendered":"&#8220;G\u0259nc yazarlar\u0131n \u0259d\u0259bi-b\u0259dii n\u00fcmun\u0259l\u0259rinin ictimaiyy\u0259t\u0259 \u00e7atd\u0131r\u0131lmas\u0131&#8221; layih\u0259si"},"content":{"rendered":"<p><a href=\"http:\/\/edebiyyat-az.com\/wp-content\/uploads\/2013\/05\/Qafqaz-\u018fv\u0259zo\u011flu.jpeg\"><img loading=\"lazy\" decoding=\"async\" src=\"http:\/\/edebiyyat-az.com\/wp-content\/uploads\/2013\/05\/Qafqaz-\u018fv\u0259zo\u011flu-300x250.jpeg\" alt=\"\" title=\"Qafqaz \u018fv\u0259zo\u011flu\" width=\"300\" height=\"250\" class=\"aligncenter size-medium wp-image-2294\" \/><\/a><\/p>\n<p>Salam, \u018fziz v\u0259 H\u00f6rm\u0259tli G\u0259nc yazarlar!<br \/>\n\u0130n\u015fallah &#8220;Ziyal\u0131 Oca\u011f\u0131&#8221; \u0130ctimi Birliyinin elektron orqan\u0131 Az\u0259rbaycan\u0131n M\u0259d\u0259niyy\u0259t v\u0259 \u018fd\u0259biyyat Portal\u0131 may ay\u0131n\u0131n 6-dan iyunun 6-a q\u0259d\u0259r &#8220;G\u0259nc yazarlar\u0131n \u0259d\u0259bi-b\u0259dii n\u00fcmun\u0259l\u0259rinin ictimaiyy\u0259t\u0259 \u00e7atd\u0131r\u0131lmas\u0131&#8221; layih\u0259sini h\u0259yata ke\u00e7ir\u0259c\u0259k.Layih\u0259nin r\u0259hb\u0259ri &#8220;Ziyal\u0131 Oca\u011f\u0131&#8221; \u0130ctimai Birliyinin elektron orqan\u0131 Az\u0259rbaycan\u0131n M\u0259d\u0259niyy\u0259t v\u0259 \u018fd\u0259biyyat Portal\u0131n\u0131n Ba\u015f redaktoru, S\u00fcleyman R\u0259himov ad\u0131na Qubadl\u0131 rayon \u0259d\u0259bi ictimai birliyinin s\u0259dri Qafqaz \u018fv\u0259zo\u011fludur.Bu m\u0259qs\u0259dl\u0259 g\u0259nc yazarlar\u0131n \u0259d\u0259bi-b\u0259dii n\u00fcmun\u0259l\u0259rini, poeziya \u00f6rn\u0259kl\u0259ri &#8220;S\u00f6z\u00fcn Sehri&#8221; q\u0259zetinin s\u0259hif\u0259l\u0259rind\u0259 d\u0259rc olunacaq.<br \/>\n\u018fd\u0259bi-b\u0259dii n\u00fcmun\u0259l\u0259rinin, poeziya \u00f6rn\u0259kl\u0259rinin t\u0259rc\u00fcmeyi-hal v\u0259 \u015f\u0259kill\u0259ri il\u0259 birg\u0259 d\u0259rc olunmas\u0131n\u0131 ist\u0259y\u0259nl\u0259r a\u015fa\u011f\u0131dak\u0131 \u00fcnvana m\u00fcraci\u0259t ed\u0259 bil\u0259rl\u0259r:<\/p>\n<p>Tel: ( 050) 519 79 12<br \/>\nE-mail: Qafqaz54@mail.ru<br \/>\n\tQafqaz54@box.az<br \/>\nElektron orqan: http:\/\/edebiyyat-az.com\/<\/p>\n<p>\u00dcnvan: Sumqay\u0131t \u015f\u0259h\u0259ri, Koro\u011flu prospekti ( 41-ci m\u0259h\u0259ll\u0259).<br \/>\n\u201c28 may\u201d M\u0259d\u0259niyy\u0259t evi.(V.\u018fliyev ad\u0131na Qubadl\u0131 rayon M\u0259d\u0259niyy\u0259t evi)<\/p>\n","protected":false},"excerpt":{"rendered":"<p>Salam, \u018fziz v\u0259 H\u00f6rm\u0259tli G\u0259nc yazarlar! \u0130n\u015fallah &#8220;Ziyal\u0131 Oca\u011f\u0131&#8221; \u0130ctimi Birliyinin elektron orqan\u0131 Az\u0259rbaycan\u0131n M\u0259d\u0259niyy\u0259t v\u0259 \u018fd\u0259biyyat Portal\u0131 may ay\u0131n\u0131n 6-dan iyunun 6-a q\u0259d\u0259r &#8220;G\u0259nc yazarlar\u0131n \u0259d\u0259bi-b\u0259dii n\u00fcmun\u0259l\u0259rinin ictimaiyy\u0259t\u0259 \u00e7atd\u0131r\u0131lmas\u0131&#8221; layih\u0259sini h\u0259yata ke\u00e7ir\u0259c\u0259k.Layih\u0259nin r\u0259hb\u0259ri &#8220;Ziyal\u0131 Oca\u011f\u0131&#8221; \u0130ctimai Birliyinin elektron orqan\u0131 Az\u0259rbaycan\u0131n M\u0259d\u0259niyy\u0259t v\u0259 \u018fd\u0259biyyat Portal\u0131n\u0131n Ba\u015f redaktoru, S\u00fcleyman R\u0259himov ad\u0131na Qubadl\u0131 rayon \u0259d\u0259bi ictimai birliyinin [&hellip;]<\/p>\n","protected":false},"author":1,"featured_media":0,"comment_status":"open","ping_status":"open","sticky":false,"template":"","format":"standard","meta":{"footnotes":""},"categories":[5],"tags":[],"class_list":["post-2285","post","type-post","status-publish","format-standard","hentry","category-pub"],"_links":{"self":[{"href":"https:\/\/edebiyyat-az.com\/index.php?rest_route=\/wp\/v2\/posts\/2285","targetHints":{"allow":["GET"]}}],"collection":[{"href":"https:\/\/edebiyyat-az.com\/index.php?rest_route=\/wp\/v2\/posts"}],"about":[{"href":"https:\/\/edebiyyat-az.com\/index.php?rest_route=\/wp\/v2\/types\/post"}],"author":[{"embeddable":true,"href":"https:\/\/edebiyyat-az.com\/index.php?rest_route=\/wp\/v2\/users\/1"}],"replies":[{"embeddable":true,"href":"https:\/\/edebiyyat-az.com\/index.php?rest_route=%2Fwp%2Fv2%2Fcomments&post=2285"}],"version-history":[{"count":6,"href":"https:\/\/edebiyyat-az.com\/index.php?rest_route=\/wp\/v2\/posts\/2285\/revisions"}],"predecessor-version":[{"id":2298,"href":"https:\/\/edebiyyat-az.com\/index.php?rest_route=\/wp\/v2\/posts\/2285\/revisions\/2298"}],"wp:attachment":[{"href":"https:\/\/edebiyyat-az.com\/index.php?rest_route=%2Fwp%2Fv2%2Fmedia&parent=2285"}],"wp:term":[{"taxonomy":"category","embeddable":true,"href":"https:\/\/edebiyyat-az.com\/index.php?rest_route=%2Fwp%2Fv2%2Fcategories&post=2285"},{"taxonomy":"post_tag","embeddable":true,"href":"https:\/\/edebiyyat-az.com\/index.php?rest_route=%2Fwp%2Fv2%2Ftags&post=2285"}],"curies":[{"name":"wp","href":"https:\/\/api.w.org\/{rel}","templated":true}]}}