{"id":22851,"date":"2016-10-25T06:00:57","date_gmt":"2016-10-25T02:00:57","guid":{"rendered":"http:\/\/edebiyyat-az.com\/?p=22851"},"modified":"2016-10-25T09:06:34","modified_gmt":"2016-10-25T05:06:34","slug":"rahil%c9%99-dovran-2","status":"publish","type":"post","link":"https:\/\/edebiyyat-az.com\/?p=22851","title":{"rendered":"Rahil\u0259 D\u00d6VRAN.&#8221;Ad g\u00fcn\u00fc m\u00fcbar\u0259k, Kamran, K\u0259nan\u0131n!&#8221;"},"content":{"rendered":"<p><a href=\"http:\/\/edebiyyat-az.com\/wp-content\/uploads\/2016\/07\/rahileanam.jpg\"><img loading=\"lazy\" decoding=\"async\" src=\"http:\/\/edebiyyat-az.com\/wp-content\/uploads\/2016\/07\/rahileanam-300x284.jpg\" alt=\"rahileanam\" width=\"300\" height=\"284\" class=\"aligncenter size-medium wp-image-21030\" srcset=\"https:\/\/edebiyyat-az.com\/wp-content\/uploads\/2016\/07\/rahileanam-300x284.jpg 300w, https:\/\/edebiyyat-az.com\/wp-content\/uploads\/2016\/07\/rahileanam.jpg 600w\" sizes=\"auto, (max-width: 300px) 100vw, 300px\" \/><\/a><\/p>\n<p><strong>\u015eair\u0259-jurnalist-publisist<br \/>\nAz\u0259rbaycan Yaz\u0131\u00e7\u0131lar Birliyinin \u00fczv\u00fc,<br \/>\n\u201cQ\u0131z\u0131l q\u0259l\u0259m\u201d media m\u00fckafat\u0131 laureat\u0131,<\/strong><\/p>\n<p>BU G\u00dcN \u018fD\u018fB\u0130 M\u00dcH\u0130T\u0130M\u0130Z\u0130N SEV\u0130ML\u0130S\u0130, \u018fD\u018fB\u0130YYATIMIZIN V\u018f M\u018fD\u018fN\u0130YY\u018fT\u0130M\u0130Z\u0130N M\u00dcBAR\u0130Z T\u018fSS\u00dcBKE\u015eL\u018fR\u0130, G\u00d6RK\u018fML\u0130 Q\u018fL\u018fM SAH\u0130B\u0130 V\u018f \u0130STEDADLI JURNAL\u0130STL\u018fR\u0130M\u0130Z OLAN KAMRAN V\u018f K\u018fNAN AYDINO\u011eULLARININ DO\u011eUM G\u00dcN\u00dcD\u00dcR. \u018fZ\u0130ZL\u018fR\u0130M\u0130Z OLAN \u018fK\u0130Z QARDA\u015eLARI AD G\u00dcNL\u018fR\u0130 M\u00dcNAS\u0130B\u018fT\u0130 \u0130L\u018f S\u018fM\u0130M\u0130 Q\u018fLBD\u018fN T\u018fBR\u0130K ED\u0130R, ONLARA SEVD\u0130KL\u018fR\u0130 \u0130L\u018f B\u0130RL\u0130KD\u018f UZUN\u00d6M\u00dcR, CANSA\u011eLI\u011eI ARZULAYIRIQ! A\u00c7ILAN H\u018fR SABAH,G\u00dcN ONLARI DAHA B\u00d6Y\u00dcK U\u011eURLARA G\u00d6T\u00dcRS\u00dcN \u0130N\u015eALLAH!!!<br \/>\nAD G\u00dcN\u00dc M\u00dcBAR\u018fK, KAMRAN, K\u018fNANIN<\/p>\n<p>G\u00fcl a\u00e7\u0131b k\u00f6nl\u00fcnd\u0259 dostun, sirda\u015f\u0131n,<br \/>\nBu g\u00fcn ad g\u00fcn\u00fcd\u00fcr, \u0259kiz qarda\u015f\u0131n.<br \/>\nYurdsev\u0259r, elo\u011flu, c\u00fct v\u0259t\u0259nda\u015f\u0131n<br \/>\nG\u00f6z\u00fc ayd\u0131n olsun Ata, Anan\u0131n,<br \/>\nAd g\u00fcn\u00fc m\u00fcbar\u0259k, Kamran, K\u0259nan\u0131n!<\/p>\n<p>G\u00fcn\u0259\u015f d\u0259 g\u00fcl\u0259r\u00fcz olubdur bu g\u00fcn,<br \/>\nS\u00fcsl\u0259nib masalar, b\u00fcsat, toy, d\u00fcy\u00fcn.<br \/>\nE\u015fidin ey dostlar, gur alq\u0131\u015f deyin<br \/>\nBu v\u0259t\u0259n, bu xalqa, candan yanan\u0131n,<br \/>\nAd g\u00fcn\u00fc m\u00fcbar\u0259k, Kamran, K\u0259nan\u0131n!<\/p>\n<p>\u018fkiz n\u00f6vcavanlar, m\u0259rd, igid, g\u00f6y\u00e7\u0259k,<br \/>\nH\u0259r k\u0259s mehrin sal\u0131r, onlar\u0131 g\u00f6rc\u0259k.<br \/>\nAlq\u0131\u015f\u00e7\u00fcn s\u0259f\u0259rb\u0259r, \u0259ld\u0259 g\u00fcl, \u00e7i\u00e7\u0259k<br \/>\nC\u0259sur \u00f6vladlar\u0131 Az\u0259rbaycan\u0131n,<br \/>\nAd g\u00fcn\u00fc m\u00fcbar\u0259k, Kamran, K\u0259nan\u0131n!<\/p>\n<p>Alq\u0131\u015flar, t\u0259brikl\u0259r, dil\u0259kl\u0259r min- min,<br \/>\nY\u00fcz ya\u015f n\u0259sib etsin, onlara R\u0259bbim.<br \/>\nQ\u00fcrur, iftixarla d\u00f6y\u00fcn\u00fcr q\u0259lbim<br \/>\nAna duy\u011fusudur, s\u00f6z\u00fc D\u00f6vran\u0131n,<br \/>\nAd g\u00fcn\u00fc m\u00fcbar\u0259k, Kamran, K\u0259nan\u0131n!<\/p>\n","protected":false},"excerpt":{"rendered":"<p>\u015eair\u0259-jurnalist-publisist Az\u0259rbaycan Yaz\u0131\u00e7\u0131lar Birliyinin \u00fczv\u00fc, \u201cQ\u0131z\u0131l q\u0259l\u0259m\u201d media m\u00fckafat\u0131 laureat\u0131, BU G\u00dcN \u018fD\u018fB\u0130 M\u00dcH\u0130T\u0130M\u0130Z\u0130N SEV\u0130ML\u0130S\u0130, \u018fD\u018fB\u0130YYATIMIZIN V\u018f M\u018fD\u018fN\u0130YY\u018fT\u0130M\u0130Z\u0130N M\u00dcBAR\u0130Z T\u018fSS\u00dcBKE\u015eL\u018fR\u0130, G\u00d6RK\u018fML\u0130 Q\u018fL\u018fM SAH\u0130B\u0130 V\u018f \u0130STEDADLI JURNAL\u0130STL\u018fR\u0130M\u0130Z OLAN KAMRAN V\u018f K\u018fNAN AYDINO\u011eULLARININ DO\u011eUM G\u00dcN\u00dcD\u00dcR. \u018fZ\u0130ZL\u018fR\u0130M\u0130Z OLAN \u018fK\u0130Z QARDA\u015eLARI AD G\u00dcNL\u018fR\u0130 M\u00dcNAS\u0130B\u018fT\u0130 \u0130L\u018f S\u018fM\u0130M\u0130 Q\u018fLBD\u018fN T\u018fBR\u0130K ED\u0130R, ONLARA SEVD\u0130KL\u018fR\u0130 \u0130L\u018f B\u0130RL\u0130KD\u018f UZUN\u00d6M\u00dcR, CANSA\u011eLI\u011eI ARZULAYIRIQ! A\u00c7ILAN H\u018fR SABAH,G\u00dcN [&hellip;]<\/p>\n","protected":false},"author":2,"featured_media":0,"comment_status":"open","ping_status":"open","sticky":false,"template":"","format":"standard","meta":{"footnotes":""},"categories":[4],"tags":[],"class_list":["post-22851","post","type-post","status-publish","format-standard","hentry","category-edeb"],"_links":{"self":[{"href":"https:\/\/edebiyyat-az.com\/index.php?rest_route=\/wp\/v2\/posts\/22851","targetHints":{"allow":["GET"]}}],"collection":[{"href":"https:\/\/edebiyyat-az.com\/index.php?rest_route=\/wp\/v2\/posts"}],"about":[{"href":"https:\/\/edebiyyat-az.com\/index.php?rest_route=\/wp\/v2\/types\/post"}],"author":[{"embeddable":true,"href":"https:\/\/edebiyyat-az.com\/index.php?rest_route=\/wp\/v2\/users\/2"}],"replies":[{"embeddable":true,"href":"https:\/\/edebiyyat-az.com\/index.php?rest_route=%2Fwp%2Fv2%2Fcomments&post=22851"}],"version-history":[{"count":3,"href":"https:\/\/edebiyyat-az.com\/index.php?rest_route=\/wp\/v2\/posts\/22851\/revisions"}],"predecessor-version":[{"id":22858,"href":"https:\/\/edebiyyat-az.com\/index.php?rest_route=\/wp\/v2\/posts\/22851\/revisions\/22858"}],"wp:attachment":[{"href":"https:\/\/edebiyyat-az.com\/index.php?rest_route=%2Fwp%2Fv2%2Fmedia&parent=22851"}],"wp:term":[{"taxonomy":"category","embeddable":true,"href":"https:\/\/edebiyyat-az.com\/index.php?rest_route=%2Fwp%2Fv2%2Fcategories&post=22851"},{"taxonomy":"post_tag","embeddable":true,"href":"https:\/\/edebiyyat-az.com\/index.php?rest_route=%2Fwp%2Fv2%2Ftags&post=22851"}],"curies":[{"name":"wp","href":"https:\/\/api.w.org\/{rel}","templated":true}]}}