{"id":22862,"date":"2016-10-25T10:00:48","date_gmt":"2016-10-25T06:00:48","guid":{"rendered":"http:\/\/edebiyyat-az.com\/?p=22862"},"modified":"2016-10-26T10:20:24","modified_gmt":"2016-10-26T06:20:24","slug":"az%c9%99rbaycan-jurnalistl%c9%99r-birliyi-sumqayit-s%c9%99h%c9%99r-t%c9%99skilatinin-s%c9%99dri-birliyin-g%c9%99nc-uzvl%c9%99rini-ad-gunl%c9%99ri-munasib%c9%99til%c9%99-t%c9%99brik-etmisdir","status":"publish","type":"post","link":"https:\/\/edebiyyat-az.com\/?p=22862","title":{"rendered":"Az\u0259rbaycan Jurnalistl\u0259r Birliyi Sumqay\u0131t \u015f\u0259h\u0259r t\u0259\u015fkilat\u0131n\u0131n s\u0259dri Birliyin g\u0259nc \u00fczvl\u0259rini ad g\u00fcnl\u0259ri m\u00fcnasib\u0259til\u0259 t\u0259brik etmi\u015fdir"},"content":{"rendered":"<p><a href=\"http:\/\/edebiyyat-az.com\/wp-content\/uploads\/2016\/09\/Rafiq-Oday.jpg\"><img loading=\"lazy\" decoding=\"async\" src=\"http:\/\/edebiyyat-az.com\/wp-content\/uploads\/2016\/09\/Rafiq-Oday-285x300.jpg\" alt=\"rafiq-oday\" width=\"285\" height=\"300\" class=\"aligncenter size-medium wp-image-22186\" srcset=\"https:\/\/edebiyyat-az.com\/wp-content\/uploads\/2016\/09\/Rafiq-Oday-285x300.jpg 285w, https:\/\/edebiyyat-az.com\/wp-content\/uploads\/2016\/09\/Rafiq-Oday.jpg 600w\" sizes=\"auto, (max-width: 285px) 100vw, 285px\" \/><\/a><\/p>\n<p><strong>Bu g\u00fcn Az\u0259rbaycan Jurnalistl\u0259r Birliyinin Sumqay\u0131t \u015f\u0259h\u0259r t\u0259\u015fkilat\u0131nda qeydiyyatda olan iki \u00fczv\u00fcn\u00fcn \u2013 Az\u0259rbaycan\u0131n M\u0259d\u0259niyy\u0259t v\u0259 \u018fd\u0259biyyat Portal\u0131n\u0131n (edebiyyat-az.com) ba\u015f redaktoru, istedadl\u0131 \u015fair-jurnalist Murquzov K\u0259nan Ayd\u0131n o\u011flunun v\u0259 G\u00fcnd\u0259lik Analitik \u0130nformasiya Agentliyinin (gundelik.info) Ba\u015f redaktorunu, istedadl\u0131 t\u0259rc\u00fcm\u0259\u00e7i-jurnalist Murquzov Kamran Ayd\u0131n o\u011flunun do\u011fum g\u00fcn\u00fcd\u00fcr. <\/p>\n<p>K\u0259nan AYDINO\u011eLU (Murquzov K\u0259nan Ayd\u0131n o\u011flu) 1989-cu il oktyabr ay\u0131n\u0131n 25-d\u0259 Bak\u0131 \u015f\u0259h\u0259rind\u0259 ziyal\u0131 ail\u0259sind\u0259 anadan olub. 2008-2012-ci ill\u0259rd\u0259 Sumqay\u0131t D\u00f6vl\u0259t Universitetinin Filologiya fak\u00fclt\u0259sind\u0259 bakalavr d\u0259r\u0259c\u0259si \u00fczr\u0259 ali t\u0259hsil al\u0131b. &#8220;\u00d6m\u00fcrd\u0259n bir s\u0259hif\u0259&#8221; (Bak\u0131, &#8220;Adilo\u011flu&#8221;, 2007) v\u0259 &#8220;\u00d6mr\u00fcn yar\u0131 yolunda&#8221; (Bak\u0131, &#8220;MK&#8221;, 2010) \u015feirl\u0259r kitab\u0131n\u0131n m\u00fc\u0259llifidir. Az\u0259rbaycan\u0131n M\u0259d\u0259niyy\u0259t v\u0259 \u018fd\u0259biyyat Portal\u0131n\u0131n (edebiyyat-az.com) ba\u015f redaktoru, Az\u0259rbaycan Jurnalistl\u0259r Birliyinin \u00fczv\u00fcd\u00fcr. <\/p>\n<p>Kamran AYDIN (Murquzov Kamran Ayd\u0131n o\u011flu) 1989-cu il oktyabr ay\u0131n\u0131n 25-d\u0259 Bak\u0131 \u015f\u0259h\u0259rind\u0259 ziyal\u0131 ail\u0259sind\u0259 anadan olub. 2008-2013-c\u00fc ill\u0259rd\u0259 Az\u0259rbaycan D\u00f6vl\u0259t \u0130qitisad Universitetinin M\u00fchasibat u\u00e7otu v\u0259 audit fak\u00fclt\u0259sind\u0259 bakalavr d\u0259r\u0259c\u0259si \u00fczr\u0259 ali t\u0259hsil al\u0131b. G\u00fcnd\u0259lik Analitik \u0130nformasiya Agentliyinin (gundelik.info)  Ba\u015f redaktoru, Az\u0259rbaycan Jurnalistl\u0259r Birliyinin \u00fczv\u00fcd\u00fcr.<\/p>\n<p>Bu \u0259lam\u0259tdar g\u00fcn m\u00fcnasib\u0259til\u0259 h\u0259r iki ziyal\u0131m\u0131z\u0131 s\u0259mimi-q\u0259lbd\u0259n t\u0259brik edir, h\u0259yatda uzun \u00f6m\u00fcr, m\u00f6hk\u0259m cansa\u011fl\u0131\u011f\u0131, sevgi v\u0259 s\u0259ad\u0259t dolu ill\u0259r arzulay\u0131r, q\u0131sa zaman k\u0259siyind\u0259 \u0259d\u0259bi ictimaiyy\u0259tin d\u0259rin h\u00f6rm\u0259t v\u0259 r\u0259\u011fb\u0259tini qazanan bu istedadl\u0131 g\u0259ncl\u0259r\u0259  yarad\u0131c\u0131l\u0131qlar\u0131nda yeni-yeni m\u00fcv\u0259ff\u0259qiyy\u0259tl\u0259r, \u00e7ox\u015fax\u0259li f\u0259aliyy\u0259tl\u0259rind\u0259 bol-bol u\u011furlar arzulay\u0131ram. <\/p>\n<p>Rafiq Oday,<br \/>\nAz\u0259rbaycan Jurnalistl\u0259r Birliyi Sumqay\u0131t \u015f\u0259h\u0259r t\u0259\u015fkilat\u0131n\u0131n s\u0259dri,<br \/>\nrespublikan\u0131n \u018fm\u0259kdar jurnalisti<\/strong><\/p>\n","protected":false},"excerpt":{"rendered":"<p>Bu g\u00fcn Az\u0259rbaycan Jurnalistl\u0259r Birliyinin Sumqay\u0131t \u015f\u0259h\u0259r t\u0259\u015fkilat\u0131nda qeydiyyatda olan iki \u00fczv\u00fcn\u00fcn \u2013 Az\u0259rbaycan\u0131n M\u0259d\u0259niyy\u0259t v\u0259 \u018fd\u0259biyyat Portal\u0131n\u0131n (edebiyyat-az.com) ba\u015f redaktoru, istedadl\u0131 \u015fair-jurnalist Murquzov K\u0259nan Ayd\u0131n o\u011flunun v\u0259 G\u00fcnd\u0259lik Analitik \u0130nformasiya Agentliyinin (gundelik.info) Ba\u015f redaktorunu, istedadl\u0131 t\u0259rc\u00fcm\u0259\u00e7i-jurnalist Murquzov Kamran Ayd\u0131n o\u011flunun do\u011fum g\u00fcn\u00fcd\u00fcr. K\u0259nan AYDINO\u011eLU (Murquzov K\u0259nan Ayd\u0131n o\u011flu) 1989-cu il oktyabr ay\u0131n\u0131n 25-d\u0259 Bak\u0131 [&hellip;]<\/p>\n","protected":false},"author":2,"featured_media":0,"comment_status":"open","ping_status":"open","sticky":false,"template":"","format":"standard","meta":{"footnotes":""},"categories":[40],"tags":[],"class_list":["post-22862","post","type-post","status-publish","format-standard","hentry","category-ajbsumqayit"],"_links":{"self":[{"href":"https:\/\/edebiyyat-az.com\/index.php?rest_route=\/wp\/v2\/posts\/22862","targetHints":{"allow":["GET"]}}],"collection":[{"href":"https:\/\/edebiyyat-az.com\/index.php?rest_route=\/wp\/v2\/posts"}],"about":[{"href":"https:\/\/edebiyyat-az.com\/index.php?rest_route=\/wp\/v2\/types\/post"}],"author":[{"embeddable":true,"href":"https:\/\/edebiyyat-az.com\/index.php?rest_route=\/wp\/v2\/users\/2"}],"replies":[{"embeddable":true,"href":"https:\/\/edebiyyat-az.com\/index.php?rest_route=%2Fwp%2Fv2%2Fcomments&post=22862"}],"version-history":[{"count":1,"href":"https:\/\/edebiyyat-az.com\/index.php?rest_route=\/wp\/v2\/posts\/22862\/revisions"}],"predecessor-version":[{"id":22863,"href":"https:\/\/edebiyyat-az.com\/index.php?rest_route=\/wp\/v2\/posts\/22862\/revisions\/22863"}],"wp:attachment":[{"href":"https:\/\/edebiyyat-az.com\/index.php?rest_route=%2Fwp%2Fv2%2Fmedia&parent=22862"}],"wp:term":[{"taxonomy":"category","embeddable":true,"href":"https:\/\/edebiyyat-az.com\/index.php?rest_route=%2Fwp%2Fv2%2Fcategories&post=22862"},{"taxonomy":"post_tag","embeddable":true,"href":"https:\/\/edebiyyat-az.com\/index.php?rest_route=%2Fwp%2Fv2%2Ftags&post=22862"}],"curies":[{"name":"wp","href":"https:\/\/api.w.org\/{rel}","templated":true}]}}