{"id":22870,"date":"2016-10-26T07:00:09","date_gmt":"2016-10-26T03:00:09","guid":{"rendered":"http:\/\/edebiyyat-az.com\/?p=22870"},"modified":"2016-10-26T12:40:05","modified_gmt":"2016-10-26T08:40:05","slug":"rafiq-oday-s%c9%99n-yer-adami-deyils%c9%99n","status":"publish","type":"post","link":"https:\/\/edebiyyat-az.com\/?p=22870","title":{"rendered":"Rafiq ODAY.&#8221;S\u0259n yer adam\u0131 deyils\u0259n&#8221;"},"content":{"rendered":"<p><a href=\"http:\/\/edebiyyat-az.com\/wp-content\/uploads\/2016\/06\/cenabrafiqoday.jpg\"><img loading=\"lazy\" decoding=\"async\" src=\"http:\/\/edebiyyat-az.com\/wp-content\/uploads\/2016\/06\/cenabrafiqoday-269x300.jpg\" alt=\"cenabrafiqoday\" width=\"269\" height=\"300\" class=\"alignnone size-medium wp-image-20383\" srcset=\"https:\/\/edebiyyat-az.com\/wp-content\/uploads\/2016\/06\/cenabrafiqoday-269x300.jpg 269w, https:\/\/edebiyyat-az.com\/wp-content\/uploads\/2016\/06\/cenabrafiqoday-768x856.jpg 768w, https:\/\/edebiyyat-az.com\/wp-content\/uploads\/2016\/06\/cenabrafiqoday.jpg 800w\" sizes=\"auto, (max-width: 269px) 100vw, 269px\" \/><\/a><\/p>\n<p><strong>Az\u0259rbaycan Yaz\u0131\u00e7\u0131lar v\u0259 Jurnalistl\u0259r Birlikl\u0259rinin \u00fczv\u00fc,<br \/>\nAz\u0259rbaycan Jurnalistl\u0259r Birliyinin Sumqay\u0131t \u015f\u0259h\u0259r t\u0259\u015fkilat\u0131n\u0131n s\u0259dri,<br \/>\n\u201dM\u00f6ht\u0259\u015f\u0259m Az\u0259rbaycan\u201d m\u00fcst\u0259qil ictimai-siyasi, \u0259d\u0259bi-b\u0259dii q\u0259zetinin t\u0259sis\u00e7isi v\u0259 ba\u015f redaktoru,<br \/>\n\u201dQ\u0131z\u0131l q\u0259l\u0259m\u201d, \u201cH\u0259s\u0259n b\u0259y Z\u0259rdabi\u201d, \u201cQafqaz-Media\u201d m\u00fckafatlar\u0131 laureat\u0131,<br \/>\n\u018fm\u0259kdar jurnalist<\/strong> <\/p>\n<p>\u00d6z\u00fcn \u015f\u0259klind\u0259n q\u0259\u015f\u0259ngs\u0259n,<br \/>\n\u015e\u0259klin d\u0259 \u00f6z\u00fcnd\u0259n g\u00f6z\u0259l.<br \/>\nH\u0259yat s\u0259ni d\u00fc\u015f\u00fcrm\u0259sin,<br \/>\nHe\u00e7 zaman g\u00f6z\u00fcnd\u0259n, g\u00f6z\u0259l.<\/p>\n<p>Bu nec\u0259 bir g\u00f6z\u0259llikdi? \u2013<br \/>\nE\u015fq\u0259 s\u0131\u011f\u0131\u015fd\u0131rmaq olmur.<br \/>\n\u00dcz\u00fcnd\u0259n s\u00fcz\u00fcl\u0259n nuru,<br \/>\nY\u0131\u011f\u0131b-y\u0131\u011f\u0131\u015fd\u0131rmaq olmur.<\/p>\n<p>Bax\u0131rsan h\u0259yat dolusu,<br \/>\nQad\u0131nsan \u2013 ad\u0131n \u00fcst\u00fcnd\u0259.<br \/>\nY\u0131x\u0131l\u0131r evi baxan\u0131n,<br \/>\nK\u00fcl olur odun \u00fcst\u00fcnd\u0259.<\/p>\n<p>Y\u0131\u011f\u0131\u015f, tez get buralardan,<br \/>\nS\u0259n yer adam\u0131 deyils\u0259n!<br \/>\nG\u0259li\u015finl\u0259 yer \u00fcz\u00fcn\u00fc<br \/>\nTutsun qadam\u0131 deyirs\u0259n?!<\/p>\n<p>G\u00f6r nec\u0259 \u0259sir etmis\u0259n,<br \/>\nD\u00fcz\u00fc-d\u00fcnyan\u0131 \u00f6z\u00fcn\u0259.<br \/>\nS\u0259ni g\u00f6r\u0259n zindan san\u0131r,<br \/>\nD\u00fcz\u00fc, d\u00fcnyan\u0131 \u00f6z\u00fcn\u0259.<\/p>\n<p>Apar, Tanr\u0131m, bu g\u00f6z\u0259li,<br \/>\nM\u0259l\u0259kl\u0259r\u0259 ortaq eyl\u0259.<br \/>\nHam\u0131 azad olsun dey\u0259,<br \/>\n\u00d6z h\u00fccr\u0259nd\u0259 dustaq eyl\u0259.<\/p>\n","protected":false},"excerpt":{"rendered":"<p>Az\u0259rbaycan Yaz\u0131\u00e7\u0131lar v\u0259 Jurnalistl\u0259r Birlikl\u0259rinin \u00fczv\u00fc, Az\u0259rbaycan Jurnalistl\u0259r Birliyinin Sumqay\u0131t \u015f\u0259h\u0259r t\u0259\u015fkilat\u0131n\u0131n s\u0259dri, \u201dM\u00f6ht\u0259\u015f\u0259m Az\u0259rbaycan\u201d m\u00fcst\u0259qil ictimai-siyasi, \u0259d\u0259bi-b\u0259dii q\u0259zetinin t\u0259sis\u00e7isi v\u0259 ba\u015f redaktoru, \u201dQ\u0131z\u0131l q\u0259l\u0259m\u201d, \u201cH\u0259s\u0259n b\u0259y Z\u0259rdabi\u201d, \u201cQafqaz-Media\u201d m\u00fckafatlar\u0131 laureat\u0131, \u018fm\u0259kdar jurnalist \u00d6z\u00fcn \u015f\u0259klind\u0259n q\u0259\u015f\u0259ngs\u0259n, \u015e\u0259klin d\u0259 \u00f6z\u00fcnd\u0259n g\u00f6z\u0259l. H\u0259yat s\u0259ni d\u00fc\u015f\u00fcrm\u0259sin, He\u00e7 zaman g\u00f6z\u00fcnd\u0259n, g\u00f6z\u0259l. Bu nec\u0259 bir g\u00f6z\u0259llikdi? \u2013 E\u015fq\u0259 s\u0131\u011f\u0131\u015fd\u0131rmaq olmur. [&hellip;]<\/p>\n","protected":false},"author":2,"featured_media":0,"comment_status":"open","ping_status":"open","sticky":false,"template":"","format":"standard","meta":{"footnotes":""},"categories":[4],"tags":[],"class_list":["post-22870","post","type-post","status-publish","format-standard","hentry","category-edeb"],"_links":{"self":[{"href":"https:\/\/edebiyyat-az.com\/index.php?rest_route=\/wp\/v2\/posts\/22870","targetHints":{"allow":["GET"]}}],"collection":[{"href":"https:\/\/edebiyyat-az.com\/index.php?rest_route=\/wp\/v2\/posts"}],"about":[{"href":"https:\/\/edebiyyat-az.com\/index.php?rest_route=\/wp\/v2\/types\/post"}],"author":[{"embeddable":true,"href":"https:\/\/edebiyyat-az.com\/index.php?rest_route=\/wp\/v2\/users\/2"}],"replies":[{"embeddable":true,"href":"https:\/\/edebiyyat-az.com\/index.php?rest_route=%2Fwp%2Fv2%2Fcomments&post=22870"}],"version-history":[{"count":2,"href":"https:\/\/edebiyyat-az.com\/index.php?rest_route=\/wp\/v2\/posts\/22870\/revisions"}],"predecessor-version":[{"id":22878,"href":"https:\/\/edebiyyat-az.com\/index.php?rest_route=\/wp\/v2\/posts\/22870\/revisions\/22878"}],"wp:attachment":[{"href":"https:\/\/edebiyyat-az.com\/index.php?rest_route=%2Fwp%2Fv2%2Fmedia&parent=22870"}],"wp:term":[{"taxonomy":"category","embeddable":true,"href":"https:\/\/edebiyyat-az.com\/index.php?rest_route=%2Fwp%2Fv2%2Fcategories&post=22870"},{"taxonomy":"post_tag","embeddable":true,"href":"https:\/\/edebiyyat-az.com\/index.php?rest_route=%2Fwp%2Fv2%2Ftags&post=22870"}],"curies":[{"name":"wp","href":"https:\/\/api.w.org\/{rel}","templated":true}]}}