{"id":22882,"date":"2016-10-26T08:00:34","date_gmt":"2016-10-26T04:00:34","guid":{"rendered":"http:\/\/edebiyyat-az.com\/?p=22882"},"modified":"2016-10-26T14:04:47","modified_gmt":"2016-10-26T10:04:47","slug":"sair-publisist-rafiq-odayin-seiri-avropa-m%c9%99tbuatinda","status":"publish","type":"post","link":"https:\/\/edebiyyat-az.com\/?p=22882","title":{"rendered":"\u015eair-publisist Rafiq Oday\u0131n \u015feiri Avropa m\u0259tbuat\u0131nda"},"content":{"rendered":"<p><a href=\"http:\/\/edebiyyat-az.com\/wp-content\/uploads\/2016\/09\/Rafiq-Oday.jpg\"><img loading=\"lazy\" decoding=\"async\" src=\"http:\/\/edebiyyat-az.com\/wp-content\/uploads\/2016\/09\/Rafiq-Oday-285x300.jpg\" alt=\"rafiq-oday\" width=\"285\" height=\"300\" class=\"aligncenter size-medium wp-image-22186\" srcset=\"https:\/\/edebiyyat-az.com\/wp-content\/uploads\/2016\/09\/Rafiq-Oday-285x300.jpg 285w, https:\/\/edebiyyat-az.com\/wp-content\/uploads\/2016\/09\/Rafiq-Oday.jpg 600w\" sizes=\"auto, (max-width: 285px) 100vw, 285px\" \/><\/a><\/p>\n<p><img decoding=\"async\" src=\"http:\/\/s019.radikal.ru\/i619\/1610\/27\/54480e916ba5.jpg\" alt=\"\" \/><\/p>\n<p>\u00c7a\u011fda\u015f Az\u0259rbaycan \u0259d\u0259biyyat\u0131n\u0131n g\u00f6rk\u0259mli n\u00fcmay\u0259nd\u0259si, Az\u0259rbaycan Yaz\u0131\u00e7\u0131lar v\u0259 Jurnalistl\u0259r Birlikl\u0259rinin \u00fczv\u00fc, Az\u0259rbaycan Jurnalistl\u0259r Birliyi Sumqay\u0131t \u015f\u0259h\u0259r t\u0259\u015fkilat\u0131n\u0131n s\u0259dri, G\u00fcnd\u0259lik Analitik \u0130nformasiya Agentliyinin (gundelik.info) v\u0259 Az\u0259rbaycan\u0131n M\u0259d\u0259niyy\u0259t v\u0259 \u018fd\u0259biyyat Portal\u0131n\u0131n (edebiyyat-az.com) t\u0259sis\u00e7isi v\u0259 direktoru, respublikan\u0131n \u018fm\u0259kdar jurnalisti, \u201cK\u00fcmbet\u201d e\u011fitim, k\u00fclt\u00fcr, sanat ve edebiyat dergisinin Az\u0259rbaycan t\u0259msil\u00e7isi, \u015fair-publisist Rafiq Oday\u0131n &#8220;Ya\u015fad\u0131m&#8221; \u015feiri Az\u0259rbaycan t\u00fcrkc\u0259sind\u0259 Qarda\u015f T\u00fcrkiy\u0259 C\u00fcmhuriyy\u0259tinin Adana \u015f\u0259h\u0259rind\u0259 f\u0259liyy\u0259t g\u00f6st\u0259r\u0259n &#8220;Avropa Olay&#8221; q\u0259zetinin yeni say\u0131nda \u00e7ap olunub.<br \/>\nQeyd ed\u0259k ki, &#8220;Avropa Olay&#8221; q\u0259zeti 21000 tirajla i\u015f\u0131q \u00fcz\u00fc g\u00f6r\u00fcr.Avropan\u0131n Almaniya, Danimarka kimi inki\u015faf etmi\u015f \u00f6lk\u0259l\u0259rind\u0259 d\u0259 yay\u0131nlan\u0131r.<\/p>\n<p><strong>Kamran MURQUZOV,<br \/>\nAz\u0259rbaycan\u0131n M\u0259d\u0259niyy\u0259t v\u0259 \u018fd\u0259biyyat Portal\u0131n\u0131n<br \/>\nM\u0259tbuat xidm\u0259tinin r\u0259hb\u0259ri,<br \/>\nAz\u0259rbaycan Jurnalistl\u0259r Birliyinin \u00fczv\u00fc<\/strong><\/p>\n","protected":false},"excerpt":{"rendered":"<p>\u00c7a\u011fda\u015f Az\u0259rbaycan \u0259d\u0259biyyat\u0131n\u0131n g\u00f6rk\u0259mli n\u00fcmay\u0259nd\u0259si, Az\u0259rbaycan Yaz\u0131\u00e7\u0131lar v\u0259 Jurnalistl\u0259r Birlikl\u0259rinin \u00fczv\u00fc, Az\u0259rbaycan Jurnalistl\u0259r Birliyi Sumqay\u0131t \u015f\u0259h\u0259r t\u0259\u015fkilat\u0131n\u0131n s\u0259dri, G\u00fcnd\u0259lik Analitik \u0130nformasiya Agentliyinin (gundelik.info) v\u0259 Az\u0259rbaycan\u0131n M\u0259d\u0259niyy\u0259t v\u0259 \u018fd\u0259biyyat Portal\u0131n\u0131n (edebiyyat-az.com) t\u0259sis\u00e7isi v\u0259 direktoru, respublikan\u0131n \u018fm\u0259kdar jurnalisti, \u201cK\u00fcmbet\u201d e\u011fitim, k\u00fclt\u00fcr, sanat ve edebiyat dergisinin Az\u0259rbaycan t\u0259msil\u00e7isi, \u015fair-publisist Rafiq Oday\u0131n &#8220;Ya\u015fad\u0131m&#8221; \u015feiri Az\u0259rbaycan t\u00fcrkc\u0259sind\u0259 Qarda\u015f T\u00fcrkiy\u0259 C\u00fcmhuriyy\u0259tinin [&hellip;]<\/p>\n","protected":false},"author":2,"featured_media":0,"comment_status":"open","ping_status":"open","sticky":false,"template":"","format":"standard","meta":{"footnotes":""},"categories":[40],"tags":[],"class_list":["post-22882","post","type-post","status-publish","format-standard","hentry","category-ajbsumqayit"],"_links":{"self":[{"href":"https:\/\/edebiyyat-az.com\/index.php?rest_route=\/wp\/v2\/posts\/22882","targetHints":{"allow":["GET"]}}],"collection":[{"href":"https:\/\/edebiyyat-az.com\/index.php?rest_route=\/wp\/v2\/posts"}],"about":[{"href":"https:\/\/edebiyyat-az.com\/index.php?rest_route=\/wp\/v2\/types\/post"}],"author":[{"embeddable":true,"href":"https:\/\/edebiyyat-az.com\/index.php?rest_route=\/wp\/v2\/users\/2"}],"replies":[{"embeddable":true,"href":"https:\/\/edebiyyat-az.com\/index.php?rest_route=%2Fwp%2Fv2%2Fcomments&post=22882"}],"version-history":[{"count":2,"href":"https:\/\/edebiyyat-az.com\/index.php?rest_route=\/wp\/v2\/posts\/22882\/revisions"}],"predecessor-version":[{"id":22884,"href":"https:\/\/edebiyyat-az.com\/index.php?rest_route=\/wp\/v2\/posts\/22882\/revisions\/22884"}],"wp:attachment":[{"href":"https:\/\/edebiyyat-az.com\/index.php?rest_route=%2Fwp%2Fv2%2Fmedia&parent=22882"}],"wp:term":[{"taxonomy":"category","embeddable":true,"href":"https:\/\/edebiyyat-az.com\/index.php?rest_route=%2Fwp%2Fv2%2Fcategories&post=22882"},{"taxonomy":"post_tag","embeddable":true,"href":"https:\/\/edebiyyat-az.com\/index.php?rest_route=%2Fwp%2Fv2%2Ftags&post=22882"}],"curies":[{"name":"wp","href":"https:\/\/api.w.org\/{rel}","templated":true}]}}