{"id":22885,"date":"2016-10-26T09:00:56","date_gmt":"2016-10-26T05:00:56","guid":{"rendered":"http:\/\/edebiyyat-az.com\/?p=22885"},"modified":"2016-10-26T14:15:50","modified_gmt":"2016-10-26T10:15:50","slug":"sair%c9%99-jurnalist-publisist-rahil%c9%99-xanim-dovranin-b%c9%99dii-yaradiciliq-f%c9%99aliyy%c9%99tin%c9%99-h%c9%99sr-olunan-m%c9%99qal%c9%99-cap-olunub","status":"publish","type":"post","link":"https:\/\/edebiyyat-az.com\/?p=22885","title":{"rendered":"\u015eair\u0259-jurnalist-publisist Rahil\u0259 xan\u0131m D\u00f6vran\u0131n b\u0259dii yarad\u0131c\u0131l\u0131q f\u0259aliyy\u0259tin\u0259 h\u0259sr olunan m\u0259qal\u0259 \u00e7ap olunub"},"content":{"rendered":"<p><a href=\"http:\/\/edebiyyat-az.com\/wp-content\/uploads\/2016\/07\/rahileanam.jpg\"><img loading=\"lazy\" decoding=\"async\" src=\"http:\/\/edebiyyat-az.com\/wp-content\/uploads\/2016\/07\/rahileanam-300x284.jpg\" alt=\"rahileanam\" width=\"300\" height=\"284\" class=\"aligncenter size-medium wp-image-21030\" srcset=\"https:\/\/edebiyyat-az.com\/wp-content\/uploads\/2016\/07\/rahileanam-300x284.jpg 300w, https:\/\/edebiyyat-az.com\/wp-content\/uploads\/2016\/07\/rahileanam.jpg 600w\" sizes=\"auto, (max-width: 300px) 100vw, 300px\" \/><\/a><\/p>\n<p>\u00c7a\u011fda\u015f Az\u0259rbaycan \u0259d\u0259biyyat\u0131n\u0131n g\u00f6rk\u0259mli n\u00fcmay\u0259nd\u0259si, Az\u0259rbaycan Yaz\u0131\u00e7\u0131lar Birliyinin \u00fczv\u00fc, \u201cQ\u0131z\u0131l q\u0259l\u0259m\u201d media m\u00fckafat\u0131 laureat\u0131, Az\u0259rbaycan Jurnalistl\u0259r Birliyi Sumqay\u0131t \u015f\u0259h\u0259r t\u0259\u015fkilat\u0131n\u0131n G\u00fcnd\u0259lik Analitik \u0130nformasiya Agentliyinin (gundelik.info) v\u0259 Az\u0259rbaycan\u0131n M\u0259d\u0259niyy\u0259t v\u0259 \u018fd\u0259biyyat Portal\u0131n\u0131n Nax\u00e7\u0131van Muxtar Respublikas\u0131 b\u00fcrosunun r\u0259hb\u0259ri, \u015eair\u0259-jurnalist-publisist Rahil\u0259 xan\u0131m D\u00f6vran\u0131n b\u0259dii yarad\u0131c\u0131l\u0131q f\u0259aliyy\u0259ti v\u0259 yeni i\u015f\u0131q \u00fcz\u00fc g\u00f6rm\u00fc\u015f &#8220;D\u00f6vran h\u0259min d\u00f6vrand\u0131r&#8221; \u015feirl\u0259ri kitab\u0131 haqq\u0131nda Nax\u00e7\u0131van Muxtar Respublikas\u0131n\u0131n \u0259n n\u00fcfuzlu m\u0259tbuat orqanlar\u0131ndan biri olan &#8220;Nuh yurdu&#8221; q\u0259zetinin sonuncu say\u0131nda Nax\u00e7\u0131van Muxtar Respublikas\u0131 M\u0259tbuat \u015euras\u0131n\u0131n s\u0259dri R\u00f6v\u015f\u0259n H\u00fcseynovun &#8220;V\u0259t\u0259n sevgisind\u0259n yo\u011frulan \u015feirl\u0259r toplusu&#8221; adl\u0131 m\u0259qal\u0259si \u00e7ap olunub.<br \/>\nQeyd ed\u0259k ki, bundan \u00f6nc\u0259 cari ilin yanvar ay\u0131n\u0131n 27-d\u0259 respublikan\u0131n paytaxt\u0131 Bak\u0131 \u015f\u0259h\u0259rind\u0259 f\u0259aliyy\u0259t g\u00f6st\u0259r\u0259n &#8220;Olaylar&#8221; \u0130nformasiya Agentliyind\u0259 v\u0259 &#8220;Olaylar&#8221; q\u0259zetind\u0259 G\u00fcnd\u0259lik Analitik \u0130nformasiya Agentliyinin M\u0259tbuat xidm\u0259tinin r\u0259hb\u0259ri, Az\u0259rbaycan Jurnalistl\u0259r Birliyinin \u00fczv\u00fc, Rahil\u0259 xan\u0131m D\u00f6vran\u0131n ki\u00e7ik o\u011flu, \u015fair-jurnalist, g\u0259nc yazar K\u0259nan Ayd\u0131no\u011flunun \u201cQ\u0131z\u0131l q\u0259l\u0259m\u201d media m\u00fckafat\u0131 laureat\u0131, \u015fair\u0259-jurnalist-publisist Rahil\u0259 xan\u0131m D\u00f6vran\u0131n z\u0259ngin b\u0259dii yarad\u0131c\u0131l\u0131q f\u0259aliyy\u0259tind\u0259n b\u0259hs ed\u0259n \u201cRahil\u0259 D\u00f6vran\u0131n z\u0259ngin yarad\u0131c\u0131l\u0131q f\u0259aliyy\u0259ti\u201d m\u0259qal\u0259si d\u0259rc olunaraq, ictimaiyy\u0259t n\u00fcmay\u0259nd\u0259l\u0259rinin n\u0259z\u0259rin\u0259 \u00e7atd\u0131r\u0131lm\u0131\u015fd\u0131.<\/p>\n<p><strong>Kamran MURQUZOV,<br \/>\nAz\u0259rbaycan\u0131n M\u0259d\u0259niyy\u0259t v\u0259 \u018fd\u0259biyyat Portal\u0131n\u0131n<br \/>\nM\u0259tbuat xidm\u0259tinin r\u0259hb\u0259ri,<br \/>\nAz\u0259rbaycan Jurnalistl\u0259r Birliyinin \u00fczv\u00fc<\/strong><\/p>\n","protected":false},"excerpt":{"rendered":"<p>\u00c7a\u011fda\u015f Az\u0259rbaycan \u0259d\u0259biyyat\u0131n\u0131n g\u00f6rk\u0259mli n\u00fcmay\u0259nd\u0259si, Az\u0259rbaycan Yaz\u0131\u00e7\u0131lar Birliyinin \u00fczv\u00fc, \u201cQ\u0131z\u0131l q\u0259l\u0259m\u201d media m\u00fckafat\u0131 laureat\u0131, Az\u0259rbaycan Jurnalistl\u0259r Birliyi Sumqay\u0131t \u015f\u0259h\u0259r t\u0259\u015fkilat\u0131n\u0131n G\u00fcnd\u0259lik Analitik \u0130nformasiya Agentliyinin (gundelik.info) v\u0259 Az\u0259rbaycan\u0131n M\u0259d\u0259niyy\u0259t v\u0259 \u018fd\u0259biyyat Portal\u0131n\u0131n Nax\u00e7\u0131van Muxtar Respublikas\u0131 b\u00fcrosunun r\u0259hb\u0259ri, \u015eair\u0259-jurnalist-publisist Rahil\u0259 xan\u0131m D\u00f6vran\u0131n b\u0259dii yarad\u0131c\u0131l\u0131q f\u0259aliyy\u0259ti v\u0259 yeni i\u015f\u0131q \u00fcz\u00fc g\u00f6rm\u00fc\u015f &#8220;D\u00f6vran h\u0259min d\u00f6vrand\u0131r&#8221; \u015feirl\u0259ri kitab\u0131 haqq\u0131nda Nax\u00e7\u0131van [&hellip;]<\/p>\n","protected":false},"author":2,"featured_media":0,"comment_status":"open","ping_status":"open","sticky":false,"template":"","format":"standard","meta":{"footnotes":""},"categories":[4],"tags":[],"class_list":["post-22885","post","type-post","status-publish","format-standard","hentry","category-edeb"],"_links":{"self":[{"href":"https:\/\/edebiyyat-az.com\/index.php?rest_route=\/wp\/v2\/posts\/22885","targetHints":{"allow":["GET"]}}],"collection":[{"href":"https:\/\/edebiyyat-az.com\/index.php?rest_route=\/wp\/v2\/posts"}],"about":[{"href":"https:\/\/edebiyyat-az.com\/index.php?rest_route=\/wp\/v2\/types\/post"}],"author":[{"embeddable":true,"href":"https:\/\/edebiyyat-az.com\/index.php?rest_route=\/wp\/v2\/users\/2"}],"replies":[{"embeddable":true,"href":"https:\/\/edebiyyat-az.com\/index.php?rest_route=%2Fwp%2Fv2%2Fcomments&post=22885"}],"version-history":[{"count":1,"href":"https:\/\/edebiyyat-az.com\/index.php?rest_route=\/wp\/v2\/posts\/22885\/revisions"}],"predecessor-version":[{"id":22886,"href":"https:\/\/edebiyyat-az.com\/index.php?rest_route=\/wp\/v2\/posts\/22885\/revisions\/22886"}],"wp:attachment":[{"href":"https:\/\/edebiyyat-az.com\/index.php?rest_route=%2Fwp%2Fv2%2Fmedia&parent=22885"}],"wp:term":[{"taxonomy":"category","embeddable":true,"href":"https:\/\/edebiyyat-az.com\/index.php?rest_route=%2Fwp%2Fv2%2Fcategories&post=22885"},{"taxonomy":"post_tag","embeddable":true,"href":"https:\/\/edebiyyat-az.com\/index.php?rest_route=%2Fwp%2Fv2%2Ftags&post=22885"}],"curies":[{"name":"wp","href":"https:\/\/api.w.org\/{rel}","templated":true}]}}