{"id":22889,"date":"2016-10-27T02:00:15","date_gmt":"2016-10-26T22:00:15","guid":{"rendered":"http:\/\/edebiyyat-az.com\/?p=22889"},"modified":"2016-10-27T08:42:17","modified_gmt":"2016-10-27T04:42:17","slug":"s%c9%99hriyarin-110-illik-yubiley-m%c9%99rasimin%c9%99-start-verildi","status":"publish","type":"post","link":"https:\/\/edebiyyat-az.com\/?p=22889","title":{"rendered":"\u015e\u0259hriyar\u0131n 110 illik yubiley m\u0259rasimin\u0259 start verildi"},"content":{"rendered":"<p><img decoding=\"async\" src=\"http:\/\/s013.radikal.ru\/i322\/1610\/ea\/f73df442f3fd.jpg\" alt=\"\" \/><\/p>\n<p>Sumqay\u0131t \u015f\u0259h\u0259r \u018fli K\u0259rim ad\u0131na Poeziya Evind\u0259 ustad \u015fair M\u0259h\u0259mm\u0259dheseyn \u015e\u0259hriyar\u0131n 110 illik yubiley m\u0259rasimin\u0259 start verilib<br \/>\nT\u0259dbiri giri\u015f s\u00f6z\u00fc il\u0259 Sumqay\u0131t \u015f\u0259h\u0259r M\u0259d\u0259niyy\u0259t v\u0259 Turizm \u0130dar\u0259sinin r\u0259isi Mehman \u015e\u00fck\u00fcrov a\u00e7\u0131b. O, \u00e7\u0131x\u0131\u015f\u0131nda bel\u0259 \u0259d\u0259bi\u2013m\u0259clisl\u0259rin t\u0259\u015fkil edilm\u0259sinin vacibliyini vur\u011fulay\u0131b v\u0259 bu t\u0259dbirl\u0259rd\u0259 i\u015ftirak\u0131ndan m\u0259mnunlu\u011funu qeyd edib.<br \/>\nAYB-nin Sumqay\u0131t b\u00f6lm\u0259sinin s\u0259dri \u015fair Sabir Sarvan \u00e7\u0131x\u0131\u015f ed\u0259r\u0259k \u015e\u0259hriyar \u015feirind\u0259ki millilik, \u00f6z\u00fcn\u0259m\u0259xsusluq elementl\u0259rinin onun b\u00fct\u00fcn xalq\u0131m\u0131za sevdir\u0259n c\u0259h\u0259tl\u0259ri kimi vur\u011fulay\u0131b.<br \/>\nT\u0259dbird\u0259 i\u015ftirak ed\u0259n Az\u0259rbaycan Yaz\u0131\u00e7\u0131lar Birliyinin C\u0259nubi Az\u0259rbaycan \u015f\u00f6b\u0259sinin r\u0259hb\u0259ri Sayman Aruz \u015e\u0259hriyar\u0131 sev\u0259r\u0259k xat\u0131rlayan h\u0259r bir az\u0259rbaycanl\u0131ya minn\u0259tdar oldu\u011funu bildirib.<br \/>\nT\u0259briz Qarada\u011f A\u015f\u0131qlar Birliyinin s\u0259dri B\u00f6y\u00fckb\u0259y \u018fl\u0259kb\u0259ro\u011flu \u00f6z \u00e7\u0131x\u0131\u015f\u0131 il\u0259, T\u0259brizli a\u015f\u0131qlar A\u015f\u0131q Abbas M\u0259h\u0259mm\u0259di, A\u015f\u0131q H\u0259s\u0259n Babayi is\u0259 \u015e\u0259hriyar s\u00f6z\u00fcn\u00fcn sehrini \u0259srar\u0259ngiz saz havalar\u0131 il\u0259 b\u0259yan edibl\u0259r.<br \/>\nM\u0259clisd\u0259 \u00e7\u0131x\u0131\u015f ed\u0259n \u018fs\u0259d Cahangir , Ofeliya Babayeva , \u018f\u015fr\u0259f Veys\u0259lli , xal\u00e7a\u00e7\u0131 r\u0259ssam Fazil Abasquluzad\u0259 ayr\u0131l\u0131q, h\u0259sr\u0259t nidalar\u0131n\u0131n ideal poetik h\u0259llin tapm\u0131\u015f \u015e\u0259hriyar poeziyas\u0131n\u0131n g\u00f6z\u0259lliyind\u0259n s\u00f6z a\u00e7\u0131blar.<br \/>\nDaha sonra xan\u0259nd\u0259l\u0259r K\u00f6n\u00fcl \u018fmiral\u0131yeva, G\u00fcnay Mehdiyeva, Tural Salmanov v\u0259 m\u00fc\u015fayi\u0259tcil\u0259r Elnur \u018fliyev, M\u0259h\u0259rr\u0259m Q\u0259hr\u0259manov, Zabil Cavadov \u015fairin s\u00f6zl\u0259rin\u0259 b\u0259st\u0259l\u0259nmi\u015f musiqi n\u00f6mr\u0259l\u0259ri v\u0259 mu\u011fam par\u00e7alar\u0131 ifa ed\u0259r\u0259k \u0259d\u0259bi \u2013 b\u0259dii m\u0259clisi r\u00f6vn\u0259ql\u0259ndiribl\u0259r.<\/p>\n<p><strong>Sumqay\u0131t \u015f\u0259h\u0259r M\u0259d\u0259niyy\u0259t v\u0259 Turizm idar\u0259sinin m\u0259tbuat xidm\u0259ti<\/strong><\/p>\n","protected":false},"excerpt":{"rendered":"<p>Sumqay\u0131t \u015f\u0259h\u0259r \u018fli K\u0259rim ad\u0131na Poeziya Evind\u0259 ustad \u015fair M\u0259h\u0259mm\u0259dheseyn \u015e\u0259hriyar\u0131n 110 illik yubiley m\u0259rasimin\u0259 start verilib T\u0259dbiri giri\u015f s\u00f6z\u00fc il\u0259 Sumqay\u0131t \u015f\u0259h\u0259r M\u0259d\u0259niyy\u0259t v\u0259 Turizm \u0130dar\u0259sinin r\u0259isi Mehman \u015e\u00fck\u00fcrov a\u00e7\u0131b. O, \u00e7\u0131x\u0131\u015f\u0131nda bel\u0259 \u0259d\u0259bi\u2013m\u0259clisl\u0259rin t\u0259\u015fkil edilm\u0259sinin vacibliyini vur\u011fulay\u0131b v\u0259 bu t\u0259dbirl\u0259rd\u0259 i\u015ftirak\u0131ndan m\u0259mnunlu\u011funu qeyd edib. AYB-nin Sumqay\u0131t b\u00f6lm\u0259sinin s\u0259dri \u015fair Sabir Sarvan \u00e7\u0131x\u0131\u015f ed\u0259r\u0259k [&hellip;]<\/p>\n","protected":false},"author":2,"featured_media":0,"comment_status":"open","ping_status":"open","sticky":false,"template":"","format":"standard","meta":{"footnotes":""},"categories":[4],"tags":[],"class_list":["post-22889","post","type-post","status-publish","format-standard","hentry","category-edeb"],"_links":{"self":[{"href":"https:\/\/edebiyyat-az.com\/index.php?rest_route=\/wp\/v2\/posts\/22889","targetHints":{"allow":["GET"]}}],"collection":[{"href":"https:\/\/edebiyyat-az.com\/index.php?rest_route=\/wp\/v2\/posts"}],"about":[{"href":"https:\/\/edebiyyat-az.com\/index.php?rest_route=\/wp\/v2\/types\/post"}],"author":[{"embeddable":true,"href":"https:\/\/edebiyyat-az.com\/index.php?rest_route=\/wp\/v2\/users\/2"}],"replies":[{"embeddable":true,"href":"https:\/\/edebiyyat-az.com\/index.php?rest_route=%2Fwp%2Fv2%2Fcomments&post=22889"}],"version-history":[{"count":1,"href":"https:\/\/edebiyyat-az.com\/index.php?rest_route=\/wp\/v2\/posts\/22889\/revisions"}],"predecessor-version":[{"id":22890,"href":"https:\/\/edebiyyat-az.com\/index.php?rest_route=\/wp\/v2\/posts\/22889\/revisions\/22890"}],"wp:attachment":[{"href":"https:\/\/edebiyyat-az.com\/index.php?rest_route=%2Fwp%2Fv2%2Fmedia&parent=22889"}],"wp:term":[{"taxonomy":"category","embeddable":true,"href":"https:\/\/edebiyyat-az.com\/index.php?rest_route=%2Fwp%2Fv2%2Fcategories&post=22889"},{"taxonomy":"post_tag","embeddable":true,"href":"https:\/\/edebiyyat-az.com\/index.php?rest_route=%2Fwp%2Fv2%2Ftags&post=22889"}],"curies":[{"name":"wp","href":"https:\/\/api.w.org\/{rel}","templated":true}]}}