{"id":22891,"date":"2016-10-27T03:00:20","date_gmt":"2016-10-26T23:00:20","guid":{"rendered":"http:\/\/edebiyyat-az.com\/?p=22891"},"modified":"2016-10-27T08:43:40","modified_gmt":"2016-10-27T04:43:40","slug":"cilov-adasinda-bas-tutan-qht-t%c9%99dbiri","status":"publish","type":"post","link":"https:\/\/edebiyyat-az.com\/?p=22891","title":{"rendered":"\u00c7ilov adas\u0131nda ba\u015f tutan QHT t\u0259dbiri"},"content":{"rendered":"<p><img decoding=\"async\" src=\"http:\/\/s019.radikal.ru\/i600\/1610\/21\/4b011fdefe16.jpg\" alt=\"\" \/><\/p>\n<p>Az\u0259rbaycan Respublikas\u0131n\u0131n Prezidenti Yan\u0131nda QHT-l\u0259r\u0259 D\u00f6vl\u0259t D\u0259st\u0259yi \u015euras\u0131n\u0131n 2016-ci ild\u0259 elan etdiyi Qrant m\u00fcsabiq\u0259sinin qalibl\u0259rind\u0259n biri d\u0259 M\u00fcharib\u0259 Veteran\u0131 Qad\u0131nlar\u0131na Sosial Yard\u0131m \u0130ctimai Birliyidir.<br \/>\n\u201cAz\u0259rbaycan tarixinin Qaraba\u011f h\u0259qiq\u0259tl\u0259rinin t\u0259bli\u011find\u0259 Az\u0259rbaycanda v\u0259 xarici \u00f6lk\u0259l\u0259rd\u0259 t\u0259dbirl\u0259rin ke\u00e7irilm\u0259si\u201d adl\u0131 layih\u0259nin n\u00f6vb\u0259ti t\u0259dbir 26 oktyabr 2016-c\u0131 il tarixind\u0259 \u00c7ilov adas\u0131 131 sayl\u0131 tam orta m\u0259kt\u0259bd\u0259 ke\u00e7irildi. \u201cV\u0259t\u0259n sevgisi \u015fah damar\u0131mdan yax\u0131d\u0131r m\u0259n\u0259\u201d adl\u0131 t\u0259dbirin t\u0259\u015fkilat\u00e7\u0131s\u0131 m\u0259kt\u0259b r\u0259hb\u0259rliyidir. T\u0259dbiri m\u0259kt\u0259bin direktoru Musayev R\u0259fael M\u0259mm\u0259d o\u011flu a\u00e7d\u0131. \u0130lk olaraq d\u00f6vl\u0259timizin Himni s\u0259sl\u0259ndi v\u0259 \u015f\u0259hidl\u0259rin ruhu bir d\u0259qiq\u0259lik sayq\u0131 duru\u015fu il\u0259 yad edilub s\u00f6z Rad\u0259 Abbasa verildi. Layih\u0259 r\u0259hb\u0259ri Rad\u0259 Abbas layih\u0259 haqda geni\u015f m\u0259lumat verdi. Layih\u0259nin \u0259sas\u0259n Almaniyada, \u0130sve\u00e7d\u0259, Hollandiyada v\u0259 T\u00fcrkiy\u0259d\u0259 h\u0259yata ke\u00e7irilm\u0259si n\u0259z\u0259rd\u0259 tutulur.<br \/>\nM\u0259kt\u0259bin m\u00fc\u0259lliml\u0259ri il\u0259 birlikd\u0259 \u015fagirdl\u0259r\u0259 Qaraba\u011f\u0131n tarixi, m\u0259d\u0259niyy\u0259ti, \u0259razil\u0259ri haqda geni\u015f m\u0259lumat verildi. Az\u0259rbaycan\u0131n i\u015f\u011fal olunmu\u015f \u0259razil\u0259rind\u0259 erm\u0259nil\u0259r t\u0259r\u0259find\u0259n t\u00f6r\u0259dil\u0259n v\u0259h\u015filikl\u0259r, tarix- m\u0259d\u0259niyy\u0259t abid\u0259l\u0259rimizin m\u0259hv edilm\u0259si v\u0259 bunun d\u00fcnyaya \u00e7atd\u0131r\u0131lmas\u0131n\u0131n vacibliyi \u015fagirdl\u0259rin n\u0259z\u0259rin\u0259 \u00e7atd\u0131r\u0131ld\u0131. M\u0259kt\u0259b \u015fagirdl\u0259rinin haz\u0131rlad\u0131qlar\u0131 v\u0259t\u0259np\u0259rv\u0259rlik ruhlu \u015ferl\u0259r v\u0259 mahn\u0131lar dinl\u0259nildi. \u015eagirdl\u0259rin Qaraba\u011f v\u0259 m\u00fcharib\u0259 il\u0259 ba\u011fl\u0131 \u00e7oxsayl\u0131 suallar\u0131 cavabland\u0131r\u0131ld\u0131. M\u0259kr\u0259bin m\u00fc\u0259lliml\u0259ri, m\u00fcharib\u0259 veteranlar\u0131 Vidadi \u0130smay\u0131lov v\u0259 \u015eahbaba Pa\u015fayev \u00e7\u0131x\u0131\u015f ed\u0259r\u0259k bel\u0259 t\u0259dbirl\u0259rin ke\u00e7irilm\u0259sinin \u015fagirdl\u0259rin d\u00fcnya g\u00f6r\u00fc\u015f\u00fcn\u0259 v\u0259 t\u0259rbiyy\u0259sin\u0259 m\u00fcsb\u0259t t\u0259sirini qeyd etdil\u0259r. \u00c7ilov adas\u0131nda ilk d\u0259f\u0259 QHT t\u0259dbir ke\u00e7irdiyini qeyd ed\u0259n \u015fagirdl\u0259r \u00f6z t\u0259\u015f\u0259kk\u00fcrl\u0259rini bildiril\u0259r. MVQS\u0130B-nin s\u0259dri Rad\u0259 Abbasla h\u0259yata ke\u00e7iril\u0259n layih\u0259l\u0259rin \u0259sas m\u0259qs\u0259di Erm\u0259nistan\u0131n Az\u0259rbaycan \u0259razil\u0259rin\u0259 t\u0259cav\u00fcz\u00fcn\u00fc v\u0259 t\u0259r\u0259fdarlar\u0131n\u0131n Erm\u0259nistan\u0131 d\u0259st\u0259kl\u0259diyini bildirdi. Xocal\u0131ya v\u0259 Qaraba\u011f\u0131n \u0259razil\u0259rin\u0259 Erm\u0259nistan\u0131n ordusu il\u0259 Rusyan\u0131n 366-c\u0131 motoat\u0131c\u0131 alay\u0131n\u0131n birg\u0259 h\u00fccumu n\u0259tic\u0259sind\u0259 girov g\u00f6t\u00fcr\u00fclm\u015f Az\u0259rbaycan qad\u0131nlar\u0131n\u0131n h\u0259l\u0259d\u0259 girovluqda oldu\u011fu v\u0259 onlara i\u015fg\u0259nc\u0259l\u0259r verildiyini bildirdi. M\u00fcharib\u0259 veteran\u0131 G\u00fclp\u0259ri \u018fhm\u0259dovada bu t\u0259dbirin ke\u00e7irilm\u0259sinin \u015fagirdl\u0259r\u0259 v\u0259 \u00fcmumilikd\u0259 ham\u0131ya xo\u015f t\u0259sirind\u0259n dan\u0131\u015fd\u0131. \u00c7ilov adas\u0131nda ya\u015fayan bizl\u0259ri unutmad\u0131\u011f\u0131n\u0131z \u00fc\u00e7\u00fcn t\u0259\u015f\u0259kk\u00fcr edirik dedi. Layih\u0259 r\u0259hb\u0259ri t\u0259dbirin t\u0259\u015fkili \u00fc\u00e7\u00fcn 28 may NQ\u00c7\u0130-nin v\u0259 131 sayl\u0131 m\u0259kt\u0259bin r\u0259hb\u0259rliyin\u0259 t\u0259\u015f\u0259kk\u00fcr\u00fcn\u00fc bildirdi. T\u0259dbird\u0259 MVQSY\u0130B-nin m\u0259tbuat xidm\u0259tinin r\u0259hb\u0259ri v\u0259 atesh.az sayt\u0131n\u0131n ba\u015f redaktru Qabil \u018fdal\u0259td\u0259 i\u015ftirak etdirdi.<br \/>\nLayih\u0259nin icras\u0131 Avropada davam ediril\u0259c\u0259kdir.<\/p>\n","protected":false},"excerpt":{"rendered":"<p>Az\u0259rbaycan Respublikas\u0131n\u0131n Prezidenti Yan\u0131nda QHT-l\u0259r\u0259 D\u00f6vl\u0259t D\u0259st\u0259yi \u015euras\u0131n\u0131n 2016-ci ild\u0259 elan etdiyi Qrant m\u00fcsabiq\u0259sinin qalibl\u0259rind\u0259n biri d\u0259 M\u00fcharib\u0259 Veteran\u0131 Qad\u0131nlar\u0131na Sosial Yard\u0131m \u0130ctimai Birliyidir. \u201cAz\u0259rbaycan tarixinin Qaraba\u011f h\u0259qiq\u0259tl\u0259rinin t\u0259bli\u011find\u0259 Az\u0259rbaycanda v\u0259 xarici \u00f6lk\u0259l\u0259rd\u0259 t\u0259dbirl\u0259rin ke\u00e7irilm\u0259si\u201d adl\u0131 layih\u0259nin n\u00f6vb\u0259ti t\u0259dbir 26 oktyabr 2016-c\u0131 il tarixind\u0259 \u00c7ilov adas\u0131 131 sayl\u0131 tam orta m\u0259kt\u0259bd\u0259 ke\u00e7irildi. \u201cV\u0259t\u0259n sevgisi \u015fah [&hellip;]<\/p>\n","protected":false},"author":2,"featured_media":0,"comment_status":"open","ping_status":"open","sticky":false,"template":"","format":"standard","meta":{"footnotes":""},"categories":[4],"tags":[],"class_list":["post-22891","post","type-post","status-publish","format-standard","hentry","category-edeb"],"_links":{"self":[{"href":"https:\/\/edebiyyat-az.com\/index.php?rest_route=\/wp\/v2\/posts\/22891","targetHints":{"allow":["GET"]}}],"collection":[{"href":"https:\/\/edebiyyat-az.com\/index.php?rest_route=\/wp\/v2\/posts"}],"about":[{"href":"https:\/\/edebiyyat-az.com\/index.php?rest_route=\/wp\/v2\/types\/post"}],"author":[{"embeddable":true,"href":"https:\/\/edebiyyat-az.com\/index.php?rest_route=\/wp\/v2\/users\/2"}],"replies":[{"embeddable":true,"href":"https:\/\/edebiyyat-az.com\/index.php?rest_route=%2Fwp%2Fv2%2Fcomments&post=22891"}],"version-history":[{"count":1,"href":"https:\/\/edebiyyat-az.com\/index.php?rest_route=\/wp\/v2\/posts\/22891\/revisions"}],"predecessor-version":[{"id":22892,"href":"https:\/\/edebiyyat-az.com\/index.php?rest_route=\/wp\/v2\/posts\/22891\/revisions\/22892"}],"wp:attachment":[{"href":"https:\/\/edebiyyat-az.com\/index.php?rest_route=%2Fwp%2Fv2%2Fmedia&parent=22891"}],"wp:term":[{"taxonomy":"category","embeddable":true,"href":"https:\/\/edebiyyat-az.com\/index.php?rest_route=%2Fwp%2Fv2%2Fcategories&post=22891"},{"taxonomy":"post_tag","embeddable":true,"href":"https:\/\/edebiyyat-az.com\/index.php?rest_route=%2Fwp%2Fv2%2Ftags&post=22891"}],"curies":[{"name":"wp","href":"https:\/\/api.w.org\/{rel}","templated":true}]}}