{"id":23384,"date":"2016-11-30T12:00:47","date_gmt":"2016-11-30T08:00:47","guid":{"rendered":"http:\/\/edebiyyat-az.com\/?p=23384"},"modified":"2016-11-30T13:35:48","modified_gmt":"2016-11-30T09:35:48","slug":"sumqayitda-multkulturalizm-ili-il%c9%99-bagli-s%c9%99rgi-kecirilib","status":"publish","type":"post","link":"https:\/\/edebiyyat-az.com\/?p=23384","title":{"rendered":"Sumqay\u0131tda \u201cMultkulturalizm ili\u201d il\u0259 ba\u011fl\u0131 s\u0259rgi ke\u00e7irilib"},"content":{"rendered":"<p><img decoding=\"async\" src=\"http:\/\/i057.radikal.ru\/1611\/b9\/a67739766cba.jpg\" alt=\"\" \/><\/p>\n<p>Sumqay\u0131t \u015f\u0259h\u0259r M\u0259d\u0259niyy\u0259t v\u0259 Turizm idar\u0259sinin d\u0259st\u0259yi il\u0259 ke\u00e7iril\u0259n s\u0259rgid\u0259 l\u0259zgi, tal\u0131\u015f, rus, belarus xalqlar\u0131n\u0131n n\u00fcmay\u0259nd\u0259l\u0259ri \u00f6z m\u0259i\u015f\u0259t \u0259\u015fyalar\u0131n\u0131, z\u0259ngin m\u0259tb\u0259xl\u0259rini v\u0259 \u0259l i\u015fl\u0259rini n\u00fcmayi\u015f etdiribl\u0259r.<br \/>\nSumqay\u0131t \u015f\u0259h\u0259r \u0130cra Hakimiyy\u0259ti Ba\u015f\u00e7\u0131s\u0131n\u0131n m\u00fcavini Teymur S\u0259m\u0259dov v\u0259 M\u0259d\u0259niyy\u0259t v\u0259 Turizm \u0130dar\u0259sinin r\u0259isi Mehman \u015e\u00fck\u00fcrov t\u0259dbir\u0259 qat\u0131laraq s\u0259rgi il\u0259 yax\u0131ndan tan\u0131\u015f olublar.<br \/>\nSumqay\u0131t \u0130H ba\u015f\u00e7\u0131s\u0131n\u0131n m\u00fcavini Teymur S\u0259m\u0259dov \u00e7\u0131x\u0131\u015f ed\u0259r\u0259k t\u0259dbirin t\u0259\u015fkilat\u00e7\u0131lar\u0131na t\u0259\u015f\u0259kk\u00fcr edib. O, qeyd edib ki, multkultural d\u0259y\u0259rl\u0259r\u0259 h\u00f6rm\u0259t Az\u0259rbaycan xalq\u0131n\u0131n can\u0131nda, qan\u0131ndad\u0131r. Sumqay\u0131tda son bir ild\u0259 g\u00f6r\u00fcl\u0259n tikinti v\u0259 abadl\u0131q i\u015fl\u0259rin\u0259 diqq\u0259t \u00e7\u0259k\u0259n Teymur S\u0259m\u0259dov bildirib ki, b\u00fct\u00fcn bu g\u00f6r\u00fcl\u0259n i\u015fl\u0259r milliyy\u0259tind\u0259n as\u0131l\u0131 olmayaraq h\u0259r bir Sumqay\u0131t sakininin rahatl\u0131\u011f\u0131, asud\u0259 vaxt\u0131n\u0131n s\u0259m\u0259r\u0259li t\u0259\u015fkili \u00fc\u00e7\u00fcnd\u00fcr. \u201cBiz sumqay\u0131tl\u0131 olma\u011f\u0131m\u0131zla f\u0259xr etm\u0259liyik\u201d dey\u0259n natiq t\u0259dbir i\u015ftirak\u00e7\u0131lar\u0131n\u0131 t\u0259brik edib, u\u011furlar arzulay\u0131b.<br \/>\nDaha sonra Sumqay\u0131t \u015f\u0259h\u0259r M\u0259d\u0259niyy\u0259t v\u0259 Turizm idar\u0259sinin r\u0259isi Mehman \u015e\u00fck\u00fcrov \u00e7\u0131x\u0131\u015f edib. O, bildirib ki, multkulturalizm, bir \u00e7ox f\u0259rqli m\u0259d\u0259niyy\u0259tin bir arada ya\u015famas\u0131 dem\u0259kdir. Bu g\u00fcnk\u00fc t\u0259dbird\u0259 biz bunun bariz n\u00fcmun\u0259sini g\u00f6rd\u00fck. Sumqay\u0131t D\u00f6vl\u0259t R\u0259sm Qalereyas\u0131n\u0131n bir \u00e7ox t\u0259dbirl\u0259r\u0259 ev sahibliyi etdiyini diqq\u0259t\u0259 \u00e7atd\u0131ran idar\u0259 r\u0259isi bel\u0259 t\u0259dbirl\u0259rin \u015f\u0259h\u0259r sakinl\u0259ri aras\u0131nda m\u0259d\u0259niyy\u0259t sah\u0259sin\u0259 mara\u011f\u0131n artmas\u0131na s\u0259b\u0259b oldu\u011funu vur\u011fulay\u0131b.<br \/>\nSonda Sumqay\u0131t D\u00f6vl\u0259t R\u0259sm Qareyas\u0131n\u0131n direktoru Ellada H\u0259s\u0259nova qonaqlara t\u0259dbird\u0259 i\u015ftiraklar\u0131na g\u00f6r\u0259 t\u0259\u015f\u0259kk\u00fcr edib.<br \/>\nT\u0259dbird\u0259 \u201cDostluq\u201d m\u0259d\u0259niyy\u0259t evinin \u201c\u015eahinl\u0259r\u201d v\u0259 C.Cabbarl\u0131 ad\u0131na m\u0259d\u0259niyy\u0259t evinin \u201cTuran\u201d r\u0259qs kollektivl\u0259rinin \u00e7\u0131x\u0131\u015f\u0131, \u015e\u0259h\u0259r M\u0259d\u0259niyy\u0259t evinin \u201cVeteran\u201d xalq xorunun g\u0259nc m\u00fc\u011f\u0259nni Kamil A\u011fazad\u0259 il\u0259 dueti, el\u0259c\u0259 d\u0259 Moskvada ke\u00e7iril\u0259n Birinci Beyn\u0259lxalq Musiqi Festival\u0131n\u0131n II yer qalibi, \u201cSuvar\u201d xalq kollektivinin solisti C\u0259mil\u0259 Zalovan\u0131n, yetirm\u0259l\u0259ri Alisa M\u0259hsimova v\u0259 G\u00fcnay V\u0259lixanovan\u0131n ifas\u0131nda l\u0259zgi mahn\u0131lar\u0131 t\u0259dbir i\u015ftirak\u00e7\u0131lar\u0131 t\u0259r\u0259find\u0259n maraqla qar\u015f\u0131lan\u0131b.<\/p>\n<p><strong>Sumqay\u0131t \u015f\u0259h\u0259r M\u0259d\u0259niyy\u0259t v\u0259 Turizm idar\u0259sinin M\u0259tbuat xidm\u0259ti<\/strong><\/p>\n","protected":false},"excerpt":{"rendered":"<p>Sumqay\u0131t \u015f\u0259h\u0259r M\u0259d\u0259niyy\u0259t v\u0259 Turizm idar\u0259sinin d\u0259st\u0259yi il\u0259 ke\u00e7iril\u0259n s\u0259rgid\u0259 l\u0259zgi, tal\u0131\u015f, rus, belarus xalqlar\u0131n\u0131n n\u00fcmay\u0259nd\u0259l\u0259ri \u00f6z m\u0259i\u015f\u0259t \u0259\u015fyalar\u0131n\u0131, z\u0259ngin m\u0259tb\u0259xl\u0259rini v\u0259 \u0259l i\u015fl\u0259rini n\u00fcmayi\u015f etdiribl\u0259r. Sumqay\u0131t \u015f\u0259h\u0259r \u0130cra Hakimiyy\u0259ti Ba\u015f\u00e7\u0131s\u0131n\u0131n m\u00fcavini Teymur S\u0259m\u0259dov v\u0259 M\u0259d\u0259niyy\u0259t v\u0259 Turizm \u0130dar\u0259sinin r\u0259isi Mehman \u015e\u00fck\u00fcrov t\u0259dbir\u0259 qat\u0131laraq s\u0259rgi il\u0259 yax\u0131ndan tan\u0131\u015f olublar. Sumqay\u0131t \u0130H ba\u015f\u00e7\u0131s\u0131n\u0131n m\u00fcavini Teymur S\u0259m\u0259dov [&hellip;]<\/p>\n","protected":false},"author":2,"featured_media":0,"comment_status":"open","ping_status":"open","sticky":false,"template":"","format":"standard","meta":{"footnotes":""},"categories":[40],"tags":[],"class_list":["post-23384","post","type-post","status-publish","format-standard","hentry","category-ajbsumqayit"],"_links":{"self":[{"href":"https:\/\/edebiyyat-az.com\/index.php?rest_route=\/wp\/v2\/posts\/23384","targetHints":{"allow":["GET"]}}],"collection":[{"href":"https:\/\/edebiyyat-az.com\/index.php?rest_route=\/wp\/v2\/posts"}],"about":[{"href":"https:\/\/edebiyyat-az.com\/index.php?rest_route=\/wp\/v2\/types\/post"}],"author":[{"embeddable":true,"href":"https:\/\/edebiyyat-az.com\/index.php?rest_route=\/wp\/v2\/users\/2"}],"replies":[{"embeddable":true,"href":"https:\/\/edebiyyat-az.com\/index.php?rest_route=%2Fwp%2Fv2%2Fcomments&post=23384"}],"version-history":[{"count":1,"href":"https:\/\/edebiyyat-az.com\/index.php?rest_route=\/wp\/v2\/posts\/23384\/revisions"}],"predecessor-version":[{"id":23389,"href":"https:\/\/edebiyyat-az.com\/index.php?rest_route=\/wp\/v2\/posts\/23384\/revisions\/23389"}],"wp:attachment":[{"href":"https:\/\/edebiyyat-az.com\/index.php?rest_route=%2Fwp%2Fv2%2Fmedia&parent=23384"}],"wp:term":[{"taxonomy":"category","embeddable":true,"href":"https:\/\/edebiyyat-az.com\/index.php?rest_route=%2Fwp%2Fv2%2Fcategories&post=23384"},{"taxonomy":"post_tag","embeddable":true,"href":"https:\/\/edebiyyat-az.com\/index.php?rest_route=%2Fwp%2Fv2%2Ftags&post=23384"}],"curies":[{"name":"wp","href":"https:\/\/api.w.org\/{rel}","templated":true}]}}