{"id":23555,"date":"2016-12-14T03:00:06","date_gmt":"2016-12-13T23:00:06","guid":{"rendered":"http:\/\/edebiyyat-az.com\/?p=23555"},"modified":"2016-12-14T10:07:22","modified_gmt":"2016-12-14T06:07:22","slug":"s%c9%99fa-eyvaz-yeni-seirl%c9%99r-6","status":"publish","type":"post","link":"https:\/\/edebiyyat-az.com\/?p=23555","title":{"rendered":"\u015e\u0259fa EYVAZ.Yeni \u015feirl\u0259r"},"content":{"rendered":"<p><a href=\"http:\/\/edebiyyat-az.com\/wp-content\/uploads\/2015\/03\/1423756700_sefa-xanim.jpg\"><img loading=\"lazy\" decoding=\"async\" src=\"http:\/\/edebiyyat-az.com\/wp-content\/uploads\/2015\/03\/1423756700_sefa-xanim-300x300.jpg\" alt=\"1423756700_sefa-xanim\" width=\"300\" height=\"300\" class=\"alignnone size-medium wp-image-11149\" srcset=\"https:\/\/edebiyyat-az.com\/wp-content\/uploads\/2015\/03\/1423756700_sefa-xanim-300x300.jpg 300w, https:\/\/edebiyyat-az.com\/wp-content\/uploads\/2015\/03\/1423756700_sefa-xanim-150x150.jpg 150w, https:\/\/edebiyyat-az.com\/wp-content\/uploads\/2015\/03\/1423756700_sefa-xanim.jpg 450w\" sizes=\"auto, (max-width: 300px) 100vw, 300px\" \/><\/a><\/p>\n<p>u\u015faq idik&#8230;<br \/>\nevimizd\u0259n evinizin dam\u0131 g\u00f6r\u00fcn\u0259rdi&#8230;<br \/>\nbir-balaca.<\/p>\n<p>h\u0259l\u0259 onda<br \/>\nqon\u015fum idin sad\u0259c\u0259.<br \/>\nmahiyy\u0259tini anlam\u0131rd\u0131m.<br \/>\nd\u00fc\u015f\u00fcnm\u0259zdim h\u0259l\u0259 o vaxt<br \/>\nsonra m\u0259n\u0259 \u0259ziz olar<br \/>\ndam\u0131n\u0131z\u0131n g\u00f6r\u00fcn\u0259n o hiss\u0259si&#8230;<br \/>\nu\u015faql\u0131\u011f\u0131m\u0131zdan v\u0259 qon\u015fulu\u011fumuzdan xatir\u0259 kimi&#8230;<\/p>\n<p>u\u015faq idik&#8230;<br \/>\nevimizd\u0259n evinizin dam\u0131 g\u00f6r\u00fcn\u0259rdi&#8230;<br \/>\nboylanmazd\u0131m he\u00e7 o t\u0259r\u0259f\u0259<br \/>\nb\u00fct\u00fcn evl\u0259r kimi idi<br \/>\nsizin ki\u00e7ik eviniz d\u0259&#8230;<br \/>\nb\u00f6y\u00fcm\u0259k haqq\u0131nda fikirl\u0259rim vard\u0131,<br \/>\nbir d\u0259 h\u0259kim olmaq&#8230;<br \/>\nb\u00f6y\u00fcd\u00fcm, amma h\u0259kim olmad\u0131m<\/p>\n<p>ilk arzumdu<br \/>\nilk ist\u0259yim&#8230;<br \/>\nqayalara \u00e7\u0131rp\u0131lan&#8230;<br \/>\n\u00e7ilikl\u0259n\u0259n \u00fcmidimin<br \/>\ngetmir s\u0259si qula\u011f\u0131mdan&#8230;<br \/>\ns\u0259n vard\u0131n bird\u0259<br \/>\nqon\u015fum idin sad\u0259c\u0259<br \/>\nh\u0259l\u0259 onda&#8230;<\/p>\n<p>sonralar s\u0131nan \u00fcmidl\u0259rimin c\u0259rg\u0259sin\u0259 qar\u0131\u015fan<br \/>\nf\u0259rqli n\u0259s\u0259 vard\u0131<br \/>\ns\u0259ni h\u0259r g\u00f6rd\u00fcy\u00fcm zaman<br \/>\nbeynimd\u0259 dola\u015fan&#8230;.<\/p>\n<p>t\u0259k bildiyim indi daha adi bir \u015fey deyil<br \/>\nevinizin g\u00f6r\u00fcn\u0259n o hiss\u0259si&#8230;<br \/>\nb\u0259z\u0259n \u00fcmiddi, b\u0259z\u0259n t\u0259nhal\u0131q&#8230;<br \/>\nb\u0259z\u0259n k\u0259d\u0259r, b\u0259z\u0259n utancaql\u0131q..<br \/>\nindi el\u0259 bax\u0131ram ki, evinizin dam\u0131na&#8230;<br \/>\nsanki bir g\u00fcn \u00e7\u0131x\u0131b oturacaqsan s\u0259n orda&#8230;<\/p>\n<p>S\u0259n\u0259<br \/>\n&#8220;\u00d6z\u00fcn\u0259 yax\u015f\u0131 bax&#8221; dem\u0259k ist\u0259yir\u0259m,<br \/>\nSonra d\u00f6n\u00fcb arxaya bel\u0259 baxmadan<br \/>\nBa\u015f\u0131m\u0131 aya\u011f\u0131ma tap\u015f\u0131r\u0131b<br \/>\nBir \u00f6m\u00fcr boyu s\u0259nd\u0259n qa\u00e7maq.<br \/>\nSonra d\u00fc\u015f\u00fcn\u00fcr\u0259m, \u00e7ox s\u0259hl\u0259nkarsan.<br \/>\nBaxa bilm\u0259y\u0259c\u0259ks\u0259n<br \/>\nM\u0259nim g\u00f6z\u00fcml\u0259 S\u0259n\u0259<br \/>\nV\u0259 itirib \u00f6z\u00fcn\u00fc<br \/>\nYollarda qalacaqsan&#8230;<br \/>\n\u018fn pisi is\u0259 odur ki<br \/>\nBir g\u00fcn \u00f6z\u00fcn bel\u0259<br \/>\nQa\u00e7acaqsan \u00f6z\u00fcnd\u0259n.<br \/>\nV\u0259 h\u0259min g\u00fcn<br \/>\nM\u0259n n\u0259 q\u0259d\u0259r uzaqda olsam bel\u0259<br \/>\n\u00d6ls\u0259m m\u0259zar\u0131m, qalsam \u00fcr\u0259yim s\u0131zlayacaq.<br \/>\nV\u0259 h\u0259r \u015feyin sonunda<br \/>\nOlan m\u0259n\u0259 olacaq&#8230;<br \/>\n28.11.2016 <\/p>\n","protected":false},"excerpt":{"rendered":"<p>u\u015faq idik&#8230; evimizd\u0259n evinizin dam\u0131 g\u00f6r\u00fcn\u0259rdi&#8230; bir-balaca. h\u0259l\u0259 onda qon\u015fum idin sad\u0259c\u0259. mahiyy\u0259tini anlam\u0131rd\u0131m. d\u00fc\u015f\u00fcnm\u0259zdim h\u0259l\u0259 o vaxt sonra m\u0259n\u0259 \u0259ziz olar dam\u0131n\u0131z\u0131n g\u00f6r\u00fcn\u0259n o hiss\u0259si&#8230; u\u015faql\u0131\u011f\u0131m\u0131zdan v\u0259 qon\u015fulu\u011fumuzdan xatir\u0259 kimi&#8230; u\u015faq idik&#8230; evimizd\u0259n evinizin dam\u0131 g\u00f6r\u00fcn\u0259rdi&#8230; boylanmazd\u0131m he\u00e7 o t\u0259r\u0259f\u0259 b\u00fct\u00fcn evl\u0259r kimi idi sizin ki\u00e7ik eviniz d\u0259&#8230; b\u00f6y\u00fcm\u0259k haqq\u0131nda fikirl\u0259rim vard\u0131, bir d\u0259 [&hellip;]<\/p>\n","protected":false},"author":2,"featured_media":0,"comment_status":"open","ping_status":"open","sticky":false,"template":"","format":"standard","meta":{"footnotes":""},"categories":[4],"tags":[],"class_list":["post-23555","post","type-post","status-publish","format-standard","hentry","category-edeb"],"_links":{"self":[{"href":"https:\/\/edebiyyat-az.com\/index.php?rest_route=\/wp\/v2\/posts\/23555","targetHints":{"allow":["GET"]}}],"collection":[{"href":"https:\/\/edebiyyat-az.com\/index.php?rest_route=\/wp\/v2\/posts"}],"about":[{"href":"https:\/\/edebiyyat-az.com\/index.php?rest_route=\/wp\/v2\/types\/post"}],"author":[{"embeddable":true,"href":"https:\/\/edebiyyat-az.com\/index.php?rest_route=\/wp\/v2\/users\/2"}],"replies":[{"embeddable":true,"href":"https:\/\/edebiyyat-az.com\/index.php?rest_route=%2Fwp%2Fv2%2Fcomments&post=23555"}],"version-history":[{"count":1,"href":"https:\/\/edebiyyat-az.com\/index.php?rest_route=\/wp\/v2\/posts\/23555\/revisions"}],"predecessor-version":[{"id":23559,"href":"https:\/\/edebiyyat-az.com\/index.php?rest_route=\/wp\/v2\/posts\/23555\/revisions\/23559"}],"wp:attachment":[{"href":"https:\/\/edebiyyat-az.com\/index.php?rest_route=%2Fwp%2Fv2%2Fmedia&parent=23555"}],"wp:term":[{"taxonomy":"category","embeddable":true,"href":"https:\/\/edebiyyat-az.com\/index.php?rest_route=%2Fwp%2Fv2%2Fcategories&post=23555"},{"taxonomy":"post_tag","embeddable":true,"href":"https:\/\/edebiyyat-az.com\/index.php?rest_route=%2Fwp%2Fv2%2Ftags&post=23555"}],"curies":[{"name":"wp","href":"https:\/\/api.w.org\/{rel}","templated":true}]}}