{"id":24199,"date":"2017-02-06T09:00:30","date_gmt":"2017-02-06T05:00:30","guid":{"rendered":"http:\/\/edebiyyat-az.com\/?p=24199"},"modified":"2017-02-06T09:41:41","modified_gmt":"2017-02-06T05:41:41","slug":"rahil%c9%99-dovran-yeni-seirl%c9%99r-57","status":"publish","type":"post","link":"https:\/\/edebiyyat-az.com\/?p=24199","title":{"rendered":"Rahil\u0259 D\u00d6VRAN.Yeni \u015feirl\u0259r"},"content":{"rendered":"<p><a href=\"http:\/\/edebiyyat-az.com\/wp-content\/uploads\/2016\/07\/rahileanam.jpg\"><img loading=\"lazy\" decoding=\"async\" src=\"http:\/\/edebiyyat-az.com\/wp-content\/uploads\/2016\/07\/rahileanam-300x284.jpg\" alt=\"rahileanam\" width=\"300\" height=\"284\" class=\"aligncenter size-medium wp-image-21030\" srcset=\"https:\/\/edebiyyat-az.com\/wp-content\/uploads\/2016\/07\/rahileanam-300x284.jpg 300w, https:\/\/edebiyyat-az.com\/wp-content\/uploads\/2016\/07\/rahileanam.jpg 600w\" sizes=\"auto, (max-width: 300px) 100vw, 300px\" \/><\/a><\/p>\n<p><strong>\u015eair\u0259-jurnalist-publisist<br \/>\nAz\u0259rbaycan Yaz\u0131\u00e7\u0131lar Birliyinin \u00fczv\u00fc,<br \/>\n\u201cQ\u0131z\u0131l q\u0259l\u0259m\u201d media m\u00fckafat\u0131 laureat\u0131,<\/strong><\/p>\n<p>M\u018fH\u018fBB\u018fTL\u018f ANIRIQ<\/p>\n<p>Ustad \u015fairimiz ,unudulmaz Vaqif M\u0259mm\u0259dovun<br \/>\n\u0259ziz xatir\u0259sin\u0259.06-fevral d\u0259y\u0259rli \u015fairimizin v\u0259fat\u0131n\u0131n ild\u00f6n\u00fcm\u00fcd\u00fcr<\/p>\n<p>And\u0131qca insan\u0131n g\u00f6zl\u0259ri dolur,<br \/>\nOyad\u0131r h\u0259r s\u00f6z\u00fc ne\u00e7\u0259 xatir\u0259.<br \/>\nH\u0259r k\u0259lam canlan\u0131b, bir l\u00f6vh\u0259 olur,<br \/>\nB\u0259lk\u0259 xo\u015f an\u0131lar k\u0259d\u0259r bitir\u0259.<\/p>\n<p>\u015eairmi, alimmi, m\u00fc\u0259llimmi deyim?<br \/>\nNec\u0259 adland\u0131r\u0131m, bu s\u0259n\u0259tkar\u0131?<br \/>\nV\u0259sf edib, \u00f6ym\u0259k\u00e7\u00fcn, n\u0259l\u0259r s\u00f6yl\u0259yim?<br \/>\nXalq\u0131n miras\u0131d\u0131r, \u201c\u0259qlinin var\u0131\u201d.<\/p>\n<p>M\u0259kt\u0259bli, t\u0259l\u0259b\u0259, g\u0259nc \u015fair, \u0259dib,<br \/>\nD\u0259y\u0259rli Ustad\u0131n \u00f6yr\u0259ncisidir.<br \/>\nH\u0259r \u015fagird dinl\u0259yib, z\u0259ka \u0259xz edib,<br \/>\nYazd\u0131\u011f\u0131 h\u0259r \u0259s\u0259r k\u00f6n\u00fcl s\u0259sidir.<\/p>\n<p>Ruh qat\u0131b, can verib yazd\u0131qlar\u0131na,<br \/>\nQ\u0259l\u0259mi toxunan, h\u0259r s\u00f6z bal dad\u0131r.<br \/>\nT\u0259\u015fn\u0259l\u0259r \u00fcz tutar q\u00fczey qar\u0131na,<br \/>\nK\u00f6n\u00fcl k\u0259lamlar\u0131 da\u011flar boydad\u0131r.<\/p>\n<p>Nem\u0259ti olubdur halal duz- \u00e7\u00f6r\u0259k,<br \/>\nRiyas\u0131z,hiyl\u0259siz, s\u00f6z\u00fcn d\u00fcz dey\u0259n.<br \/>\nElin\u0259- g\u00fcn\u00fcn\u0259, a\u00e7\u0131q bir \u00fcr\u0259k,<br \/>\nOlmay\u0131b kims\u0259nin q\u0259lbin\u0259 d\u0259y\u0259n.<\/p>\n<p>Bax bel\u0259 qalacaq xalq\u0131n yad\u0131nda,<br \/>\nD\u00f6vran,- yurdumuzun Ustad \u015fairi.<br \/>\n\u00d6lm\u0259z bir \u015fair var, -Vaqif ad\u0131nda,<br \/>\n\u015eairl\u0259r h\u0259r zaman, diridir- diri!..<\/p>\n<p>H\u018fYATIN V\u018fFASI<\/p>\n<p>&#8220;M\u0259nim d\u00fcnyam&#8221;- silsil\u0259sind\u0259n<\/p>\n<p>H\u0259yat\u0131n insana v\u0259fas\u0131 yoxmu\u015f,<br \/>\nAnlad\u0131m m\u0259n bunu x\u0259st\u0259 olanda.<br \/>\nH\u0259yatda insan\u0131n c\u0259fas\u0131 \u00e7oxmu\u015f,<br \/>\n\u0130nsan bunu anlar ya\u015fa dolanda.<\/p>\n<p>Bir anda \u00e7evrilir d\u00fcnyan\u0131n \u00fcz\u00fc,<br \/>\nG\u00f6zl\u0259r\u0259 zill\u0259nir f\u0259l\u0259yin g\u00f6z\u00fc.<br \/>\nDild\u0259 donub qal\u0131r k\u0259lm\u0259si,s\u00f6z\u00fc,<br \/>\n\u018fzray\u0131l ba\u015f\u0131n\u0131n \u00fcst\u00fcn alanda.<\/p>\n<p>\u018fqli d\u0259,nitqi d\u0259,d\u00fcs\u00fcr did\u0259rgin,<br \/>\nG\u00f6z\u0259 z\u00fclm\u0259t \u00e7\u00f6k\u00fcr,d\u0259yi\u015fir r\u0259ngin.<br \/>\n\u00dcr\u0259k \u00e7a\u015f-ba\u015f vurur,n\u0259bizl\u0259r g\u0259rgin,<br \/>\nDamarda qaral\u0131r q\u0131rm\u0131z\u0131 qan da.<\/p>\n<p>G\u00f6z ya\u015f\u0131 qar\u0131\u015f\u0131r ac\u0131 q\u0259h\u0259r\u0259,<br \/>\nYediyi,i\u00e7diyi d\u00f6n\u00fcr z\u0259h\u0259r\u0259.<br \/>\nG\u00fcman\u0131 qalmay\u0131r s\u00fcbh\u0259,s\u0259h\u0259r\u0259,<br \/>\nG\u00f6zl\u0259ri qap\u0131da,yolda qalanda.<\/p>\n<p>A\u011fr\u0131lar,ac\u0131lar \u00e7\u0259tind\u0259n-\u00e7\u0259tin,<br \/>\nCan d\u0259rdi \u0259ridir q\u00fcrur,q\u00fcdr\u0259tin.<br \/>\nOlur dil\u0259n\u00e7isi \u015f\u0259fa,\u015f\u0259fq\u0259tin,<br \/>\nB\u0259nizi \u00e7i\u00e7\u0259kt\u0259k s\u00f6n\u00fcb,solanda.<\/p>\n<p>H\u0259kim olur ona qarda\u015f,h\u0259m bac\u0131,<br \/>\nH\u0259kim olur d\u0259rdin, \u00e7ar\u0259,\u0259lac\u0131.<br \/>\nH\u0259kim h\u0259min g\u00fcnd\u0259n, ba\u015f\u0131n\u0131n tac\u0131,<br \/>\nD\u00f6vran d\u0259rk eyl\u0259di, f\u0259na olanda.<\/p>\n","protected":false},"excerpt":{"rendered":"<p>\u015eair\u0259-jurnalist-publisist Az\u0259rbaycan Yaz\u0131\u00e7\u0131lar Birliyinin \u00fczv\u00fc, \u201cQ\u0131z\u0131l q\u0259l\u0259m\u201d media m\u00fckafat\u0131 laureat\u0131, M\u018fH\u018fBB\u018fTL\u018f ANIRIQ Ustad \u015fairimiz ,unudulmaz Vaqif M\u0259mm\u0259dovun \u0259ziz xatir\u0259sin\u0259.06-fevral d\u0259y\u0259rli \u015fairimizin v\u0259fat\u0131n\u0131n ild\u00f6n\u00fcm\u00fcd\u00fcr And\u0131qca insan\u0131n g\u00f6zl\u0259ri dolur, Oyad\u0131r h\u0259r s\u00f6z\u00fc ne\u00e7\u0259 xatir\u0259. H\u0259r k\u0259lam canlan\u0131b, bir l\u00f6vh\u0259 olur, B\u0259lk\u0259 xo\u015f an\u0131lar k\u0259d\u0259r bitir\u0259. \u015eairmi, alimmi, m\u00fc\u0259llimmi deyim? Nec\u0259 adland\u0131r\u0131m, bu s\u0259n\u0259tkar\u0131? V\u0259sf edib, \u00f6ym\u0259k\u00e7\u00fcn, n\u0259l\u0259r [&hellip;]<\/p>\n","protected":false},"author":2,"featured_media":0,"comment_status":"open","ping_status":"open","sticky":false,"template":"","format":"standard","meta":{"footnotes":""},"categories":[4],"tags":[],"class_list":["post-24199","post","type-post","status-publish","format-standard","hentry","category-edeb"],"_links":{"self":[{"href":"https:\/\/edebiyyat-az.com\/index.php?rest_route=\/wp\/v2\/posts\/24199","targetHints":{"allow":["GET"]}}],"collection":[{"href":"https:\/\/edebiyyat-az.com\/index.php?rest_route=\/wp\/v2\/posts"}],"about":[{"href":"https:\/\/edebiyyat-az.com\/index.php?rest_route=\/wp\/v2\/types\/post"}],"author":[{"embeddable":true,"href":"https:\/\/edebiyyat-az.com\/index.php?rest_route=\/wp\/v2\/users\/2"}],"replies":[{"embeddable":true,"href":"https:\/\/edebiyyat-az.com\/index.php?rest_route=%2Fwp%2Fv2%2Fcomments&post=24199"}],"version-history":[{"count":1,"href":"https:\/\/edebiyyat-az.com\/index.php?rest_route=\/wp\/v2\/posts\/24199\/revisions"}],"predecessor-version":[{"id":24203,"href":"https:\/\/edebiyyat-az.com\/index.php?rest_route=\/wp\/v2\/posts\/24199\/revisions\/24203"}],"wp:attachment":[{"href":"https:\/\/edebiyyat-az.com\/index.php?rest_route=%2Fwp%2Fv2%2Fmedia&parent=24199"}],"wp:term":[{"taxonomy":"category","embeddable":true,"href":"https:\/\/edebiyyat-az.com\/index.php?rest_route=%2Fwp%2Fv2%2Fcategories&post=24199"},{"taxonomy":"post_tag","embeddable":true,"href":"https:\/\/edebiyyat-az.com\/index.php?rest_route=%2Fwp%2Fv2%2Ftags&post=24199"}],"curies":[{"name":"wp","href":"https:\/\/api.w.org\/{rel}","templated":true}]}}