{"id":24254,"date":"2017-02-10T08:00:16","date_gmt":"2017-02-10T04:00:16","guid":{"rendered":"http:\/\/edebiyyat-az.com\/?p=24254"},"modified":"2017-02-10T15:39:02","modified_gmt":"2017-02-10T11:39:02","slug":"rahil%c9%99-dovran-yeni-seirl%c9%99r-59","status":"publish","type":"post","link":"https:\/\/edebiyyat-az.com\/?p=24254","title":{"rendered":"Rahil\u0259 D\u00d6VRAN.Yeni \u015feirl\u0259r"},"content":{"rendered":"<p><a href=\"http:\/\/edebiyyat-az.com\/wp-content\/uploads\/2016\/07\/rahileanam.jpg\"><img loading=\"lazy\" decoding=\"async\" src=\"http:\/\/edebiyyat-az.com\/wp-content\/uploads\/2016\/07\/rahileanam-300x284.jpg\" alt=\"rahileanam\" width=\"300\" height=\"284\" class=\"aligncenter size-medium wp-image-21030\" srcset=\"https:\/\/edebiyyat-az.com\/wp-content\/uploads\/2016\/07\/rahileanam-300x284.jpg 300w, https:\/\/edebiyyat-az.com\/wp-content\/uploads\/2016\/07\/rahileanam.jpg 600w\" sizes=\"auto, (max-width: 300px) 100vw, 300px\" \/><\/a><\/p>\n<p><strong>\u015eair\u0259-jurnalist-publisist<br \/>\nAz\u0259rbaycan Yaz\u0131\u00e7\u0131lar Birliyinin \u00fczv\u00fc,<br \/>\n\u201cQ\u0131z\u0131l q\u0259l\u0259m\u201d media m\u00fckafat\u0131 laureat\u0131,<\/strong><\/p>\n<p>AZ\u018fRBAYCAN-T\u00dcRK\u0130Y\u018f<\/p>\n<p>T\u00fck\u0259nm\u0259y\u0259n g\u00fcc, q\u00fcvv\u0259t,<br \/>\n\u0130ki d\u00f6vl\u0259t, bir mill\u0259t.<br \/>\nQazanc\u0131 z\u0259f\u0259r, \u015f\u00f6hr\u0259t,<br \/>\nLayiqdir h\u0259r sevgiy\u0259<br \/>\nAz\u0259rbaycan-T\u00fcrkiy\u0259.<\/p>\n<p>Qara d\u0259niz, g\u00f6y X\u0259z\u0259r,<br \/>\nOdu \u00f6lk\u0259l\u0259r g\u0259z\u0259r.<br \/>\nAtat\u00fcrk, Ulu Heyd\u0259r,<br \/>\nHaqdan biz\u0259 h\u0259diyy\u0259<br \/>\nAz\u0259rbaycan-T\u00fcrkiy\u0259.<\/p>\n<p>Sars\u0131lmazd\u0131r dostlu\u011fu,<br \/>\n\u018fn \u015firin, \u0259n xo\u015f duy\u011fu,<br \/>\nMill\u0259tin mutlulu\u011fu,<br \/>\nD\u00f6n\u00fcb n\u0259\u011fm\u0259, t\u00fcrk\u00fcy\u0259<br \/>\nAz\u0259rbaycan-T\u00fcrkiy\u0259.<\/p>\n<p>D\u00fcnya olubdur heyran,<br \/>\nQovu\u015fub Bak\u0131-Ceyhan.<br \/>\nMayak kimi Nax\u00e7\u0131van,<br \/>\nSevinir \u201cv\u00fcsal\u201d dey\u0259<br \/>\nAz\u0259baycan-T\u00fcrkiy\u0259.<\/p>\n<p>MUSTAFA KAMAL PA\u015eA<\/p>\n<p>Qarl\u0131 zirv\u0259dir ba\u015f\u0131n,<br \/>\nDastand\u0131r h\u0259r sava\u015f\u0131n,<br \/>\n\u018fsg\u0259rdir qayan, da\u015f\u0131n,<br \/>\nDayan\u0131blar ba\u015f-ba\u015fa<br \/>\nMustafa Kamal Pa\u015fa.<\/p>\n<p>Bayra\u011f\u0131n \u015f\u0259hid qan\u0131,<br \/>\nV\u0259t\u0259nin q\u0131z\u0131l dan\u0131,<br \/>\nT\u00fcrkl\u0259rin \u015f\u00f6hr\u0259t, \u015fan\u0131,<br \/>\nAl g\u00fcn\u0259\u015fs\u0259n yurdda\u015fa<br \/>\nMustafa Kamal Pa\u015fa.<\/p>\n<p>Yurda, xalqa ba\u011fl\u0131san,<br \/>\nH\u0259m z\u0259ka, h\u0259m a\u011f\u0131lsan.<br \/>\nT\u00fcrk\u0259 \u00f6rn\u0259k, na\u011f\u0131lsan,<br \/>\nZ\u0259f\u0259rs\u0259n ba\u015fdan-ba\u015fa<br \/>\nMustafa Kamal Pa\u015fa.<\/p>\n<p>Cihadd\u0131r t\u00fcrk sava\u015f\u0131,<br \/>\n\u00c7al\u0131ns\u0131n \u201cmeht\u0259r\u201d mar\u015f\u0131,<br \/>\nK\u0259sin, do\u011fray\u0131n n\u0259\u015fi,<br \/>\n\u018flind\u0259 silah qo\u015fa<br \/>\nMustafa Kamal Pa\u015fa.<\/p>\n","protected":false},"excerpt":{"rendered":"<p>\u015eair\u0259-jurnalist-publisist Az\u0259rbaycan Yaz\u0131\u00e7\u0131lar Birliyinin \u00fczv\u00fc, \u201cQ\u0131z\u0131l q\u0259l\u0259m\u201d media m\u00fckafat\u0131 laureat\u0131, AZ\u018fRBAYCAN-T\u00dcRK\u0130Y\u018f T\u00fck\u0259nm\u0259y\u0259n g\u00fcc, q\u00fcvv\u0259t, \u0130ki d\u00f6vl\u0259t, bir mill\u0259t. Qazanc\u0131 z\u0259f\u0259r, \u015f\u00f6hr\u0259t, Layiqdir h\u0259r sevgiy\u0259 Az\u0259rbaycan-T\u00fcrkiy\u0259. Qara d\u0259niz, g\u00f6y X\u0259z\u0259r, Odu \u00f6lk\u0259l\u0259r g\u0259z\u0259r. Atat\u00fcrk, Ulu Heyd\u0259r, Haqdan biz\u0259 h\u0259diyy\u0259 Az\u0259rbaycan-T\u00fcrkiy\u0259. Sars\u0131lmazd\u0131r dostlu\u011fu, \u018fn \u015firin, \u0259n xo\u015f duy\u011fu, Mill\u0259tin mutlulu\u011fu, D\u00f6n\u00fcb n\u0259\u011fm\u0259, t\u00fcrk\u00fcy\u0259 Az\u0259rbaycan-T\u00fcrkiy\u0259. D\u00fcnya olubdur heyran, [&hellip;]<\/p>\n","protected":false},"author":2,"featured_media":0,"comment_status":"open","ping_status":"open","sticky":false,"template":"","format":"standard","meta":{"footnotes":""},"categories":[4],"tags":[],"class_list":["post-24254","post","type-post","status-publish","format-standard","hentry","category-edeb"],"_links":{"self":[{"href":"https:\/\/edebiyyat-az.com\/index.php?rest_route=\/wp\/v2\/posts\/24254","targetHints":{"allow":["GET"]}}],"collection":[{"href":"https:\/\/edebiyyat-az.com\/index.php?rest_route=\/wp\/v2\/posts"}],"about":[{"href":"https:\/\/edebiyyat-az.com\/index.php?rest_route=\/wp\/v2\/types\/post"}],"author":[{"embeddable":true,"href":"https:\/\/edebiyyat-az.com\/index.php?rest_route=\/wp\/v2\/users\/2"}],"replies":[{"embeddable":true,"href":"https:\/\/edebiyyat-az.com\/index.php?rest_route=%2Fwp%2Fv2%2Fcomments&post=24254"}],"version-history":[{"count":1,"href":"https:\/\/edebiyyat-az.com\/index.php?rest_route=\/wp\/v2\/posts\/24254\/revisions"}],"predecessor-version":[{"id":24262,"href":"https:\/\/edebiyyat-az.com\/index.php?rest_route=\/wp\/v2\/posts\/24254\/revisions\/24262"}],"wp:attachment":[{"href":"https:\/\/edebiyyat-az.com\/index.php?rest_route=%2Fwp%2Fv2%2Fmedia&parent=24254"}],"wp:term":[{"taxonomy":"category","embeddable":true,"href":"https:\/\/edebiyyat-az.com\/index.php?rest_route=%2Fwp%2Fv2%2Fcategories&post=24254"},{"taxonomy":"post_tag","embeddable":true,"href":"https:\/\/edebiyyat-az.com\/index.php?rest_route=%2Fwp%2Fv2%2Ftags&post=24254"}],"curies":[{"name":"wp","href":"https:\/\/api.w.org\/{rel}","templated":true}]}}