{"id":24487,"date":"2017-02-24T10:00:33","date_gmt":"2017-02-24T06:00:33","guid":{"rendered":"http:\/\/edebiyyat-az.com\/?p=24487"},"modified":"2017-02-24T12:43:43","modified_gmt":"2017-02-24T08:43:43","slug":"sumqayit-regional-m%c9%99d%c9%99niyy%c9%99t-v%c9%99-turizm-idar%c9%99sinin-zona-musavir%c9%99si-kecirilib-2","status":"publish","type":"post","link":"https:\/\/edebiyyat-az.com\/?p=24487","title":{"rendered":"Sumqay\u0131t Regional M\u0259d\u0259niyy\u0259t v\u0259 Turizm \u0130dar\u0259sinin zona m\u00fc\u015favir\u0259si ke\u00e7irilib"},"content":{"rendered":"<p><img decoding=\"async\" src=\"http:\/\/s009.radikal.ru\/i307\/1702\/24\/821afa135715.jpg\" alt=\"\" \/><\/p>\n<p><img decoding=\"async\" src=\"http:\/\/s019.radikal.ru\/i644\/1702\/3a\/39c4fc878905.jpg\" alt=\"\" \/><\/p>\n<p><img decoding=\"async\" src=\"http:\/\/s018.radikal.ru\/i528\/1702\/b3\/c2924a6fe093.jpg\" alt=\"\" \/><\/p>\n<p><img decoding=\"async\" src=\"http:\/\/s50.radikal.ru\/i128\/1702\/a6\/8f06cdca33fd.jpg\" alt=\"\" \/><\/p>\n<p><img decoding=\"async\" src=\"http:\/\/s009.radikal.ru\/i307\/1702\/4e\/9ecf44d2fdf3.jpg\" alt=\"\" \/><\/p>\n<p>Sumqay\u0131t Regional M\u0259d\u0259niyy\u0259t v\u0259 Turizm \u0130dar\u0259sinin r\u0259isi Mehman \u015e\u00fck\u00fcrovun i\u015ftirak\u0131 il\u0259 \u015eu\u015fa rayon n\u00fcmay\u0259nd\u0259liyind\u0259 zona m\u00fc\u015favir\u0259si ke\u00e7irilib.<br \/>\n\u018fvv\u0259lc\u0259 Xocal\u0131 faci\u0259si qurbanlar\u0131n\u0131n xatir\u0259si bir d\u0259qiq\u0259lik s\u00fckutla yad edilib.<br \/>\nKlub, kitabxana, muzey v\u0259 r\u0259sm qalereyas\u0131 i\u015f\u00e7il\u0259rinin i\u015ftirak\u0131 il\u0259 ke\u00e7iril\u0259n m\u00fc\u015favir\u0259d\u0259 Sumqay\u0131t Regional M\u0259d\u0259niyy\u0259t v\u0259 Turizm idar\u0259sinin r\u0259isi Mehman \u015e\u00fck\u00fcrov \u00e7\u0131x\u0131\u015f edib.<br \/>\n\u201cAz\u0259rbaycan Respublikas\u0131 M\u0259d\u0259niyy\u0259t v\u0259 Turizm Nazirliyinin strukturunun t\u0259kmill\u0259\u015fdirilm\u0259si haqq\u0131nda\u201d Az\u0259rbaycan Respublikas\u0131 Prezidentinin 29 mart 2016-c\u0131 il tarixli 1932 n\u00f6mr\u0259li S\u0259r\u0259ncam\u0131n\u0131n icras\u0131n\u0131n t\u0259min edilm\u0259si, maliyy\u0259, kadr islahat\u0131, daxili subardinasiya m\u0259s\u0259l\u0259l\u0259ri, o c\u00fcml\u0259d\u0259n m\u00fc\u0259ssis\u0259l\u0259rd\u0259 apar\u0131lan yoxlama i\u015fl\u0259rinin v\u0259ziyy\u0259ti, davamiyy\u0259tin z\u0259ifliyi, nizam-intizam qaydalar\u0131na riay\u0259t, inventarizasiya m\u0259s\u0259l\u0259l\u0259ri, m\u0259d\u0259niyy\u0259t i\u015f\u00e7il\u0259rinin qar\u015f\u0131l\u0131ql\u0131 \u0259m\u0259kda\u015fl\u0131\u011f\u0131, t\u0259dbirl\u0259rin m\u00fcnt\u0259z\u0259m olaraq ke\u00e7irilm\u0259si, m\u0259tbuat v\u0259 k\u00fctl\u0259vi informasiya vasit\u0259l\u0259ri il\u0259 \u0259laq\u0259l\u0259rin qurulmas\u0131, s\u0259m\u0259r\u0259li f\u0259aliyy\u0259t g\u00f6st\u0259rmi\u015f m\u0259d\u0259niyy\u0259t i\u015f\u00e7il\u0259rinin f\u0259xri adlarla t\u0259ltif edilm\u0259si bar\u0259d\u0259 geni\u015f m\u0259lumat ver\u0259n idar\u0259 r\u0259isi \u00f6z irad v\u0259 t\u0259klifl\u0259rini d\u0259 bildirib.<br \/>\nX\u00fcsusil\u0259 kitabxanalar\u0131n f\u0259aliyy\u0259tin\u0259 toxunan idar\u0259 r\u0259isi bildirib ki, kitabxanalar h\u0259m d\u0259 t\u0259rbiy\u0259 oca\u011f\u0131d\u0131r. Orada ke\u00e7iril\u0259n t\u0259dbirl\u0259r b\u00f6y\u00fck \u0259h\u0259miyy\u0259t k\u0259sb edir. \u018fg\u0259r biz \u201c\u015e\u00fc\u015fa Az\u0259rbaycan\u0131n m\u0259d\u0259niyy\u0259t be\u015fiyidir\u201d deyiriks\u0259, m\u0259d\u0259niyy\u0259t\u0259 olan sevgi m\u0259hz \u015eu\u015fan\u0131n m\u0259d\u0259niyy\u0259t ocaqlar\u0131ndan qaynaqlanmal\u0131d\u0131r.<br \/>\nDaha sonra Sumqay\u0131t Regional M\u0259d\u0259niyy\u0259t v\u0259 Turizm idar\u0259sinin \u015eu\u015fa rayon n\u00fcmay\u0259nd\u0259liyinin ba\u015f m\u0259sl\u0259h\u0259t\u00e7isi Zahid Abbasov, \u015e\u00fc\u015fa rayon MKS-nin direktoru G\u00fcsar\u0259 A\u011fayeva,  M\u0130H\u0130 \u015eu\u015fa rayon Komit\u0259sinin s\u0259dri Ya\u015far \u0130brahimov \u00e7\u0131x\u0131\u015f ed\u0259r\u0259k \u015eu\u015fa rayon m\u0259d\u0259niyy\u0259t i\u015f\u00e7il\u0259rinin f\u0259aliyy\u0259ti,  g\u00f6r\u00fcl\u0259n i\u015fl\u0259r v\u0259 perespektiv planlar haqq\u0131nda m\u0259lumat verib, n\u00f6qsanlar\u0131n aradan qald\u0131r\u0131laca\u011f\u0131n\u0131, i\u015fin g\u00fcn\u00fcn t\u0259l\u0259bl\u0259ri s\u0259viyy\u0259sind\u0259 quracaqlar\u0131n\u0131 bildiribl\u0259r.<br \/>\nSonda Sumqay\u0131t Regional M\u0259d\u0259niyy\u0259t v\u0259 Turizm Idar\u0259sinin r\u0259isi Mehman \u015e\u00fck\u00fcrov m\u00fc\u015favir\u0259 i\u015ftirak\u00e7\u0131lar\u0131 il\u0259 g\u00f6r\u00fc\u015f\u00fcb, s\u0259mimi s\u00f6hb\u0259t edib.<\/p>\n<p><strong>Sumqay\u0131t Regional M\u0259d\u0259niyy\u0259t v\u0259 Turizm \u0130dar\u0259sinin M\u0259tbuat xidm\u0259ti<\/strong><\/p>\n","protected":false},"excerpt":{"rendered":"<p>Sumqay\u0131t Regional M\u0259d\u0259niyy\u0259t v\u0259 Turizm \u0130dar\u0259sinin r\u0259isi Mehman \u015e\u00fck\u00fcrovun i\u015ftirak\u0131 il\u0259 \u015eu\u015fa rayon n\u00fcmay\u0259nd\u0259liyind\u0259 zona m\u00fc\u015favir\u0259si ke\u00e7irilib. \u018fvv\u0259lc\u0259 Xocal\u0131 faci\u0259si qurbanlar\u0131n\u0131n xatir\u0259si bir d\u0259qiq\u0259lik s\u00fckutla yad edilib. Klub, kitabxana, muzey v\u0259 r\u0259sm qalereyas\u0131 i\u015f\u00e7il\u0259rinin i\u015ftirak\u0131 il\u0259 ke\u00e7iril\u0259n m\u00fc\u015favir\u0259d\u0259 Sumqay\u0131t Regional M\u0259d\u0259niyy\u0259t v\u0259 Turizm idar\u0259sinin r\u0259isi Mehman \u015e\u00fck\u00fcrov \u00e7\u0131x\u0131\u015f edib. \u201cAz\u0259rbaycan Respublikas\u0131 M\u0259d\u0259niyy\u0259t v\u0259 Turizm Nazirliyinin [&hellip;]<\/p>\n","protected":false},"author":2,"featured_media":0,"comment_status":"open","ping_status":"open","sticky":false,"template":"","format":"standard","meta":{"footnotes":""},"categories":[5],"tags":[],"class_list":["post-24487","post","type-post","status-publish","format-standard","hentry","category-pub"],"_links":{"self":[{"href":"https:\/\/edebiyyat-az.com\/index.php?rest_route=\/wp\/v2\/posts\/24487","targetHints":{"allow":["GET"]}}],"collection":[{"href":"https:\/\/edebiyyat-az.com\/index.php?rest_route=\/wp\/v2\/posts"}],"about":[{"href":"https:\/\/edebiyyat-az.com\/index.php?rest_route=\/wp\/v2\/types\/post"}],"author":[{"embeddable":true,"href":"https:\/\/edebiyyat-az.com\/index.php?rest_route=\/wp\/v2\/users\/2"}],"replies":[{"embeddable":true,"href":"https:\/\/edebiyyat-az.com\/index.php?rest_route=%2Fwp%2Fv2%2Fcomments&post=24487"}],"version-history":[{"count":1,"href":"https:\/\/edebiyyat-az.com\/index.php?rest_route=\/wp\/v2\/posts\/24487\/revisions"}],"predecessor-version":[{"id":24488,"href":"https:\/\/edebiyyat-az.com\/index.php?rest_route=\/wp\/v2\/posts\/24487\/revisions\/24488"}],"wp:attachment":[{"href":"https:\/\/edebiyyat-az.com\/index.php?rest_route=%2Fwp%2Fv2%2Fmedia&parent=24487"}],"wp:term":[{"taxonomy":"category","embeddable":true,"href":"https:\/\/edebiyyat-az.com\/index.php?rest_route=%2Fwp%2Fv2%2Fcategories&post=24487"},{"taxonomy":"post_tag","embeddable":true,"href":"https:\/\/edebiyyat-az.com\/index.php?rest_route=%2Fwp%2Fv2%2Ftags&post=24487"}],"curies":[{"name":"wp","href":"https:\/\/api.w.org\/{rel}","templated":true}]}}