{"id":26544,"date":"2018-02-11T07:00:24","date_gmt":"2018-02-11T03:00:24","guid":{"rendered":"http:\/\/edebiyyat-az.com\/?p=26544"},"modified":"2018-02-12T09:45:55","modified_gmt":"2018-02-12T05:45:55","slug":"xalq-sairi-fikr%c9%99t-qoca","status":"publish","type":"post","link":"https:\/\/edebiyyat-az.com\/?p=26544","title":{"rendered":"Xalq \u015fairi Fikr\u0259t QOCA"},"content":{"rendered":"<p><a href=\"http:\/\/edebiyyat-az.com\/wp-content\/uploads\/2018\/02\/fikret-qoca.jpg\"><img loading=\"lazy\" decoding=\"async\" src=\"http:\/\/edebiyyat-az.com\/wp-content\/uploads\/2018\/02\/fikret-qoca-300x200.jpg\" alt=\"\" width=\"300\" height=\"200\" class=\"aligncenter size-medium wp-image-26550\" srcset=\"https:\/\/edebiyyat-az.com\/wp-content\/uploads\/2018\/02\/fikret-qoca-300x200.jpg 300w, https:\/\/edebiyyat-az.com\/wp-content\/uploads\/2018\/02\/fikret-qoca.jpg 600w\" sizes=\"auto, (max-width: 300px) 100vw, 300px\" \/><\/a><\/p>\n<p>Qocayev Fikr\u0259t G\u00f6y\u00fc\u015f o\u011flu (Fikr\u0259t Qoca) \u2014 \u015fair, Az\u0259rbaycan Yaz\u0131\u00e7\u0131lar Birliyinin birinci katibi, Az\u0259rbaycan\u0131n xalq \u015fairi (1998)[3], Az\u0259rbaycan SSR \u018fm\u0259kdar \u0130nc\u0259s\u0259n\u0259t Xadimi (1979), Az\u0259rbaycan Respublikas\u0131n\u0131n D\u00f6vl\u0259t m\u00fckafat\u0131 laureat\u0131d\u0131r[4]<\/p>\n<p>H\u0259yat\u0131<\/p>\n<p>Fikr\u0259t Qoca 1935-ci il avqustun 25-d\u0259 A\u011fda\u015f rayonunun Kotanarx k\u0259ndind\u0259 anadan olmu\u015fdur. 1964-c\u00fc ild\u0259 Moskvada Maksim Qorki ad\u0131na \u018fd\u0259biyyat \u0130nstitutunu bitirmi\u015fdir.<\/p>\n<p>\u018fs\u0259rl\u0259ri 1956-c\u0131 ild\u0259n m\u0259tbuatda \u00e7ap edilir. Az\u0259rbaycan Radio v\u0259 Televiziya Verili\u015fl\u0259ri Komit\u0259sind\u0259, &#8220;Az\u0259rbaycan g\u0259ncl\u0259ri&#8221; q\u0259zetind\u0259, &#8220;Az\u0259rbaycan&#8221; jurnal\u0131nda f\u0259aliyy\u0259t g\u00f6st\u0259rmi\u015f, Az\u0259rbaycan Yaz\u0131\u00e7\u0131lar Birliyinin beyn\u0259lxalq \u0259laq\u0259l\u0259r \u00fczr\u0259 m\u0259sul katibi olmu\u015fdur. 1987-ci ild\u0259n &#8220;Qobustan&#8221; inc\u0259s\u0259n\u0259t toplusunun ba\u015f redaktorudur. 1998-ci ild\u0259n Az\u0259rbaycan Yaz\u0131\u00e7\u0131lar Birliyinin birinci katibidir.<\/p>\n<p>\u00c7ap etdirdiyi \u015feir kitablar\u0131nda v\u0259t\u0259n m\u0259h\u0259bb\u0259ti, v\u0259t\u0259np\u0259rv\u0259rlik duy\u011fular\u0131, insan v\u0259 zaman haqq\u0131nda d\u00fc\u015f\u00fcnc\u0259l\u0259ri \u00f6z \u0259ksini tapm\u0131\u015fd\u0131r. D\u00fcnyan\u0131n bir \u00e7ox \u00f6lk\u0259sind\u0259 yarad\u0131c\u0131l\u0131q s\u0259f\u0259rl\u0259rind\u0259 olmu\u015f, h\u0259min \u00f6lk\u0259l\u0259r\u0259 ged\u0259n milli azadl\u0131q h\u0259r\u0259katlar\u0131na \u015ferl\u0259r h\u0259sr etmi\u015f, o c\u00fcml\u0259d\u0259n Kuban\u0131n azadl\u0131q m\u00fcbarizi Ernesto \u00c7e Gevara (&#8220;\u00dcnvans\u0131z m\u0259ktublar&#8221;), Qvineya-Bisaunun azadl\u0131q h\u0259r\u0259kat\u0131 xadimi Amilkar Kabral (&#8220;Amilkar Kabral&#8221;), Filippinin milli q\u0259hr\u0259man\u0131 Xose Risal (&#8220;Xose Risal&#8221;), vyetnaml\u0131 g\u0259nc Li Vi Tom (&#8220;Li Vi Tom&#8221;) v\u0259 b. haqq\u0131nda poemalar yazm\u0131\u015fd\u0131r. 1990-c\u0131 ill\u0259rd\u0259 yazd\u0131\u011f\u0131 &#8220;Oddan ke\u00e7\u0259nl\u0259r&#8221;, &#8220;\u0130nsan s\u0259viyy\u0259si&#8221;, &#8220;Adi h\u0259qiq\u0259tl\u0259r&#8221; v\u0259 s. poemalar\u0131nda Az\u0259rbaycanda ged\u0259n azadl\u0131q m\u00fcbariz\u0259sind\u0259n b\u0259hs olunur. Onun bir s\u0131ra n\u0259sr \u0259s\u0259rl\u0259ri d\u0259 var. &#8220;\u00d6l\u00fcm ayr\u0131l\u0131q deyil&#8221; (1990), &#8220;H\u0259l\u0259lik, \u2013 qiyam\u0259t\u0259d\u0259k&#8221; (2000) povestl\u0259rind\u0259 1990-c\u0131 ilin 20 Yanvar hadis\u0259l\u0259ri \u0259ksini tapm\u0131\u015fd\u0131r.<\/p>\n<p>Mixail Lermontov, Taras \u015eev\u00e7enko, Eduard Mejelaytis, \u0130.Volker, X.Risal, \u0130.Taufer v\u0259 b.-ndan t\u0259rc\u00fcm\u0259l\u0259ri var. \u018fs\u0259rl\u0259ri bir s\u0131ra xarici dill\u0259r\u0259 t\u0259rc\u00fcm\u0259 olunmu\u015fdur.<\/p>\n<p>\u015eeirl\u0259rin\u0259 musiqi b\u0259st\u0259l\u0259nmi\u015fdir (&#8220;Anacan dostum evl\u0259nir&#8221;, &#8220;K\u00f6nl\u00fcm&#8221;, &#8220;G\u00fcnay&#8221;, &#8220;G\u0259l ey s\u0259h\u0259r&#8221;, &#8220;\u00c7i\u00e7\u0259k tapa bilm\u0259dim&#8221;, &#8220;Gec\u0259 yaman uzundur&#8221;, &#8220;Pay\u0131z g\u0259ldi&#8221; v\u0259 s.).<\/p>\n<p>G\u0259ncl\u0259rin q\u0259hr\u0259manl\u0131q v\u0259 f\u0259dakarl\u0131\u011f\u0131ndan b\u0259hs ed\u0259n &#8220;T\u0259k\u0259rl\u0259r geri f\u0131rlan\u0131r&#8221;, &#8220;Yaral\u0131 \u00e7i\u00e7\u0259kl\u0259r&#8221; v\u0259 &#8220;R\u0259ssam d\u00fc\u015f\u00fcn\u00fcr&#8221; poemalar\u0131na g\u00f6r\u0259 1968-c\u0131 ild\u0259 Az\u0259rbaycan komsomolu m\u00fckafat\u0131na, 1990-c\u0131 ill\u0259r yarad\u0131c\u0131l\u0131\u011f\u0131na g\u00f6r\u0259 &#8220;Humay&#8221; m\u00fckafat\u0131na (1998) layiq g\u00f6r\u00fclm\u00fc\u015fd\u00fcr. Az\u0259rbaycan Respublikas\u0131n\u0131n &#8220;\u015e\u00f6hr\u0259t&#8221; ordeni il\u0259 t\u0259ltif olunmu\u015fdur (1995).<\/p>\n<p>M\u00fckafatlar\u0131<\/p>\n<p>Az\u0259rbaycan SSR \u018fm\u0259kdar \u0130nc\u0259s\u0259n\u0259t Xadimi \u2014 30.07.1979[5]<br \/>\n&#8220;\u015e\u00f6hr\u0259t&#8221; ordeni- 26 iyun 1995-ci il [6]<br \/>\n&#8220;\u015e\u0259r\u0259f&#8221; ordeni &#8211; 2 sentyabr 2015-ci il[7]<br \/>\nAz\u0259rbaycan Respublikas\u0131n\u0131n D\u00f6vl\u0259t m\u00fckafat\u0131 &#8211; 2016<br \/>\nKitablar\u0131[redakt\u0259 | \u0259sas redakt\u0259]<br \/>\nQa\u011fay\u0131 (1963)<br \/>\nHam\u0131ya borcluyam (1965)<br \/>\nYatmadi\u011f\u0131m gec\u0259l\u0259rd\u0259 (1970)<br \/>\nG\u00fcnl\u0259rin bir g\u00fcn\u00fc (1972)<br \/>\nG\u00fcl \u00f6mr\u00fc (1975)<br \/>\n\u0130nsan xasiyy\u0259ti (1980)<br \/>\n\u00d6m\u00fcrd\u0259n s\u0259hif\u0259l\u0259r (1984)<br \/>\nMavi d\u00fcnyan\u0131n adamlar\u0131 (1988)<br \/>\nTaleyin a\u011f\u0131r taleyi (1990)<br \/>\nSe\u00e7ilmi\u015f \u0259s\u0259rl\u0259ri<br \/>\nD\u0259nizd\u0259 ay \u00e7im\u0259nd\u0259 (1967)<br \/>\nOd g\u0259lini (1969) rl\u0259ri (1988)<br \/>\nEld\u0259n el\u0259 \u2013 dild\u0259n dil\u0259 (1988)<br \/>\nS\u00fckutun s\u0259si (1991)<br \/>\nFlora K\u0259rimova &#8211; Bir xumar bax\u0131\u015fla &#8211; musiqi: Ramiz Miri\u015fli<br \/>\n\u015e\u00f6vk\u0259t \u018fl\u0259kb\u0259rova &#8211; Araz\u0131m &#8211; musiqi: Ramiz Miri\u015fli<br \/>\nElmira R\u0259himli v\u0259 Ya\u015far S\u0259f\u0259rov &#8211; G\u00fcn\u0259\u015fi g\u00f6zl\u0259yirik &#8211; musiqi: Ramiz Miri\u015fli<br \/>\nElmira R\u0259himli -\u0130ncitm\u0259 m\u0259ni &#8211; musiqi: Adil B\u0259birov<br \/>\nElmira R\u0259himli &#8211; M\u0259n anayam &#8211; musiqi: Adil B\u0259birov<br \/>\nYa\u015far S\u0259f\u0259rov &#8211; Yollar &#8211; musiqi: Adil B\u0259birov<br \/>\n\u0130slam Rzayev &#8211; Bilirs\u0259n \u00f6z\u00fcn &#8211; musiqi: Adil B\u0259birov<br \/>\nH\u00fcseyn Bak\u0131l\u0131 &#8211; Pay\u0131z g\u0259ldi &#8211; musiqi: Emin Sabito\u011flu<br \/>\nOqtay A\u011fayev &#8211; Qaytar e\u015fqimi &#8211; musiqi: Oqtay Kaz\u0131mi<br \/>\nR\u0259\u015fid Behbudov &#8211; Ey x\u0259yal &#8211; musiqi: Oqtay Kaz\u0131mi<br \/>\n\u015e\u00f6vk\u0259t \u018fl\u0259kb\u0259rova &#8211; Gec\u0259 yaman uzundur &#8211; musiqi: Fir\u0259ngiz Babayeva<br \/>\nM\u0259mm\u0259dba\u011f\u0131r Ba\u011f\u0131rzad\u0259 &#8211; Gec\u0259 yaman uzundur &#8211; musiqi: Fir\u0259ngiz Babayeva<br \/>\nFlora K\u0259rimova v\u0259 Cavan Zeynall\u0131 &#8211; Qorxuram &#8211; musiqi: Ruh\u0259ngiz Qas\u0131mova<br \/>\nMirz\u0259 Babayev &#8211; M\u00fcbar\u0259k deyin &#8211; Telman Hac\u0131yev<br \/>\nBrilliant Dada\u015fova &#8211; Bahar n\u0259f\u0259sli &#8211; musiqi: Aq\u015fin \u018flizad\u0259<br \/>\nYusif Savalan &#8211; G\u00f6zl\u0259 &#8211; musiqi: Polad B\u00fclb\u00fclo\u011flu<\/p>\n<p>Filmoqrafiya<\/p>\n<p>U\u015faql\u0131\u011f\u0131n son gec\u0259si (film, 1968)<br \/>\nM\u00fcrafi\u0259 v\u0259kill\u0259rinin hekay\u0259ti (film, 2011)<\/p>\n","protected":false},"excerpt":{"rendered":"<p>Qocayev Fikr\u0259t G\u00f6y\u00fc\u015f o\u011flu (Fikr\u0259t Qoca) \u2014 \u015fair, Az\u0259rbaycan Yaz\u0131\u00e7\u0131lar Birliyinin birinci katibi, Az\u0259rbaycan\u0131n xalq \u015fairi (1998)[3], Az\u0259rbaycan SSR \u018fm\u0259kdar \u0130nc\u0259s\u0259n\u0259t Xadimi (1979), Az\u0259rbaycan Respublikas\u0131n\u0131n D\u00f6vl\u0259t m\u00fckafat\u0131 laureat\u0131d\u0131r[4] H\u0259yat\u0131 Fikr\u0259t Qoca 1935-ci il avqustun 25-d\u0259 A\u011fda\u015f rayonunun Kotanarx k\u0259ndind\u0259 anadan olmu\u015fdur. 1964-c\u00fc ild\u0259 Moskvada Maksim Qorki ad\u0131na \u018fd\u0259biyyat \u0130nstitutunu bitirmi\u015fdir. \u018fs\u0259rl\u0259ri 1956-c\u0131 ild\u0259n m\u0259tbuatda \u00e7ap [&hellip;]<\/p>\n","protected":false},"author":2,"featured_media":0,"comment_status":"open","ping_status":"open","sticky":false,"template":"","format":"standard","meta":{"footnotes":""},"categories":[4],"tags":[],"class_list":["post-26544","post","type-post","status-publish","format-standard","hentry","category-edeb"],"_links":{"self":[{"href":"https:\/\/edebiyyat-az.com\/index.php?rest_route=\/wp\/v2\/posts\/26544","targetHints":{"allow":["GET"]}}],"collection":[{"href":"https:\/\/edebiyyat-az.com\/index.php?rest_route=\/wp\/v2\/posts"}],"about":[{"href":"https:\/\/edebiyyat-az.com\/index.php?rest_route=\/wp\/v2\/types\/post"}],"author":[{"embeddable":true,"href":"https:\/\/edebiyyat-az.com\/index.php?rest_route=\/wp\/v2\/users\/2"}],"replies":[{"embeddable":true,"href":"https:\/\/edebiyyat-az.com\/index.php?rest_route=%2Fwp%2Fv2%2Fcomments&post=26544"}],"version-history":[{"count":1,"href":"https:\/\/edebiyyat-az.com\/index.php?rest_route=\/wp\/v2\/posts\/26544\/revisions"}],"predecessor-version":[{"id":26555,"href":"https:\/\/edebiyyat-az.com\/index.php?rest_route=\/wp\/v2\/posts\/26544\/revisions\/26555"}],"wp:attachment":[{"href":"https:\/\/edebiyyat-az.com\/index.php?rest_route=%2Fwp%2Fv2%2Fmedia&parent=26544"}],"wp:term":[{"taxonomy":"category","embeddable":true,"href":"https:\/\/edebiyyat-az.com\/index.php?rest_route=%2Fwp%2Fv2%2Fcategories&post=26544"},{"taxonomy":"post_tag","embeddable":true,"href":"https:\/\/edebiyyat-az.com\/index.php?rest_route=%2Fwp%2Fv2%2Ftags&post=26544"}],"curies":[{"name":"wp","href":"https:\/\/api.w.org\/{rel}","templated":true}]}}