{"id":26799,"date":"2018-04-11T01:00:34","date_gmt":"2018-04-10T21:00:34","guid":{"rendered":"http:\/\/edebiyyat-az.com\/?p=26799"},"modified":"2018-04-12T09:08:22","modified_gmt":"2018-04-12T05:08:22","slug":"dayimin-ardindan","status":"publish","type":"post","link":"https:\/\/edebiyyat-az.com\/?p=26799","title":{"rendered":"&#8220;Day\u0131m\u0131n Ard\u0131ndan\u2026&#8221;"},"content":{"rendered":"<p><a href=\"http:\/\/edebiyyat-az.com\/wp-content\/uploads\/2018\/04\/01.png\"><img loading=\"lazy\" decoding=\"async\" src=\"http:\/\/edebiyyat-az.com\/wp-content\/uploads\/2018\/04\/01-300x200.png\" alt=\"\" width=\"300\" height=\"200\" class=\"aligncenter size-medium wp-image-26805\" srcset=\"https:\/\/edebiyyat-az.com\/wp-content\/uploads\/2018\/04\/01-300x200.png 300w, https:\/\/edebiyyat-az.com\/wp-content\/uploads\/2018\/04\/01.png 600w\" sizes=\"auto, (max-width: 300px) 100vw, 300px\" \/><\/a><\/p>\n<p>OZAN AL\u0130 KIZILTU\u011e (1944-2017)<\/p>\n<p>Melek TEMEL<br \/>\nSosyal Bilimci-K\u00fclt\u00fcr Bakanl\u0131\u011f\u0131 Halk \u015eairi<\/p>\n<p>Ankara\u2019n\u0131n so\u011fuk bir Aral\u0131k ay\u0131 sabah\u0131nda, takvimler 13.12.2017 tarihini g\u00f6sterirken, \u201cB\u00dcY\u00dcK OZAN AL\u0130 KIZILTU\u011e HAKKA Y\u00dcR\u00dcD\u00dc\u201d haberini hem biz hem de b\u00fct\u00fcn T\u00fcrkiye duymu\u015ftu.<br \/>\nSonras\u0131 ac\u0131, sonras\u0131 g\u00f6zya\u015f\u0131, sonras\u0131 bo\u015fluk\u2026<br \/>\nDay\u0131m\u0131n vefat\u0131n\u0131n ard\u0131ndan birka\u00e7 g\u00fcn ge\u00e7mi\u015fti ya da zaman \u00e7ok a\u011f\u0131r ilerliyordu da bana \u00f6yle gelmi\u015fti. Bir ak\u015fam telefon \u00e7ald\u0131, Tokat\u2019tan Hasan Akar Hocamd\u0131 arayan. Ba\u015f sa\u011fl\u0131\u011f\u0131 dilekleri, dua ve teselli temennilerinin ard\u0131ndan \u201cK\u00dcMBET DERG\u0130S\u0130\u201dnin bu ayki say\u0131s\u0131 i\u00e7in benden Ali K\u0131z\u0131ltu\u011f\u2019u anlatan bir yaz\u0131 yazmam\u0131 istedi, \u201cSenin kalemin ve senin duygular\u0131nla K\u0131z\u0131ltu\u011f\u2019u anlat!\u201d dedi.<br \/>\nBiraz zamana ihtiyac\u0131m oldu\u011funu s\u00f6yledim ama zihnim d\u00fc\u015f\u00fcnmeye ba\u015flam\u0131\u015ft\u0131 bile.<br \/>\nHi\u00e7 kolay de\u011fildi Ali K\u0131z\u0131ltu\u011f\u2019u anlatmak. Ozan Ali K\u0131z\u0131ltu\u011f\u2019u anlatmak ba\u015fka bir \u015feydi, Day\u0131m Ali K\u0131z\u0131ltu\u011f\u2019u anlatmak ba\u015fka. Her ikisini de zihnimde ve y\u00fcre\u011fimde harmanlay\u0131p aktarabilmem i\u00e7in biraz d\u00fc\u015f\u00fcn\u00fcnce hi\u00e7 hat\u0131rlamad\u0131\u011f\u0131m ya da haf\u0131zam\u0131n en \u00fccra k\u00f6\u015felerinde gizlenmi\u015f olan binlerce k\u0131r\u0131k d\u00f6k\u00fck an\u0131 belirdi bir anda. Haf\u0131zamda darmada\u011f\u0131n olan par\u00e7alar\u0131 bir araya getirmeye \u00e7al\u0131\u015f\u0131rken en ba\u015fa d\u00f6nmek mant\u0131kl\u0131 olacakt\u0131 ben de \u00f6yle yapt\u0131m.<br \/>\nPeki, kimdi Ali K\u0131z\u0131ltu\u011f?<br \/>\nDivri\u011fi il\u00e7esinin, Mursal k\u00f6y\u00fcnde 1944 y\u0131l\u0131 Ekim ay\u0131nda d\u00fcnyaya gelen Ali K\u0131z\u0131ltu\u011f, \u00e7ift\u00e7i bir ailenin tek \u00e7ocu\u011fudur. Ali K\u0131z\u0131ltu\u011f hen\u00fcz 5 ya\u015flar\u0131ndayken annesi G\u00fcl\u015fen K\u0131z\u0131ltu\u011f vefat eder, babas\u0131 \u0130brahim K\u0131z\u0131ltu\u011f daha sonra tekrar evlenir ve ikinci evlili\u011finden de 6 \u00e7ocu\u011fu olur.<br \/>\nAnadolu\u2019nun pek \u00e7ok k\u00f6y\u00fcnde oldu\u011fu gibi Mursal k\u00f6y\u00fcnde de aileler, s\u00fclaleler lakaplar\u0131 ile an\u0131l\u0131r. Ali K\u0131z\u0131ltu\u011f\u2019un annesi G\u00fcl\u015fen K\u0131z\u0131ltu\u011f da k\u00f6y\u00fcn \u201cEsmeel\u201d diye bilinen s\u00fclaleden Mehmet \u015eafak ve Zehra \u015eafak\u2019\u0131n \u00fc\u00e7\u00fc k\u0131z \u00fc\u00e7\u00fc erkek olan alt\u0131 \u00e7ocu\u011fundan biridir.<br \/>\nAnnem Elif \u015eafak\u2019\u0131n anlatt\u0131\u011f\u0131na g\u00f6re ablas\u0131 G\u00fcl\u015fen \u00e7ok gen\u00e7 ya\u015fta vereme yakalanm\u0131\u015f ve kurtulamam\u0131\u015ft\u0131r. Anadolu k\u00fclt\u00fcr\u00fcnde kuzen nedir bilinmez, baba taraf\u0131n\u0131n ya\u015f\u00e7a b\u00fcy\u00fck erkeklerine amca veya emmi, anne taraf\u0131n\u0131n ya\u015f\u00e7a b\u00fcy\u00fck erkeklerine day\u0131 denir. Anne taraf\u0131n\u0131n ya\u015f\u00e7a b\u00fcy\u00fck bayanlar\u0131na hala, baba taraf\u0131n\u0131n ya\u015f\u00e7a b\u00fcy\u00fck bayanlar\u0131na da bibi denir. Ali Day\u0131m anneme hala derdi, biz de ona day\u0131 derdik. Ali K\u0131z\u0131ltu\u011f bizin day\u0131m\u0131z yani halam\u0131z\u0131n o\u011flu, annem i\u00e7inse G\u00fcl\u015fen Ablas\u0131n\u0131n \u00f6ks\u00fcz kalm\u0131\u015f tek yadig\u00e2r\u0131 idi.<br \/>\nBu g\u00fcn Ali K\u0131z\u0131ltu\u011f\u2019un hayat hik\u00e2yesini anlatan kitaplarda, pek \u00e7ok ara\u015ft\u0131rmac\u0131n\u0131n haz\u0131rlad\u0131\u011f\u0131 tezlerde, TRT ve \u00f6zel kanallar\u0131n haz\u0131rlam\u0131\u015f oldu\u011fu belgesel ve biyografi \u00e7al\u0131\u015fmalar\u0131nda kronolojik olarak tarih ve sanat hayat\u0131ndaki a\u015famalar yer almaktad\u0131r. Ben bunlar\u0131 ar\u015fivlerden al\u0131p tek tek burada s\u0131ralamayaca\u011f\u0131m.<br \/>\n\u00c7\u00fcnk\u00fc ar\u015fivler tarihleri, rakamlar\u0131, isimleri bildirir, insanlar\u0131n g\u00f6n\u00fcllerinden g\u00f6n\u00fcllere kurduklar\u0131 k\u00f6pr\u00fcleri, s\u0131cak, samimi, i\u00e7ten kucakla\u015fmalar\u0131n\u0131 bilemez.<br \/>\nAli K\u0131z\u0131ltu\u011f\u2019u T\u00fcrk halk\u0131n\u0131n her kesiminde sevilen, say\u0131lan de\u011fer verilen biri olmas\u0131n\u0131n, Ali K\u0131z\u0131ltu\u011f eserlerinin dillerden d\u00fc\u015fmemesinin ve her kesimden insan\u0131n y\u00fcre\u011fine dokunabilmesinin nedenleri \u00fczerinde durmak isterim.<br \/>\nSivas ili, Divri\u011fi il\u00e7esinin, Mursal k\u00f6y\u00fcnden yola \u00e7\u0131kan bir ozan\u0131n T\u00fcrkiye\u2019nin b\u00fct\u00fcn il, il\u00e7e ve k\u00f6ylerinden din, dil, mezhep fark\u0131 g\u00f6zetmeksizin herkes taraf\u0131ndan sevilmesinin nedenini bu g\u00fcne kadar s\u00f6ylemi\u015f oldu\u011fu t\u00fcrk\u00fclerinde ve \u015fiirlerinde bulmak m\u00fcmk\u00fcn.<br \/>\nBu g\u00fcne kadar 103 plak, 87 kaset, \u00e7\u0131karm\u0131\u015f. S\u00f6z\u00fc ve m\u00fczi\u011fi kendisine ait 2016 eser veren, eserleri pek \u00e7ok sanat\u00e7\u0131 taraf\u0131ndan seslendirilen (Zeki M\u00fcren, Muazzez Abac\u0131, Y\u0131ld\u0131z Tezcan vb.) Ali K\u0131z\u0131ltu\u011f, 1969 y\u0131l\u0131nda ilk plak olan \u201cAsri Gurbet Harab Etmi\u015f K\u00f6y\u00fcm\u00fc\u201d ile g\u00f6n\u00fcllere taht kurmu\u015ftur.<br \/>\nAsri gurbet harab etmi\u015f k\u00f6y\u00fcm\u00fc<br \/>\nB\u00fclb\u00fcl gitmi\u015f bayku\u015f konmu\u015f gel hele<br \/>\nBen a\u011fay\u0131m ben pa\u015fay\u0131m diyenler<br \/>\nKap\u0131lar\u0131 kitlemi\u015fler gel hele<br \/>\nGel hele de benim a\u011fam gel hele<br \/>\n\u2026<br \/>\nAli K\u0131z\u0131ltu\u011f eserlerinin ana temas\u0131nda Anadolu insan\u0131n\u0131n g\u00fcnl\u00fck ya\u015fam\u0131ndaki hemen hemen her \u015feyi g\u00f6rmek m\u00fcmk\u00fcnd\u00fcr. Gurbet, hasret, ayr\u0131l\u0131k, a\u015fk, \u00f6zlem konular\u0131n\u0131 i\u015fledi\u011fi eserlerini irdeledi\u011fimizde asl\u0131nda sosyal i\u00e7eri\u011fin ana fakt\u00f6r oldu\u011funu g\u00f6r\u00fcr\u00fcz. 1960\u2019l\u0131 y\u0131llarda k\u00f6yden kente g\u00f6\u00e7\u00fcn neden oldu\u011fu toplumsal yap\u0131daki de\u011fi\u015fim ve k\u0131r\u0131lmalar\u0131 bazen esprili bir hiciv ile bazen de i\u00e7li bir h\u00fcz\u00fcnle, yal\u0131n, ak\u0131c\u0131, yeti\u015fti\u011fi k\u00fclt\u00fcr\u00fcn dil ve \u015fivesini bozmadan b\u00fct\u00fcn do\u011fall\u0131\u011f\u0131 ve samimiyeti ile dile getirmi\u015ftir.<br \/>\nAnadolu kad\u0131n\u0131n\u0131n gurbete g\u00f6nderdi\u011fi e\u015f ve \u00e7ocuklar\u0131n\u0131n ard\u0131ndan yanan y\u00fcreklerine, terc\u00fcman olmu\u015f, gurbete giden babalar\u0131n, evlatlar\u0131n ge\u00e7im s\u0131k\u0131nt\u0131lar\u0131n\u0131, ekmek m\u00fccadelesini, \u00e7aresizlik ve fakirli\u011fi, yeni ya\u015fam ko\u015fullar\u0131n\u0131, \u015fehir hayat\u0131na uyum sa\u011flama s\u00fcre\u00e7lerini, yozla\u015fmalar\u0131n toplumu nas\u0131l etkisi alt\u0131na ald\u0131\u011f\u0131n\u0131 halka halk\u0131n dili ile anlatm\u0131\u015ft\u0131r. Aradan uzun y\u0131llar ge\u00e7mesine ra\u011fmen hala ilgi ile dinlenen hemen hat\u0131rlayabildi\u011fim \u201cPi\u00e7e bak pi\u00e7e\u201d, \u201cAnkara\u2019dan bir ev ald\u0131m(Pahal\u0131ysa pahal\u0131)\u201d, Moda moda\u201d, \u201cBen daireye memur oldum (Duydun mu duydun mu)\u201d gibi pek \u00e7ok unutulmaz eser.<br \/>\nPi\u00e7e Bak Pi\u00e7e<br \/>\nKar\u015f\u0131 yoldan bir kervan gider<br \/>\nK\u00f6yden \u015fehre giden g\u00f6\u00e7e bak g\u00f6\u00e7e<br \/>\nKar\u0131 ne dediyse anay\u0131 d\u00f6ver<br \/>\nBabaya k\u00fcfreder hele pi\u00e7e bak pi\u00e7e<br \/>\n\u2026<br \/>\nHik\u00e2yeli t\u00fcrk\u00fcler dal\u0131ndaki pek \u00e7ok eserinde ise toplumun kanayan yaras\u0131na parmak basan b\u00fcy\u00fck ozan, t\u00f6re cinayetleri, ba\u015fl\u0131k paras\u0131, berdel ve benzeri konular\u0131 dile getirmi\u015ftir. \u201cAli ile Zeynep\u2019in t\u00fcrk\u00fcs\u00fc\u201d, \u201c Dumanl\u0131 k\u00f6y\u201d, \u201cBarabar\u201d haf\u0131zamda kalanlardan bir ka\u00e7\u0131.<br \/>\nAli K\u0131z\u0131ltu\u011f\u2019un t\u00fcrk\u00fclerini dinleyenler onunla a\u011flay\u0131p, onunla g\u00fclerek kendi duygu ve d\u00fc\u015f\u00fcncelerini payla\u015fmakla kalmay\u0131p kendisini g\u00f6rmek, kucakla\u015fmak istemekteydi. Mevkii, imk\u00e2n\u0131, inanc\u0131 ne olursa olsun herkesi samimiyetle kar\u015f\u0131lar, sevgiyle kucaklard\u0131. Kibir ve bencilli\u011fe kap\u0131lmadan, geldi\u011fi yerleri asla unutmadan, halkla i\u00e7i i\u00e7e olmaktan zevk alarak ve halktan biri olarak ya\u015fam\u0131n\u0131 s\u00fcrd\u00fcrd\u00fc.<br \/>\n\u0130\u015fte bu y\u00fczden halk\u0131n sevdi\u011fi bir ozan oldu, \u00e7\u00fcnk\u00fc o halk\u0131n ta kendisiydi!<br \/>\nToplumun siyasi yap\u0131s\u0131n\u0131, haks\u0131zl\u0131klar\u0131, \u00e7arp\u0131kl\u0131klar\u0131 saz\u0131 ve s\u00f6z\u00fc ile dile d\u00f6km\u00fc\u015f, ozanl\u0131k gelene\u011finin \u00f6z\u00fc olan halk\u0131n g\u00f6ren g\u00f6z\u00fc, i\u015fiten kula\u011f\u0131, s\u00f6yleyen dili olma sorumlulu\u011funu da hakk\u0131yla yerine getirmi\u015ftir. Say\u0131s\u0131z eserlerinden ilk akl\u0131ma gelenler \u201cHa babam De babam\u201d, \u201cGazeteci Havadisim Bol Benim\u201d, \u201cKarga Muhtar Olmu\u015f K\u00f6y\u00fc Be\u011fenmez\u201d ve daha pek \u00e7o\u011fu.<br \/>\nKarga muhtar olmu\u015f<br \/>\nBu g\u00fcn seyran ettim bizim illeri<br \/>\nKarga muhtar olmu\u015f k\u00f6y\u00fc be\u011fenmez<br \/>\nYahudi, Ermeni, Arabi dili<br \/>\nMecliste oturmu\u015f T\u00fcrk\u00fc be\u011fenmez<\/p>\n<p>Tersine ak\u0131yor fesat \u0131rma\u011f\u0131<br \/>\nKibirden gelirmi\u015f onun kayna\u011f\u0131<br \/>\nV\u00fccudunu yara etmi\u015f t\u0131rna\u011f\u0131<br \/>\nUyuz da oturmu\u015f keli be\u011fenmez<br \/>\n\u2026<br \/>\nBir de dilinden hi\u00e7 d\u00fc\u015f\u00fcrmedi\u011fi, gitmek istedi\u011fi k\u00f6y\u00fc Mursal var ki, eserlerinin \u00e7o\u011funda hasret ve \u00f6zlemini bir \u00f6m\u00fcr dinleyenleriyle payla\u015ft\u0131.<br \/>\n13.12.2017\u2019de vefat\u0131n\u0131n ard\u0131ndan o hep gitmek istedi\u011fi k\u00f6y\u00fc Mursal\u2019a g\u00f6t\u00fcrd\u00fcler day\u0131m\u0131. 14.12.2017\u2019de vasiyeti \u00fczerine Mursal k\u00f6y\u00fcnde \u201cAbara\u2019n\u0131n ka\u015f\u0131\u201d mevkiine defnedildi. Ankara ve Mursal k\u00f6y\u00fcnde yap\u0131lan cenaze t\u00f6renlerine 2000\u2019in \u00fczerinde insan kat\u0131ld\u0131, t\u00f6renlere gidemeyen binlerce insan ise evlerinde yaslar\u0131n\u0131 tutmaktayd\u0131.<br \/>\nK\u00f6y\u00fcne g\u00f6m\u00fclmeyi vasiyet edi\u015fini annem Elif \u015eafak \u015f\u00f6yle anlat\u0131r; Ali g\u00f6m\u00fclmek istedi\u011fi yeri g\u00f6sterir, Abara\u2019n\u0131n ka\u015f\u0131nda durur,\u201d beni buraya g\u00f6m\u00fcn ki bir yana d\u00f6n\u00fcnce Yama Da\u011flar\u0131n\u0131, bir yana d\u00f6n\u00fcnce k\u00f6y\u00fcm\u00fc g\u00f6reyim\u201d derdi.<br \/>\nBinlerce Ali K\u0131z\u0131ltu\u011f sevenleri ve ailesi taraf\u0131ndan iste\u011fi yerine getirildi.<br \/>\nA\u011flasam ne olacak G\u00fclsem ne olacak<br \/>\nGaml\u0131 kasavetli yalan d\u00fcnyada<br \/>\nYa\u015fasam n\u2019olacak g\u00fclsem n\u2019olacak<br \/>\nBana d\u00fc\u015fece\u011fi bir mezar yeri<br \/>\nD\u00fcnyan\u0131n tapusun alsam n\u2019olacak<br \/>\n\u2026.<br \/>\nPeki, Ali K\u0131z\u0131ltu\u011f kimdi?<br \/>\nBir yandan b\u00fcy\u00fck \u015fehir hayat\u0131n\u0131n tela\u015f\u0131, farkl\u0131 \u015fehirlerde s\u00fcrd\u00fcr\u00fclen ya\u015fam m\u00fccadelesi, zamanla kopmaya y\u00fcz tutan akrabal\u0131k ba\u011flar\u0131, di\u011fer yandan ise day\u0131m\u0131n yo\u011fun sahne \u00e7al\u0131\u015fmalar\u0131, \u015fehir d\u0131\u015f\u0131, yurt d\u0131\u015f\u0131 gezileri, konserleri sebebi ile istedi\u011fimiz zaman g\u00f6r\u00fc\u015febilmemiz m\u00fcmk\u00fcn olmazd\u0131.<br \/>\n\u00d6zel g\u00fcnlerde, d\u00fc\u011f\u00fcnlerde, bayramlarda bazen g\u00f6r\u00fc\u015febilirdik, bazen de day\u0131m m\u00fcsait oldu\u011funda bizleri g\u00f6rmeye gelirdi.<br \/>\nOzan Ali K\u0131z\u0131ltu\u011f kap\u0131dan i\u00e7eri girdi\u011finde art\u0131k Day\u0131m Ali K\u0131z\u0131ltu\u011f idi. Ali K\u0131z\u0131ltu\u011f \u00e7ocuklu\u011fum, gen\u00e7lik y\u0131llar\u0131m, annemin evi, Ankara\u2019n\u0131n gecekondu mahalleleriydi.<br \/>\nDay\u0131m\u0131n kap\u0131dan i\u00e7eri giri\u015fi, samimi, s\u0131cak kucaklamas\u0131, omuzuma at\u0131lan kol, sa\u00e7\u0131m\u0131 ok\u015fayan el, ceplerinden avu\u00e7lar\u0131ma doldurdu\u011fu renk renk \u00e7ikolatalar, \u015fekerler, sak\u0131zlar. Bazen radyodan bazen de kaset\u00e7alardan evimize yay\u0131lan i\u00e7li bir ba\u011flama sesi, velhas\u0131l an\u0131lar\u0131m\u0131n en g\u00fczel k\u00f6\u015fesi.<br \/>\nSon telefon g\u00f6r\u00fc\u015fmemizi Haziran ay\u0131nda yapm\u0131\u015ft\u0131k, day\u0131m\u0131n hasta oldu\u011fu haberi gelmi\u015fti yine, iyi de\u011fil dediler birka\u00e7 g\u00fcn bekledim aramak i\u00e7in, korkuyordum, ya telefonu a\u00e7mazsa?<br \/>\nAradan zaman ge\u00e7mi\u015fti, day\u0131m iyile\u015fmi\u015ftir umudu ile arad\u0131m, bir kez \u00e7ald\u0131 telefon ikinci zil sesi \u00e7almadan kar\u015f\u0131mdayd\u0131 day\u0131m, i\u00e7imde huzur, sesimde sevin\u00e7le selamla\u015f\u0131p konu\u015ftuk. Korktu\u011fumu, merak etti\u011fimi aramak i\u00e7in birka\u00e7 g\u00fcn bekledi\u011fimi s\u00f6yledim kahkahalarla g\u00fcld\u00fc, \u201cKorkma Mele\u011fim iyiyim, yaz\u0131n k\u00f6yde olaca\u011f\u0131m oraya gel, ben k\u00f6ye gidece\u011fim, sen de \u00e7\u0131k gel, orada da g\u00f6r\u00fc\u015f\u00fcr\u00fcz\u201d dedi.<br \/>\nGelirim day\u0131, sen neredeysen oraya gelirim dedim.<br \/>\nNasipten \u00f6teye hi\u00e7bir \u015fey olmuyormu\u015f.<br \/>\nHer ge\u00e7en g\u00fcn durumunun iyiye gitti\u011fini \u00f6\u011freniyor, bu da ge\u00e7ecek, day\u0131m bunu da atlatacak umuduyla bekliyorduk. Ankara\u2019da bir \u00f6zel hastanede tedavisi devam ediyordu. 27 Eyl\u00fcl 2017 de kimyasal tedavisine ba\u015flanm\u0131\u015f, tedavi s\u00fcrecinde ziyaret\u00e7i yasa\u011f\u0131 getirilmi\u015fti.<br \/>\nAram\u0131za girmi\u015f da\u011flar denizler<br \/>\nGelemem diyorum sen gel diyorsun<br \/>\nKar ya\u011fm\u0131\u015f yollara \u00f6rt\u00fclm\u00fc\u015f izler<br \/>\nBulamam diyorum sen bul diyorsun<\/p>\n<p>\u00d6f \u00d6fffff\u2026<br \/>\nAli K\u0131z\u0131ltu\u011f\u2019un sevenleri ve yak\u0131nlar\u0131 hastaneden bir an olsun ayr\u0131lmad\u0131 ve yaln\u0131z b\u0131rakmad\u0131. Aylar s\u00fcren tedavinin ard\u0131ndan yorgun ve g\u00fc\u00e7s\u00fcz d\u00fc\u015fen bedeni 12.12.2017 gecesi kansere yenik d\u00fc\u015ft\u00fc. Art\u0131k yap\u0131lacak bir \u015fey kalmam\u0131\u015ft\u0131.<br \/>\nGeride y\u00fcrekleri yakan tarifsiz bir ac\u0131, biraz g\u00f6zya\u015f\u0131 ve b\u00fcy\u00fck bir gurur b\u0131rakarak annesi G\u00fcl\u015fen K\u0131z\u0131ltu\u011f ve babas\u0131 \u0130brahim K\u0131z\u0131ltu\u011f\u2019un yatt\u0131\u011f\u0131 topraklara sevgi seli ile u\u011furland\u0131.<br \/>\nK\u0131z\u0131ltu\u011fum bahar\u0131m\u0131 yaz\u0131m\u0131<br \/>\nHangi kalem yazm\u0131\u015f benim yaz\u0131m\u0131<br \/>\nDert orta\u011f\u0131m olan dertli saz\u0131m\u0131<br \/>\n\u00c7alamam diyorum sen \u00e7al diyorsun<\/p>\n<p>\u00d6f \u00d6fffffff\u2026<br \/>\nAnkara\u2019da so\u011fuk bir Aral\u0131k sabah\u0131, takvimler 13.12.2017 tarihini g\u00f6steriyordu.<\/p>\n<p>AL\u0130 KIZILTU\u011e\u2019A \u00d6LD\u00dc DED\u0130LER (A\u011eIT-1-)<br \/>\nSabah g\u00fcn do\u011fmadan bir haber geldi<br \/>\nAli K\u0131z\u0131ltu\u011f\u2019a \u00f6ld\u00fc dediler<br \/>\nSanki zehirli ok ba\u011fr\u0131m\u0131 deldi<br \/>\nAli K\u0131z\u0131ltu\u011f\u2019a \u00f6ld\u00fc dediler<\/p>\n<p>Aral\u0131k aylar\u0131 sabah ayaz\u0131<br \/>\nYak\u0131\u015f\u0131r m\u0131 sana kefen beyaz\u0131<br \/>\nTepeden t\u0131rna\u011fa d\u00fc\u015ft\u00fc bir s\u0131z\u0131<br \/>\nAli K\u0131z\u0131ltu\u011f\u2019a \u00f6ld\u00fc dediler<\/p>\n<p>Ne kolay s\u00f6ylendi diller lal olsun<br \/>\nNe ana, ne bac\u0131 yok sa\u00e7\u0131n yolsun<br \/>\nYalan d\u00fcnya bana pasl\u0131 bir pulsun<br \/>\nAli K\u0131z\u0131ltu\u011f\u2019a \u00f6ld\u00fc dediler<\/p>\n<p>Duvardaki saz\u0131m d\u00fc\u015ft\u00fc k\u0131r\u0131ld\u0131<br \/>\nTeller figan etti m\u0131zrap dar\u0131ld\u0131<br \/>\nAk\u0131beti bir top beze sar\u0131ld\u0131<br \/>\nAli K\u0131z\u0131ltu\u011f\u2019a \u00f6ld\u00fc dediler<\/p>\n<p>A\u011fla Melek Hatun ya\u015f\u0131n sel olsun<br \/>\nCan\u0131mdan can gitti y\u00e2da el olsun<br \/>\nEhlibeyt yolda\u015f\u0131n yolun g\u00fcl olsun<br \/>\nAli K\u0131z\u0131ltu\u011f\u2019a \u00f6ld\u00fc dediler<br \/>\nHalk \u015eairi Melek TEMEL<\/p>\n<p>\u00d6LD\u00dc DEMEY\u0130N(A\u011eIT-2-)<br \/>\nD\u00f6k\u00fcld\u00fc yapraklar bozuldu ba\u011f\u0131m<br \/>\nAli K\u0131z\u0131ltu\u011f\u2019a \u00f6ld\u00fc demeyin<br \/>\nF\u0131rt\u0131nada kald\u0131 dumanl\u0131 da\u011f\u0131m<br \/>\nAli K\u0131z\u0131ltu\u011f\u2019a \u00f6ld\u00fc demeyin<\/p>\n<p>Ya\u011fmur ya\u011far toprak \u0131slan\u0131r \u015fimdi<br \/>\nKapan\u0131r kap\u0131lar paslan\u0131r \u015fimdi<br \/>\nK\u00f6\u015fenin ba\u015f\u0131ndan seslenir \u015fimdi<br \/>\nAli K\u0131z\u0131ltu\u011f\u2019a \u00f6ld\u00fc demeyin<\/p>\n<p>Kara k\u0131\u015fta d\u00fc\u011f\u00fcn olmaz toy olmaz<br \/>\nGe\u00e7it vermez da\u011flar \u00f6teye salmaz<br \/>\n\u0130nsan \u00f6l\u00fcr ama ozanlar \u00f6lmez<br \/>\nAli K\u0131z\u0131ltu\u011f\u2019a \u00f6ld\u00fc demeyin<\/p>\n<p>Divri\u011fi yolundan vard\u0131 s\u0131laya<br \/>\nYama da\u011flar\u0131 da durmu\u015f halaya<br \/>\nYollar mah\u015fer yeri bak\u0131n alaya<br \/>\nAli K\u0131z\u0131ltu\u011f\u2019a \u00f6ld\u00fc demeyin<\/p>\n<p>Melek hatun ah\u0131m ar\u015fa ula\u015ft\u0131<br \/>\nEller yoklu\u011funa \u00e7abuk al\u0131\u015ft\u0131<br \/>\nPusland\u0131 g\u00f6zlerim dilim dola\u015ft\u0131<br \/>\nAli K\u0131z\u0131ltu\u011f\u2019a \u00f6ld\u00fc demeyin<br \/>\nHalk \u015eairi Melek TEMEL<\/p>\n<p>AL\u0130 KIZILTU\u011e\u2019A A\u011eIT (-3-)<br \/>\nAc\u0131 derin olunca ses \u00e7\u0131km\u0131yor bedenden<br \/>\n\u00d6l\u00fcm baki k\u0131l\u0131nm\u0131\u015f sual olmaz nedenden<br \/>\nBirka\u00e7 hat\u0131ra kal\u0131r b\u0131rak\u0131p da gidenden<br \/>\nAte\u015f d\u00fc\u015ft\u00fc\u011f\u00fc yeri yak\u0131yormu\u015f ne \u00e7are<br \/>\n\u0130nsan\u0131 par\u00e7a par\u00e7a y\u0131k\u0131yormu\u015f ne \u00e7are<\/p>\n<p>Yine dertlere yolda\u015f \u015fu benim gaml\u0131 ba\u015f\u0131m<br \/>\nBo\u011faz\u0131m d\u00fc\u011f\u00fcm d\u00fc\u011f\u00fcm, zehir ekme\u011fim a\u015f\u0131m<br \/>\nYanar da\u011fdan p\u00fcsk\u00fcren volkana e\u015f g\u00f6zya\u015f\u0131m<br \/>\nAte\u015f d\u00fc\u015ft\u00fc\u011f\u00fc yeri yak\u0131yormu\u015f ne \u00e7are<br \/>\n\u0130nsan\u0131 par\u00e7a par\u00e7a y\u0131k\u0131yormu\u015f ne \u00e7are<\/p>\n<p>Ah etsem ah\u0131m yakar duda\u011f\u0131m\u0131 dilimi<br \/>\nCan\u0131m \u00e7ekildi tenden do\u011frultamam belimi<br \/>\nTutam tutam yolsam da sa\u00e7\u0131mdaki telimi<br \/>\nAte\u015f d\u00fc\u015ft\u00fc\u011f\u00fc yeri yak\u0131yormu\u015f ne \u00e7are<br \/>\n\u0130nsan\u0131 par\u00e7a par\u00e7a y\u0131k\u0131yormu\u015f ne \u00e7are<\/p>\n<p>Kara k\u0131\u015fta kor alev kavurdu d\u00f6rt buca\u011f\u0131<br \/>\nDo\u011fdu\u011fu topraklarda s\u00f6nd\u00fcrmedi oca\u011f\u0131<br \/>\nG\u00fcl\u015fen\u2019ine kavu\u015ftu Mursal ana kuca\u011f\u0131<br \/>\nAte\u015f d\u00fc\u015ft\u00fc\u011f\u00fc yeri yak\u0131yormu\u015f ne \u00e7are<br \/>\n\u0130nsan\u0131 par\u00e7a par\u00e7a y\u0131k\u0131yormu\u015f ne \u00e7are<\/p>\n<p>Melek hatun g\u00f6rmedi baki kalan cihanda<br \/>\nHer can bir garip yolcu kap\u0131s\u0131z denen handa<br \/>\nD\u0131\u015farda diner elbet f\u0131rt\u0131na da boranda<br \/>\nAte\u015f d\u00fc\u015ft\u00fc\u011f\u00fc yeri yak\u0131yormu\u015f ne \u00e7are<br \/>\n\u0130nsan\u0131 par\u00e7a par\u00e7a y\u0131k\u0131yormu\u015f ne \u00e7are<\/p>\n<p>Halk \u015eairi Melek TEMEL<\/p>\n","protected":false},"excerpt":{"rendered":"<p>OZAN AL\u0130 KIZILTU\u011e (1944-2017) Melek TEMEL Sosyal Bilimci-K\u00fclt\u00fcr Bakanl\u0131\u011f\u0131 Halk \u015eairi Ankara\u2019n\u0131n so\u011fuk bir Aral\u0131k ay\u0131 sabah\u0131nda, takvimler 13.12.2017 tarihini g\u00f6sterirken, \u201cB\u00dcY\u00dcK OZAN AL\u0130 KIZILTU\u011e HAKKA Y\u00dcR\u00dcD\u00dc\u201d haberini hem biz hem de b\u00fct\u00fcn T\u00fcrkiye duymu\u015ftu. Sonras\u0131 ac\u0131, sonras\u0131 g\u00f6zya\u015f\u0131, sonras\u0131 bo\u015fluk\u2026 Day\u0131m\u0131n vefat\u0131n\u0131n ard\u0131ndan birka\u00e7 g\u00fcn ge\u00e7mi\u015fti ya da zaman \u00e7ok a\u011f\u0131r ilerliyordu da bana [&hellip;]<\/p>\n","protected":false},"author":2,"featured_media":0,"comment_status":"open","ping_status":"open","sticky":false,"template":"","format":"standard","meta":{"footnotes":""},"categories":[33],"tags":[],"class_list":["post-26799","post","type-post","status-publish","format-standard","hentry","category-kumbet"],"_links":{"self":[{"href":"https:\/\/edebiyyat-az.com\/index.php?rest_route=\/wp\/v2\/posts\/26799","targetHints":{"allow":["GET"]}}],"collection":[{"href":"https:\/\/edebiyyat-az.com\/index.php?rest_route=\/wp\/v2\/posts"}],"about":[{"href":"https:\/\/edebiyyat-az.com\/index.php?rest_route=\/wp\/v2\/types\/post"}],"author":[{"embeddable":true,"href":"https:\/\/edebiyyat-az.com\/index.php?rest_route=\/wp\/v2\/users\/2"}],"replies":[{"embeddable":true,"href":"https:\/\/edebiyyat-az.com\/index.php?rest_route=%2Fwp%2Fv2%2Fcomments&post=26799"}],"version-history":[{"count":1,"href":"https:\/\/edebiyyat-az.com\/index.php?rest_route=\/wp\/v2\/posts\/26799\/revisions"}],"predecessor-version":[{"id":26809,"href":"https:\/\/edebiyyat-az.com\/index.php?rest_route=\/wp\/v2\/posts\/26799\/revisions\/26809"}],"wp:attachment":[{"href":"https:\/\/edebiyyat-az.com\/index.php?rest_route=%2Fwp%2Fv2%2Fmedia&parent=26799"}],"wp:term":[{"taxonomy":"category","embeddable":true,"href":"https:\/\/edebiyyat-az.com\/index.php?rest_route=%2Fwp%2Fv2%2Fcategories&post=26799"},{"taxonomy":"post_tag","embeddable":true,"href":"https:\/\/edebiyyat-az.com\/index.php?rest_route=%2Fwp%2Fv2%2Ftags&post=26799"}],"curies":[{"name":"wp","href":"https:\/\/api.w.org\/{rel}","templated":true}]}}