{"id":28124,"date":"2018-08-27T07:00:33","date_gmt":"2018-08-27T03:00:33","guid":{"rendered":"http:\/\/edebiyyat-az.com\/?p=28124"},"modified":"2018-08-27T09:50:44","modified_gmt":"2018-08-27T05:50:44","slug":"yusuf-ozcan-mustafa-ceylana","status":"publish","type":"post","link":"https:\/\/edebiyyat-az.com\/?p=28124","title":{"rendered":"Yusuf \u00d6ZCAN.&#8221;MUSTAFA CEYLAN\u2019A&#8221;"},"content":{"rendered":"<p><a href=\"http:\/\/edebiyyat-az.com\/wp-content\/uploads\/2018\/08\/0700.jpg\"><img loading=\"lazy\" decoding=\"async\" src=\"http:\/\/edebiyyat-az.com\/wp-content\/uploads\/2018\/08\/0700-300x200.jpg\" alt=\"\" width=\"300\" height=\"200\" class=\"alignnone size-medium wp-image-28158\" srcset=\"https:\/\/edebiyyat-az.com\/wp-content\/uploads\/2018\/08\/0700-300x200.jpg 300w, https:\/\/edebiyyat-az.com\/wp-content\/uploads\/2018\/08\/0700.jpg 600w\" sizes=\"auto, (max-width: 300px) 100vw, 300px\" \/><\/a><\/p>\n<p>Geldi derken \u00e7ekip gitti<br \/>\nHakk rahmet etsin Ceylan\u2019a<br \/>\nD\u00f6n\u00fclmez menzile yetti<br \/>\nHakk rahmet etsin Ceylan\u2019a<\/p>\n<p>Cehaletle daval\u0131yd\u0131<br \/>\nHainlerle kavgal\u0131yd\u0131<br \/>\nT\u00fcrk\u00e7emize sevdal\u0131yd\u0131<br \/>\nHakk rahmet etsin Ceylan\u2019a<\/p>\n<p>Biraz tutku biraz nazd\u0131<br \/>\nVeysel\u2019in elinde sazd\u0131<br \/>\nYunus\u2019un dilinde s\u00f6zd\u00fc<br \/>\nHakk rahmet etsin Ceylan\u2019a<\/p>\n<p>\u015eiir dendi mi co\u015fard\u0131<br \/>\nHer g\u00fcn bir yere ko\u015fard\u0131<br \/>\nSevgi da\u011f\u0131t\u0131r ya\u015fard\u0131<br \/>\nHakk rahmet etsin Ceylan\u2019a<\/p>\n<p>Ayr\u0131l\u0131kta buldu vefa<br \/>\n\u015eaka yapt\u0131 son bir defa<br \/>\nBulu\u015fsun iki Mustafa<br \/>\nHakk rahmet etsin Ceylan\u2019a<\/p>\n<p>\u00d6nc\u00fclerle hemhal olsun<br \/>\nDostu Atam Kemal olsun<br \/>\nD\u00f6rt yan\u0131 g\u00fclnih\u00e2l olsun<br \/>\nHakk rahmet etsin Ceylan\u2019a<\/p>\n<p>\u015eehirlerde han\u0131 vard\u0131<br \/>\nBir garip \u00d6zcan\u2019\u0131 vard\u0131<br \/>\nCan Azerbaycan\u2019\u0131 vard\u0131<br \/>\nHakk rahmet etsin Ceylan\u2019a<\/p>\n","protected":false},"excerpt":{"rendered":"<p>Geldi derken \u00e7ekip gitti Hakk rahmet etsin Ceylan\u2019a D\u00f6n\u00fclmez menzile yetti Hakk rahmet etsin Ceylan\u2019a Cehaletle daval\u0131yd\u0131 Hainlerle kavgal\u0131yd\u0131 T\u00fcrk\u00e7emize sevdal\u0131yd\u0131 Hakk rahmet etsin Ceylan\u2019a Biraz tutku biraz nazd\u0131 Veysel\u2019in elinde sazd\u0131 Yunus\u2019un dilinde s\u00f6zd\u00fc Hakk rahmet etsin Ceylan\u2019a \u015eiir dendi mi co\u015fard\u0131 Her g\u00fcn bir yere ko\u015fard\u0131 Sevgi da\u011f\u0131t\u0131r ya\u015fard\u0131 Hakk rahmet etsin Ceylan\u2019a [&hellip;]<\/p>\n","protected":false},"author":2,"featured_media":0,"comment_status":"open","ping_status":"open","sticky":false,"template":"","format":"standard","meta":{"footnotes":""},"categories":[33],"tags":[],"class_list":["post-28124","post","type-post","status-publish","format-standard","hentry","category-kumbet"],"_links":{"self":[{"href":"https:\/\/edebiyyat-az.com\/index.php?rest_route=\/wp\/v2\/posts\/28124","targetHints":{"allow":["GET"]}}],"collection":[{"href":"https:\/\/edebiyyat-az.com\/index.php?rest_route=\/wp\/v2\/posts"}],"about":[{"href":"https:\/\/edebiyyat-az.com\/index.php?rest_route=\/wp\/v2\/types\/post"}],"author":[{"embeddable":true,"href":"https:\/\/edebiyyat-az.com\/index.php?rest_route=\/wp\/v2\/users\/2"}],"replies":[{"embeddable":true,"href":"https:\/\/edebiyyat-az.com\/index.php?rest_route=%2Fwp%2Fv2%2Fcomments&post=28124"}],"version-history":[{"count":2,"href":"https:\/\/edebiyyat-az.com\/index.php?rest_route=\/wp\/v2\/posts\/28124\/revisions"}],"predecessor-version":[{"id":28161,"href":"https:\/\/edebiyyat-az.com\/index.php?rest_route=\/wp\/v2\/posts\/28124\/revisions\/28161"}],"wp:attachment":[{"href":"https:\/\/edebiyyat-az.com\/index.php?rest_route=%2Fwp%2Fv2%2Fmedia&parent=28124"}],"wp:term":[{"taxonomy":"category","embeddable":true,"href":"https:\/\/edebiyyat-az.com\/index.php?rest_route=%2Fwp%2Fv2%2Fcategories&post=28124"},{"taxonomy":"post_tag","embeddable":true,"href":"https:\/\/edebiyyat-az.com\/index.php?rest_route=%2Fwp%2Fv2%2Ftags&post=28124"}],"curies":[{"name":"wp","href":"https:\/\/api.w.org\/{rel}","templated":true}]}}