{"id":29096,"date":"2018-11-14T14:30:23","date_gmt":"2018-11-14T10:30:23","guid":{"rendered":"http:\/\/edebiyyat-az.com\/?p=29096"},"modified":"2018-11-15T10:12:06","modified_gmt":"2018-11-15T06:12:06","slug":"busra-dogramaci-cagin-bilincsiz-hareketi-internet","status":"publish","type":"post","link":"https:\/\/edebiyyat-az.com\/?p=29096","title":{"rendered":"B\u00fc\u015fra DO\u011eRAMACI.&#8221;\u00c7a\u011f\u0131n bilin\u00e7siz hareketi: \u0130nternet&#8221;"},"content":{"rendered":"<p><a href=\"http:\/\/edebiyyat-az.com\/wp-content\/uploads\/2018\/11\/98onkapak.jpg\"><img loading=\"lazy\" decoding=\"async\" src=\"http:\/\/edebiyyat-az.com\/wp-content\/uploads\/2018\/11\/98onkapak-214x300.jpg\" alt=\"\" width=\"214\" height=\"300\" class=\"alignnone size-medium wp-image-29008\" srcset=\"https:\/\/edebiyyat-az.com\/wp-content\/uploads\/2018\/11\/98onkapak-214x300.jpg 214w, https:\/\/edebiyyat-az.com\/wp-content\/uploads\/2018\/11\/98onkapak.jpg 684w\" sizes=\"auto, (max-width: 214px) 100vw, 214px\" \/><\/a><\/p>\n<p><a href=\"http:\/\/edebiyyat-az.com\/wp-content\/uploads\/2018\/11\/98onkapakici.jpg\"><img loading=\"lazy\" decoding=\"async\" src=\"http:\/\/edebiyyat-az.com\/wp-content\/uploads\/2018\/11\/98onkapakici-214x300.jpg\" alt=\"\" width=\"214\" height=\"300\" class=\"alignnone size-medium wp-image-29009\" srcset=\"https:\/\/edebiyyat-az.com\/wp-content\/uploads\/2018\/11\/98onkapakici-214x300.jpg 214w, https:\/\/edebiyyat-az.com\/wp-content\/uploads\/2018\/11\/98onkapakici.jpg 682w\" sizes=\"auto, (max-width: 214px) 100vw, 214px\" \/><\/a><\/p>\n<p><a href=\"http:\/\/edebiyyat-az.com\/wp-content\/uploads\/2018\/11\/98icindekiler.jpg\"><img loading=\"lazy\" decoding=\"async\" src=\"http:\/\/edebiyyat-az.com\/wp-content\/uploads\/2018\/11\/98icindekiler-214x300.jpg\" alt=\"\" width=\"214\" height=\"300\" class=\"alignnone size-medium wp-image-29010\" srcset=\"https:\/\/edebiyyat-az.com\/wp-content\/uploads\/2018\/11\/98icindekiler-214x300.jpg 214w, https:\/\/edebiyyat-az.com\/wp-content\/uploads\/2018\/11\/98icindekiler.jpg 677w\" sizes=\"auto, (max-width: 214px) 100vw, 214px\" \/><\/a><\/p>\n<p><a href=\"http:\/\/edebiyyat-az.com\/wp-content\/uploads\/2018\/11\/98arkakapakici.jpg\"><img loading=\"lazy\" decoding=\"async\" src=\"http:\/\/edebiyyat-az.com\/wp-content\/uploads\/2018\/11\/98arkakapakici-214x300.jpg\" alt=\"\" width=\"214\" height=\"300\" class=\"alignnone size-medium wp-image-29011\" srcset=\"https:\/\/edebiyyat-az.com\/wp-content\/uploads\/2018\/11\/98arkakapakici-214x300.jpg 214w, https:\/\/edebiyyat-az.com\/wp-content\/uploads\/2018\/11\/98arkakapakici.jpg 682w\" sizes=\"auto, (max-width: 214px) 100vw, 214px\" \/><\/a><\/p>\n<p>\u0130nsano\u011flu her ne yaparsa yaps\u0131n fark etmeli ki her \u015fey asl\u0131na r\u00fccu etmektedir. F\u0131trat\u0131m\u0131z gere\u011fi aslolana y\u00f6neliriz her konuda ister istemez, g\u00f6zlerimizin arad\u0131\u011f\u0131 bir sadelik bir tabi\u00eeliktir. Son zamanlarda bunu her konuda g\u00f6rmeye ba\u015flad\u0131k. Her ne kadar farkl\u0131 l\u00fcks ya\u015famlara \u00f6zensek de yo\u011fun bir kitle asl\u0131na d\u00f6nmek konusunda ciddi \u00e7aba sarfediyor. Hem de her t\u00fcrl\u00fc hayat\u00ee ba\u011flant\u0131y\u0131 kullan\u0131yorlar diyebiliriz. Fakat bunu yapmay\u0131 denerken \u00f6nlerinde yeni\u00e7a\u011f\u0131n engelleri olacak elbette. Zihnimize hal, hareket ve ya\u015fant\u0131m\u0131za i\u015flemi\u015f bir\u00e7ok engel. Bunlar aras\u0131nda en \u00f6nemlisi hi\u00e7 \u015f\u00fcphesiz \u2018\u0130nternet\u2019.<\/p>\n<p>Halka sunulan \u2018 her \u015fey sizin\u2019 g\u00f6r\u00fcnt\u00fcs\u00fc bu kitle taraf\u0131ndan korkutucu addediliyor ki hakl\u0131lar bir noktada. \u0130nsanlar\u0131n g\u00fcn ge\u00e7tik\u00e7e \u00e7o\u011falan t\u00fcketme arzusu b\u00f6ylece eski de\u011ferlere d\u00f6nerek onlar\u0131 da t\u00fcketme iste\u011fi uyand\u0131r\u0131yor i\u00e7lerinde. \u0130nsan tabi\u00ee olarak b\u00fct\u00fcn bunlar\u0131 t\u00fcketebilir elbette. K\u0131yafetler, bilimum \u00e2let edevat elbet bir g\u00fcn sonu gelecek \u015feylerdir. Peki ama internet nas\u0131l t\u00fcketilir? Esas sorulmas\u0131 gereken soru da \u015fu \u2018\u2019Biz mi interneti t\u00fcketiyoruz, yoksa o mu bizi?\u2019\u2019.<\/p>\n<p>\u0130nsan b\u00f6yledir d\u00fc\u015f\u00fcnme eylemi f\u0131trat\u0131 gere\u011fi s\u00fcrekli, fark\u0131nda olarak yahut olmayarak yapt\u0131\u011f\u0131 bir \u015feydir ve her d\u00fc\u015f\u00fcncede bir soru gizlidir. \u0130\u015fte internet pop\u00fclaritesini kazanmaya ba\u015flad\u0131\u011f\u0131 y\u0131llardan beri bu sorulara cevap olmu\u015ftur ve bu sebepten y\u0131llar i\u00e7inde ba\u015fvurulan ilk kayna\u011fa d\u00f6n\u00fc\u015f\u00fcvermi\u015ftir. Durum b\u00f6yle olunca 90\u2019l\u0131 y\u0131llar itibariyle yabanc\u0131 kaynakl\u0131 makalelerde \u2018Problematic Internet Use\u2019 mealen \u2018sorunlu internet kullan\u0131m\u0131\u2019 ba\u015fl\u0131\u011f\u0131n\u0131 g\u00f6rmeye ba\u015flad\u0131k. \u00dclkemizde de bu konuda yaz\u0131l\u0131p \u00e7izilen veriler \u00e7ok fazla tabi\u00ee ki fakat okuma oran\u0131yla do\u011fru orant\u0131l\u0131 olarak belli bir kitleye ula\u015ft\u0131\u011f\u0131n\u0131 s\u00f6ylemek m\u00fcmk\u00fcn.<\/p>\n<p>S\u00f6z\u00fcn \u00f6z\u00fc interneti hayat\u0131m\u0131za fazlaca dahil etmemizin bir \u00e7ok etkeni olabilir elbette bilin\u00e7li kullan\u0131c\u0131lar da olabiliriz yahut hi\u00e7 kullanm\u0131yor olabiliriz. \u0130\u00e7imizdeki t\u00fcketme arzusunu susturam\u0131yor sonu olmayan bu \u015feye meftun olmu\u015f olabiliriz bittabi fakat t\u00fcm bu durumlar\u0131n yan\u0131nda her dem \u00f6z\u00fcm\u00fcz\u00fc korumak ad\u0131na okumal\u0131 ve bilin\u00e7siz hareketlerden olabildi\u011fince uzak durmal\u0131y\u0131z ve e\u011fer \u015fu an bu yaz\u0131y\u0131 okuyorsan\u0131z hep beraber zihnimizde internetsiz hava sahalar\u0131 in\u015fa edelim, muvaffak olmam\u0131z dile\u011fi ile.<\/p>\n","protected":false},"excerpt":{"rendered":"<p>\u0130nsano\u011flu her ne yaparsa yaps\u0131n fark etmeli ki her \u015fey asl\u0131na r\u00fccu etmektedir. F\u0131trat\u0131m\u0131z gere\u011fi aslolana y\u00f6neliriz her konuda ister istemez, g\u00f6zlerimizin arad\u0131\u011f\u0131 bir sadelik bir tabi\u00eeliktir. Son zamanlarda bunu her konuda g\u00f6rmeye ba\u015flad\u0131k. Her ne kadar farkl\u0131 l\u00fcks ya\u015famlara \u00f6zensek de yo\u011fun bir kitle asl\u0131na d\u00f6nmek konusunda ciddi \u00e7aba sarfediyor. Hem de her t\u00fcrl\u00fc [&hellip;]<\/p>\n","protected":false},"author":2,"featured_media":0,"comment_status":"open","ping_status":"open","sticky":false,"template":"","format":"standard","meta":{"footnotes":""},"categories":[42],"tags":[],"class_list":["post-29096","post","type-post","status-publish","format-standard","hentry","category-kardelendergisi"],"_links":{"self":[{"href":"https:\/\/edebiyyat-az.com\/index.php?rest_route=\/wp\/v2\/posts\/29096","targetHints":{"allow":["GET"]}}],"collection":[{"href":"https:\/\/edebiyyat-az.com\/index.php?rest_route=\/wp\/v2\/posts"}],"about":[{"href":"https:\/\/edebiyyat-az.com\/index.php?rest_route=\/wp\/v2\/types\/post"}],"author":[{"embeddable":true,"href":"https:\/\/edebiyyat-az.com\/index.php?rest_route=\/wp\/v2\/users\/2"}],"replies":[{"embeddable":true,"href":"https:\/\/edebiyyat-az.com\/index.php?rest_route=%2Fwp%2Fv2%2Fcomments&post=29096"}],"version-history":[{"count":1,"href":"https:\/\/edebiyyat-az.com\/index.php?rest_route=\/wp\/v2\/posts\/29096\/revisions"}],"predecessor-version":[{"id":29115,"href":"https:\/\/edebiyyat-az.com\/index.php?rest_route=\/wp\/v2\/posts\/29096\/revisions\/29115"}],"wp:attachment":[{"href":"https:\/\/edebiyyat-az.com\/index.php?rest_route=%2Fwp%2Fv2%2Fmedia&parent=29096"}],"wp:term":[{"taxonomy":"category","embeddable":true,"href":"https:\/\/edebiyyat-az.com\/index.php?rest_route=%2Fwp%2Fv2%2Fcategories&post=29096"},{"taxonomy":"post_tag","embeddable":true,"href":"https:\/\/edebiyyat-az.com\/index.php?rest_route=%2Fwp%2Fv2%2Ftags&post=29096"}],"curies":[{"name":"wp","href":"https:\/\/api.w.org\/{rel}","templated":true}]}}