{"id":29097,"date":"2018-11-14T15:00:25","date_gmt":"2018-11-14T11:00:25","guid":{"rendered":"http:\/\/edebiyyat-az.com\/?p=29097"},"modified":"2018-11-15T10:16:38","modified_gmt":"2018-11-15T06:16:38","slug":"bahadir-kaya-98-sayi-medya-sepeti","status":"publish","type":"post","link":"https:\/\/edebiyyat-az.com\/?p=29097","title":{"rendered":"Bahad\u0131r KAYA.&#8221;98.say\u0131 medya sepeti&#8221;"},"content":{"rendered":"<p><a href=\"http:\/\/edebiyyat-az.com\/wp-content\/uploads\/2018\/11\/98onkapak.jpg\"><img loading=\"lazy\" decoding=\"async\" src=\"http:\/\/edebiyyat-az.com\/wp-content\/uploads\/2018\/11\/98onkapak-214x300.jpg\" alt=\"\" width=\"214\" height=\"300\" class=\"alignnone size-medium wp-image-29008\" srcset=\"https:\/\/edebiyyat-az.com\/wp-content\/uploads\/2018\/11\/98onkapak-214x300.jpg 214w, https:\/\/edebiyyat-az.com\/wp-content\/uploads\/2018\/11\/98onkapak.jpg 684w\" sizes=\"auto, (max-width: 214px) 100vw, 214px\" \/><\/a><\/p>\n<p><a href=\"http:\/\/edebiyyat-az.com\/wp-content\/uploads\/2018\/11\/98onkapakici.jpg\"><img loading=\"lazy\" decoding=\"async\" src=\"http:\/\/edebiyyat-az.com\/wp-content\/uploads\/2018\/11\/98onkapakici-214x300.jpg\" alt=\"\" width=\"214\" height=\"300\" class=\"alignnone size-medium wp-image-29009\" srcset=\"https:\/\/edebiyyat-az.com\/wp-content\/uploads\/2018\/11\/98onkapakici-214x300.jpg 214w, https:\/\/edebiyyat-az.com\/wp-content\/uploads\/2018\/11\/98onkapakici.jpg 682w\" sizes=\"auto, (max-width: 214px) 100vw, 214px\" \/><\/a><\/p>\n<p><a href=\"http:\/\/edebiyyat-az.com\/wp-content\/uploads\/2018\/11\/98icindekiler.jpg\"><img loading=\"lazy\" decoding=\"async\" src=\"http:\/\/edebiyyat-az.com\/wp-content\/uploads\/2018\/11\/98icindekiler-214x300.jpg\" alt=\"\" width=\"214\" height=\"300\" class=\"alignnone size-medium wp-image-29010\" srcset=\"https:\/\/edebiyyat-az.com\/wp-content\/uploads\/2018\/11\/98icindekiler-214x300.jpg 214w, https:\/\/edebiyyat-az.com\/wp-content\/uploads\/2018\/11\/98icindekiler.jpg 677w\" sizes=\"auto, (max-width: 214px) 100vw, 214px\" \/><\/a><\/p>\n<p><a href=\"http:\/\/edebiyyat-az.com\/wp-content\/uploads\/2018\/11\/98arkakapakici.jpg\"><img loading=\"lazy\" decoding=\"async\" src=\"http:\/\/edebiyyat-az.com\/wp-content\/uploads\/2018\/11\/98arkakapakici-214x300.jpg\" alt=\"\" width=\"214\" height=\"300\" class=\"alignnone size-medium wp-image-29011\" srcset=\"https:\/\/edebiyyat-az.com\/wp-content\/uploads\/2018\/11\/98arkakapakici-214x300.jpg 214w, https:\/\/edebiyyat-az.com\/wp-content\/uploads\/2018\/11\/98arkakapakici.jpg 682w\" sizes=\"auto, (max-width: 214px) 100vw, 214px\" \/><\/a><\/p>\n<p>Necip Faz\u0131l K\u0131sak\u00fcrek K\u00fclt\u00fcr ve Ara\u015ft\u0131rma Vakf\u0131\u2019n\u0131n, Y\u00f6netim Kurulu Ba\u015fkan\u0131 Emrah KISAK\u00dcREK imzal\u0131 bildirisi:<\/p>\n<p>Star Gazetesi tarafdan ilk olarak 2014 y\u0131l\u0131nda dp\u00fczenlenen ve her y\u0131l tekrarlanmakta olan &#8220;Necip Faz\u0131l \u00d6d\u00fclleri&#8221;, ba\u015flang\u0131c\u0131ndan itibaren \u00dcstad Necip Faz\u0131l K\u0131sak\u00fcrek&#8217;in fikir ve estetik d\u00fcnyas\u0131na yabanc\u0131; onun manev\u00eemiras\u0131n\u0131 hic sayan tahrif ve tahkir edici bir \u00fcslupla, siyasi istismar zemininde y\u00fcr\u00fct\u00fclmektedir.<\/p>\n<p>&#8216;Necip Faz\u0131l K\u0131sak\u00fcrek K\u00fclt\u00fcr ve Ara\u015ft\u0131rma Vakf\u0131 ve B\u00fcy\u00fck Do\u011fu Yay\u0131nlar\u0131, Necip Faz\u0131l&#8217;\u0131n fikir b\u00fct\u00fcn\u00fcn\u00fcn ve eserlerinin asliyetlerini korumakla y\u00fck\u00fcml\u00fc ve onlar\u0131 bu \u015fekildelecek nesillere ta\u015f\u0131makla m\u00fckelleftirir..<\/p>\n<p>Bug\u00fcne kadar bir h\u00fcsn\u00fcniyet i\u00e7inde, &#8221; Necip Faz\u0131l\u00d6d\u00fclleri&#8221;nin sabit prensiplere ba\u011fl\u0131 olarak d\u00fczenlenecek bir \u015fartnameye kavu\u015fturulmas\u0131n\u0131 beklemi\u015f olmam\u0131za ra\u011fmen, devam edegelen s\u00fcre\u00e7te, Star Gazetesi&#8217;ni, b\u00fct\u00fcn uyar\u0131 ve ele\u015ftirilere kapal\u0131, d\u0131\u015flay\u0131c\u0131 bir tav\u0131r i\u00e7inde g\u00f6rm\u00fc\u015f bulunuyoruz.<\/p>\n<p>\u00dcstelik, &#8221; Necip Faz\u0131l&#8217;\u0131 de\u011ferlendirmek i\u00e7in hen\u00fcz erken&#8221; diyen biri J\u00fcri Ba\u015fkan\u0131 yap\u0131lm\u0131\u015f ve \u00e2deta kas\u0131tl\u0131 bi\u00e7imde hareket edilerek, \u00dcstad Necip Faz\u0131l ve eserlerini a\u00e7\u0131k\u00e7a tahrif eden ve en \u00f6nemli eseri &#8220;\u0130deolocya \u00d6rg\u00fcs\u00fc&#8221; kitab\u0131n\u0131 Fa\u015fist bir manifesto olarak itham eden birine de sayg\u0131 \u00f6d\u00fcl\u00fc verilmi\u015ftir.<\/p>\n<p>Say\u0131n Cumhurba\u015fkan\u0131m\u0131zdan Ekim 2016 tarihinde v\u00e2ki randevu talebimiz iki y\u0131ld\u0131r cevaps\u0131z b\u0131rak\u0131lm\u0131\u015f, bu y\u00fczden durum \u00f6ncelikle kendisine arzedilememi\u015ftir.<\/p>\n<p>Gerek Vak\u0131f gerekse Yay\u0131nevi olarak, bulundu\u011fumuz nokta, zaman\u0131n ve zeminin \u015fartlar\u0131na t\u00e2bi de\u011fil; fikir ve sanat\u0131 siyas\u00ee dilin malzemesi h\u00e2line getiren anlay\u0131\u015fla uzla\u015fma kabul etmez, samimiyetin pazarl\u0131ks\u0131z prensiplerine ba\u011fl\u0131d\u0131r.<\/p>\n<p>S\u00f6z konusu Gazeteye, bu isim alt\u0131ndaki \u00f6d\u00fcllere son verilmesi hususunda gerekli ihtarname g\u00f6nderilmi\u015ftir.<\/p>\n<p>&#8220;\u00dcstad&#8221;a nostaljik bir sevgi besleyenlerin bizi anlay\u0131\u015fla kar\u015f\u0131layacaklar\u0131 umudu i\u00e7inde kamuoyuna duyuruyoruz. 03.10.2018)<\/p>\n<p>Bildirideki ifadelere aynen kat\u0131l\u0131yoruz. Zaten biz de Ocak\/Mart 2016 tarih ve 87. Say\u0131l\u0131 dergimizde ayn\u0131 meseleyi ele alm\u0131\u015ft\u0131k.<\/p>\n<p>Devlet Tiyatrolar\u0131nda perde &#8216;RE\u0130S BEY&#8217; ile a\u00e7\u0131l\u0131yor. (AA)<\/p>\n<p>Devlet Tiyatrolar\u0131 70. y\u0131l\u0131nda, \u015fair, yazar Necip Faz\u0131l K\u0131sak\u00fcrek&#8217;in \u00fcnl\u00fc tiyatro eseri &#8220;Reis Bey&#8221; ile sezon a\u00e7\u0131l\u0131\u015f\u0131n\u0131 ger\u00e7ekle\u015ftirecek. Y\u00f6netmen \u00d6zer Tunca, &#8220;Necip Faz\u0131l&#8217;\u0131 \u00e7ok seviyorum, \u00e7ok g\u00fczel bir dili var. Zaten \u00e7ok iyi bir \u015fair, tiyatrosunun duygusunu da \u00e7ok g\u00fc\u00e7l\u00fc buluyorum. Para da \u00f6yledir mesel\u00e2&#8221; dedi. 45 ki\u015filik oyunda canl\u0131 m\u00fczik kullan\u0131lacak. Birinci ve ikinci g\u00fcn\u00fcn biletleri t\u00fckendi; oyun yurdun \u00e7e\u015fitli yerlerinde ve yurt d\u0131\u015f\u0131nda da sahnelenecek.<\/p>\n","protected":false},"excerpt":{"rendered":"<p>Necip Faz\u0131l K\u0131sak\u00fcrek K\u00fclt\u00fcr ve Ara\u015ft\u0131rma Vakf\u0131\u2019n\u0131n, Y\u00f6netim Kurulu Ba\u015fkan\u0131 Emrah KISAK\u00dcREK imzal\u0131 bildirisi: Star Gazetesi tarafdan ilk olarak 2014 y\u0131l\u0131nda dp\u00fczenlenen ve her y\u0131l tekrarlanmakta olan &#8220;Necip Faz\u0131l \u00d6d\u00fclleri&#8221;, ba\u015flang\u0131c\u0131ndan itibaren \u00dcstad Necip Faz\u0131l K\u0131sak\u00fcrek&#8217;in fikir ve estetik d\u00fcnyas\u0131na yabanc\u0131; onun manev\u00eemiras\u0131n\u0131 hic sayan tahrif ve tahkir edici bir \u00fcslupla, siyasi istismar zemininde y\u00fcr\u00fct\u00fclmektedir. [&hellip;]<\/p>\n","protected":false},"author":2,"featured_media":0,"comment_status":"open","ping_status":"open","sticky":false,"template":"","format":"standard","meta":{"footnotes":""},"categories":[42],"tags":[],"class_list":["post-29097","post","type-post","status-publish","format-standard","hentry","category-kardelendergisi"],"_links":{"self":[{"href":"https:\/\/edebiyyat-az.com\/index.php?rest_route=\/wp\/v2\/posts\/29097","targetHints":{"allow":["GET"]}}],"collection":[{"href":"https:\/\/edebiyyat-az.com\/index.php?rest_route=\/wp\/v2\/posts"}],"about":[{"href":"https:\/\/edebiyyat-az.com\/index.php?rest_route=\/wp\/v2\/types\/post"}],"author":[{"embeddable":true,"href":"https:\/\/edebiyyat-az.com\/index.php?rest_route=\/wp\/v2\/users\/2"}],"replies":[{"embeddable":true,"href":"https:\/\/edebiyyat-az.com\/index.php?rest_route=%2Fwp%2Fv2%2Fcomments&post=29097"}],"version-history":[{"count":1,"href":"https:\/\/edebiyyat-az.com\/index.php?rest_route=\/wp\/v2\/posts\/29097\/revisions"}],"predecessor-version":[{"id":29116,"href":"https:\/\/edebiyyat-az.com\/index.php?rest_route=\/wp\/v2\/posts\/29097\/revisions\/29116"}],"wp:attachment":[{"href":"https:\/\/edebiyyat-az.com\/index.php?rest_route=%2Fwp%2Fv2%2Fmedia&parent=29097"}],"wp:term":[{"taxonomy":"category","embeddable":true,"href":"https:\/\/edebiyyat-az.com\/index.php?rest_route=%2Fwp%2Fv2%2Fcategories&post=29097"},{"taxonomy":"post_tag","embeddable":true,"href":"https:\/\/edebiyyat-az.com\/index.php?rest_route=%2Fwp%2Fv2%2Ftags&post=29097"}],"curies":[{"name":"wp","href":"https:\/\/api.w.org\/{rel}","templated":true}]}}