{"id":30747,"date":"2019-05-19T10:00:20","date_gmt":"2019-05-19T06:00:20","guid":{"rendered":"http:\/\/edebiyyat-az.com\/?p=30747"},"modified":"2019-05-19T14:28:59","modified_gmt":"2019-05-19T10:28:59","slug":"huseyn-ibrahimovun-100-illik-yubileyinin-qeyd-edilm%c9%99si-haqqinda-az%c9%99rbaycan-respublikasi-prezidentinin-s%c9%99r%c9%99ncami","status":"publish","type":"post","link":"https:\/\/edebiyyat-az.com\/?p=30747","title":{"rendered":"H\u00fcseyn \u0130brahimovun 100 illik yubileyinin qeyd edilm\u0259si haqq\u0131nda Az\u0259rbaycan Respublikas\u0131 Prezidentinin S\u0259r\u0259ncam\u0131"},"content":{"rendered":"<p><a href=\"http:\/\/edebiyyat-az.com\/wp-content\/uploads\/2019\/04\/001.png\"><img loading=\"lazy\" decoding=\"async\" src=\"http:\/\/edebiyyat-az.com\/wp-content\/uploads\/2019\/04\/001-300x210.png\" alt=\"\" width=\"300\" height=\"210\" class=\"alignnone size-medium wp-image-30364\" \/><\/a><\/p>\n<p><strong>H\u00fcseyn \u0130brahimovun 100 illik yubileyinin qeyd edilm\u0259si haqq\u0131nda Az\u0259rbaycan Respublikas\u0131 Prezidentinin S\u0259r\u0259ncam\u0131<\/p>\n<p>2019-cu ilin may ay\u0131nda Az\u0259rbaycan\u0131n Xalq yaz\u0131\u00e7\u0131s\u0131 H\u00fcseyn M\u0259mm\u0259d\u0259li o\u011flu \u0130brahimovun anadan olmas\u0131n\u0131n 100 illiyi tamam olur.<\/p>\n<p>H\u00fcseyn \u0130brahimov yar\u0131m \u0259srd\u0259n art\u0131q bir d\u00f6vr\u00fc \u0259hat\u0259 ed\u0259n s\u0259m\u0259r\u0259li \u0259d\u0259bi f\u0259aliyy\u0259ti il\u0259 m\u00fcasir Az\u0259rbaycan \u0259d\u0259biyyat\u0131n\u0131n inki\u015faf\u0131na t\u00f6hf\u0259l\u0259r vermi\u015f \u00f6z\u00fcn\u0259m\u0259xsus yarad\u0131c\u0131l\u0131q \u00fcslubuna malik simalardand\u0131r. \u018fdibin u\u011furlu axtar\u0131\u015flar\u0131n\u0131n n\u0259tic\u0259si kimi m\u00fcxt\u0259lif janrlarda meydana g\u0259tirdiyi \u0259s\u0259rl\u0259rd\u0259 m\u00fcasirl\u0259rimizin z\u0259ngin m\u0259n\u0259vi al\u0259mi dol\u011fun \u0259ks etdirilmi\u015f, m\u0259d\u0259niyy\u0259t tariximizin yetirdiyi bir \u00e7ox g\u00f6rk\u0259mli simalar\u0131n i\u015f\u0131ql\u0131 obrazlar\u0131 parlaq b\u0259dii boyalarla t\u0259c\u0259ss\u00fcm\u00fcn\u00fc tapm\u0131\u015fd\u0131r. Uzun ill\u0259r Nax\u00e7\u0131van\u0131n ictimai-siyasi h\u0259yat\u0131n\u0131n f\u0259al i\u015ftirak\u00e7\u0131s\u0131 olmaqla H\u00fcseyn \u0130brahimov regionda m\u0259d\u0259ni m\u00fchitin tarixi \u0259n\u0259n\u0259l\u0259rinin qorunub saxlan\u0131lmas\u0131 v\u0259 el\u0259c\u0259 d\u0259 m\u00fcst\u0259qillik ideallar\u0131na sadiq yarad\u0131c\u0131 \u0259d\u0259bi q\u00fcvv\u0259l\u0259rin \u00f6z potensiallar\u0131n\u0131 laz\u0131m\u0131nca ger\u00e7\u0259kl\u0259\u015fdir\u0259 bilm\u0259l\u0259ri \u00fc\u00e7\u00fcn b\u00f6y\u00fck \u0259m\u0259k s\u0259rf etmi\u015fdir.<\/p>\n<p>Az\u0259rbaycan Respublikas\u0131 Konstitusiyas\u0131n\u0131n 109-cu madd\u0259sinin 32-ci b\u0259ndini r\u0259hb\u0259r tutaraq v\u0259 Az\u0259rbaycan \u0259d\u0259biyyat\u0131 qar\u015f\u0131s\u0131nda xidm\u0259tl\u0259rini n\u0259z\u0259r\u0259 alaraq, Xalq yaz\u0131\u00e7\u0131s\u0131 H\u00fcseyn \u0130brahimovun anadan olmas\u0131n\u0131n 100-c\u00fc ild\u00f6n\u00fcm\u00fcn\u00fcn qeyd olunmas\u0131n\u0131 t\u0259min etm\u0259k m\u0259qs\u0259di il\u0259 q\u0259rara al\u0131ram:<\/p>\n<p>1. Az\u0259rbaycan Respublikas\u0131n\u0131n M\u0259d\u0259niyy\u0259t Nazirliyi, Az\u0259rbaycan Yaz\u0131\u00e7\u0131lar Birliyinin t\u0259klifl\u0259rini n\u0259z\u0259r\u0259 almaqla, Xalq yaz\u0131\u00e7\u0131s\u0131 H\u00fcseyn \u0130brahimovun 100 illik yubileyin\u0259 dair t\u0259dbirl\u0259r plan\u0131n\u0131 haz\u0131rlay\u0131b h\u0259yata ke\u00e7irsin.<\/p>\n<p>2. Az\u0259rbaycan Respublikas\u0131n\u0131n Nazirl\u0259r Kabineti bu S\u0259r\u0259ncamdan ir\u0259li g\u0259l\u0259n m\u0259s\u0259l\u0259l\u0259ri h\u0259ll etsin.<\/p>\n<p>\u0130lham \u018fliyev<br \/>\nAz\u0259rbaycan Respublikas\u0131n\u0131n Prezidenti<br \/>\nBak\u0131 \u015f\u0259h\u0259ri, 18 may 2019-cu il.<\/p>\n<p>M\u0259nb\u0259: http:\/\/www.president.az<\/strong><\/p>\n","protected":false},"excerpt":{"rendered":"<p>H\u00fcseyn \u0130brahimovun 100 illik yubileyinin qeyd edilm\u0259si haqq\u0131nda Az\u0259rbaycan Respublikas\u0131 Prezidentinin S\u0259r\u0259ncam\u0131 2019-cu ilin may ay\u0131nda Az\u0259rbaycan\u0131n Xalq yaz\u0131\u00e7\u0131s\u0131 H\u00fcseyn M\u0259mm\u0259d\u0259li o\u011flu \u0130brahimovun anadan olmas\u0131n\u0131n 100 illiyi tamam olur. H\u00fcseyn \u0130brahimov yar\u0131m \u0259srd\u0259n art\u0131q bir d\u00f6vr\u00fc \u0259hat\u0259 ed\u0259n s\u0259m\u0259r\u0259li \u0259d\u0259bi f\u0259aliyy\u0259ti il\u0259 m\u00fcasir Az\u0259rbaycan \u0259d\u0259biyyat\u0131n\u0131n inki\u015faf\u0131na t\u00f6hf\u0259l\u0259r vermi\u015f \u00f6z\u00fcn\u0259m\u0259xsus yarad\u0131c\u0131l\u0131q \u00fcslubuna malik simalardand\u0131r. \u018fdibin u\u011furlu [&hellip;]<\/p>\n","protected":false},"author":2,"featured_media":0,"comment_status":"open","ping_status":"open","sticky":false,"template":"","format":"standard","meta":{"footnotes":""},"categories":[46],"tags":[],"class_list":["post-30747","post","type-post","status-publish","format-standard","hentry","category-azerbaycanprezidenti"],"_links":{"self":[{"href":"https:\/\/edebiyyat-az.com\/index.php?rest_route=\/wp\/v2\/posts\/30747","targetHints":{"allow":["GET"]}}],"collection":[{"href":"https:\/\/edebiyyat-az.com\/index.php?rest_route=\/wp\/v2\/posts"}],"about":[{"href":"https:\/\/edebiyyat-az.com\/index.php?rest_route=\/wp\/v2\/types\/post"}],"author":[{"embeddable":true,"href":"https:\/\/edebiyyat-az.com\/index.php?rest_route=\/wp\/v2\/users\/2"}],"replies":[{"embeddable":true,"href":"https:\/\/edebiyyat-az.com\/index.php?rest_route=%2Fwp%2Fv2%2Fcomments&post=30747"}],"version-history":[{"count":1,"href":"https:\/\/edebiyyat-az.com\/index.php?rest_route=\/wp\/v2\/posts\/30747\/revisions"}],"predecessor-version":[{"id":30748,"href":"https:\/\/edebiyyat-az.com\/index.php?rest_route=\/wp\/v2\/posts\/30747\/revisions\/30748"}],"wp:attachment":[{"href":"https:\/\/edebiyyat-az.com\/index.php?rest_route=%2Fwp%2Fv2%2Fmedia&parent=30747"}],"wp:term":[{"taxonomy":"category","embeddable":true,"href":"https:\/\/edebiyyat-az.com\/index.php?rest_route=%2Fwp%2Fv2%2Fcategories&post=30747"},{"taxonomy":"post_tag","embeddable":true,"href":"https:\/\/edebiyyat-az.com\/index.php?rest_route=%2Fwp%2Fv2%2Ftags&post=30747"}],"curies":[{"name":"wp","href":"https:\/\/api.w.org\/{rel}","templated":true}]}}