{"id":30751,"date":"2019-05-20T08:00:37","date_gmt":"2019-05-20T04:00:37","guid":{"rendered":"http:\/\/edebiyyat-az.com\/?p=30751"},"modified":"2019-05-20T11:38:12","modified_gmt":"2019-05-20T07:38:12","slug":"az%c9%99rbaycan-sairi-v%c9%99-yazicisi-%c9%99li-rza-x%c9%99l%c9%99fli","status":"publish","type":"post","link":"https:\/\/edebiyyat-az.com\/?p=30751","title":{"rendered":"Az\u0259rbaycan \u015fairi v\u0259 yaz\u0131\u00e7\u0131s\u0131 \u018fli Rza X\u018fL\u018fFL\u0130"},"content":{"rendered":"<p><a href=\"http:\/\/edebiyyat-az.com\/wp-content\/uploads\/2019\/05\/elirzaxelefli.jpg\"><img loading=\"lazy\" decoding=\"async\" src=\"http:\/\/edebiyyat-az.com\/wp-content\/uploads\/2019\/05\/elirzaxelefli-300x200.jpg\" alt=\"\" width=\"300\" height=\"200\" class=\"alignnone size-medium wp-image-30752\" srcset=\"https:\/\/edebiyyat-az.com\/wp-content\/uploads\/2019\/05\/elirzaxelefli-300x200.jpg 300w, https:\/\/edebiyyat-az.com\/wp-content\/uploads\/2019\/05\/elirzaxelefli.jpg 600w\" sizes=\"auto, (max-width: 300px) 100vw, 300px\" \/><\/a><\/p>\n<p>\u018fli Rza X\u0259l\u0259fli (\u018fzizli \u018flirza Zal o\u011flu) \u2014 Az\u0259rbaycan \u015fairi v\u0259 yaz\u0131\u00e7\u0131s\u0131, &#8220;Kredo&#8221; q\u0259zetinin ba\u015f redaktoru.<\/p>\n<p>H\u0259yat\u0131<\/p>\n<p>\u018fli Rza X\u0259l\u0259fli 1953-ci ild\u0259 C\u0259bray\u0131l rayonunun X\u0259l\u0259fli k\u0259ndind\u0259 do\u011fulmu\u015fdur. 1975-ci ild\u0259 Az\u0259rbaycan D\u00f6vl\u0259t Pedaqoji Universitetinin filologiya fakult\u0259sini f\u0259rql\u0259nm\u0259 diplomu il\u0259 bitirmi\u015f, do\u011fuldu\u011fu rayonun \u015eahv\u0259lli, Tatar v\u0259 A\u015fa\u011f\u0131 X\u0259l\u0259fli k\u0259ndl\u0259rind\u0259 m\u00fc\u0259llim i\u015fl\u0259mi\u015fdir. H\u0259min ill\u0259rd\u0259ki pedaqoji f\u0259aiyy\u0259tin\u0259 g\u00f6r\u0259 &#8220;Qabaqc\u0131l maarif xadimi&#8221; f\u0259xri ad\u0131na layiq g\u00f6r\u00fclm\u00fc\u015fd\u00fcr.<\/p>\n<p>1980-ci ill\u0259rin \u0259vv\u0259lind\u0259n m\u0259tbuatda \u00e7ali\u015fir. 1980-1993-c\u00fc ill\u0259rd\u0259 rayon q\u0259zetind\u0259 m\u00fcxt\u0259lif v\u0259zif\u0259l\u0259rd\u0259 \u00e7al\u0131\u015fd\u0131. \u201cXudaf\u0259rin\u201d, \u201cQo\u015fa qanad\u201d, \u201cQaraba\u011f\u201d v\u0259 \u201cH\u0259yat\u201d q\u0259zetl\u0259rind\u0259 x\u00fcsusi m\u00fcxbir, \u015f\u00f6b\u0259 m\u00fcxbir, \u015f\u00f6b\u0259 m\u00fcdiri v\u0259 redaktor \u0259v\u0259zi v\u0259zif\u0259l\u0259rin i\u015fl\u0259mi\u015fdir.<\/p>\n<p>\u018f.X\u0259l\u0259flinin \u0259d\u0259bi-publisistik yaz\u0131lar\u0131 v\u0259 \u015feirl\u0259ri d\u00f6vr\u00fc m\u0259tbuatda m\u00fcntazam \u00e7ap olunur.<\/p>\n<p>2002-ci ild\u0259 \u201cQ\u0131z\u0131l q\u0259l\u0259m\u201d medal\u0131 m\u00fckafat\u0131na, 2003-c\u00fc ild\u0259 \u201cM\u0259mm\u0259d Araz\u201dali \u0259d\u0259bi m\u00fckafat\u0131na, 2004-c\u00fc ild\u0259 Az\u0259rbaycan Yaz\u0131\u00e7\u0131lar Birliyi B\u0259dii \u018fd\u0259biyyat\u0131 T\u0259bliq B\u00fcrosunun \u201cQ\u0131l\u0131nc v\u0259 q\u0259l\u0259m\u201d yadda\u015f m\u00fckafat\u0131, 2008-ci ild\u0259 Beyn\u0259lxalq R\u0259sul Rza m\u00fckafat\u0131na, 2010-cu ild\u0259 \u015eahmar \u018fkb\u0259rzad\u0259 ad\u0131na Beyn\u0259lxalq \u018fd\u0259biyyat m\u00fckafat\u0131na layiq g\u00f6r\u00fclm\u00fc\u015fd\u00fcr.<\/p>\n<p>2002-ci ild\u0259 \u018fli Rza m\u00fc\u0259llim Az\u0259rbaycan Yaz\u0131\u00e7\u0131lar\u0131 v\u0259 1984-c\u00fc ild\u0259n Az\u0259rbaycan Jurnalistl\u0259r Birliyinin \u00fczv\u00fc, 1980-c\u0131 ild\u0259n Qabaqc\u0131l maarif xadimi, 2010-cu ild\u0259 is\u0259 Prezident t\u0259qa\u00fcd\u00e7\u00fcs\u00fcd\u00fcr.<\/p>\n<p>1999-ci ild\u0259n Kredo q\u0259zetinin ba\u015f redaktorudur.<\/p>\n<p>Ail\u0259lidir. \u0130ki o\u011flu, bir q\u0131z\u0131 var.<\/p>\n<p>\u018fs\u0259rl\u0259ri<\/p>\n<p>\u201cKarvan k\u00f6rp\u00fcd\u0259n ke\u00e7ir\u201d (1997),<br \/>\n\u201cBa\u015f da\u015f\u0131m\u0131n yaz\u0131lar\u0131\u201d (1998),<br \/>\n\u201cYurdun \u00f6vladlar\u0131\u201d (El\u00e7in Kamal birlikd\u0259, 2000) \u0259d\u0259bi-b\u0259dii publisistik,<br \/>\n\u201cS\u00f6z\u0259 do\u011fru\u201d (2003) \u0259d\u0259bi-t\u0259nqidi,<br \/>\n\u201cOca\u011f\u0131m\u0131n i\u015f\u0131\u011f\u0131\u201d (2001),<br \/>\n\u201cH\u0259sr\u0259t k\u00f6rp\u00fcs\u00fc\u201d (2006), m\u00fc\u0259llifi,<br \/>\n\u201cD\u00fcnyan\u0131n s\u00f6z \u00fcz\u00fc\u201d (2007),<br \/>\n\u201cAd\u0131 \u015eadiman olan\u0131n&#8230;\u201d (2009),\u0259d\u0259bi-t\u0259nqid<br \/>\n\u201cAxtala \u0259fsan\u0259si\u201d (2010),\u0259d\u0259bi-t\u0259nqid<br \/>\n&#8220;Q\u0131rm\u0131z\u0131 h\u0259qiq\u0259tl\u0259r&#8221;(2011),\u0259d\u0259bi-t\u0259nqid<br \/>\n&#8220;Od&#8221; (2012)<br \/>\n&#8220;H\u0259yat\u0131n Dastan\u0131: \u0259d\u0259bi-f\u0259ls\u0259fi d\u00fc\u015f\u00fcnc\u0259l\u0259r. Hamlet \u0130saxanl\u0131 n\u0131n &#8220;Ziyar\u0259t&#8221; poemas\u0131n\u0131n motivl\u0259ri \u0259sas\u0131nda&#8221;, &#8220;X\u0259z\u0259r Universit\u0259si N\u0259\u015friyyat\u0131&#8221; (2012)<br \/>\nRedaktoru v\u0259 t\u0259rtib\u00e7i m\u00fc\u0259llifi oldu\u011fu kitablar<br \/>\n\u201cM\u0259n\u0259viyyat\u0131n ekologiyas\u0131\u201d (2005)<br \/>\n\u201cF\u0259nay\u0259nin suallar\u0131\u201d (2006)<br \/>\n\u201cYana-yana qa\u015fadim\u201d (2006),<br \/>\n\u201cKoro\u011flu hoydu d\u0259lil\u0259rim, hoydu\u201d (\u015fair \u0130slam Sad\u0131qla birlikd\u0259, (2006)<br \/>\n\u201cYa\u011f\u0131\u015f damlas\u0131yam\u201d (2007)<br \/>\n\u201cZal a\u011fac\u0131\u201d (2007)<\/p>\n<p>Xarici ke\u00e7idl\u0259r<\/p>\n<p>D\u00fcnyaya, insana, tanr\u0131ya sevginin qayna\u011f\u0131 \u2013 \u018fli Rza X\u0259l\u0259fli poeziyas\u0131<br \/>\nAz\u0259rbaycan Yaz\u0131\u00e7\u0131lar Birliyi. \u018fli Rza X\u0259l\u0259fli \u2013 60<br \/>\n\u00c7a\u011fda\u015f \u0259d\u0259biyyat c\u0259fake\u015fi &#8211; \u018fli Rza X\u0259l\u0259fli<br \/>\n&#8220;Qaraba\u011f d\u00fcn\u0259n, bu g\u00fcn v\u0259 sabah&#8221; 5-ci elmi-\u0259m\u0259li konfrans\u0131n\u0131n MATER\u0130ALLARI (2006-c\u0131 il). M\u0259rziyy\u0259 N\u0259c\u0259fova &#8211; V\u0259t\u0259n ruhuna hakim k\u0259sil\u0259n \u015ferl\u0259r<\/p>\n","protected":false},"excerpt":{"rendered":"<p>\u018fli Rza X\u0259l\u0259fli (\u018fzizli \u018flirza Zal o\u011flu) \u2014 Az\u0259rbaycan \u015fairi v\u0259 yaz\u0131\u00e7\u0131s\u0131, &#8220;Kredo&#8221; q\u0259zetinin ba\u015f redaktoru. H\u0259yat\u0131 \u018fli Rza X\u0259l\u0259fli 1953-ci ild\u0259 C\u0259bray\u0131l rayonunun X\u0259l\u0259fli k\u0259ndind\u0259 do\u011fulmu\u015fdur. 1975-ci ild\u0259 Az\u0259rbaycan D\u00f6vl\u0259t Pedaqoji Universitetinin filologiya fakult\u0259sini f\u0259rql\u0259nm\u0259 diplomu il\u0259 bitirmi\u015f, do\u011fuldu\u011fu rayonun \u015eahv\u0259lli, Tatar v\u0259 A\u015fa\u011f\u0131 X\u0259l\u0259fli k\u0259ndl\u0259rind\u0259 m\u00fc\u0259llim i\u015fl\u0259mi\u015fdir. H\u0259min ill\u0259rd\u0259ki pedaqoji f\u0259aiyy\u0259tin\u0259 g\u00f6r\u0259 &#8220;Qabaqc\u0131l [&hellip;]<\/p>\n","protected":false},"author":2,"featured_media":0,"comment_status":"open","ping_status":"open","sticky":false,"template":"","format":"standard","meta":{"footnotes":""},"categories":[4],"tags":[],"class_list":["post-30751","post","type-post","status-publish","format-standard","hentry","category-edeb"],"_links":{"self":[{"href":"https:\/\/edebiyyat-az.com\/index.php?rest_route=\/wp\/v2\/posts\/30751","targetHints":{"allow":["GET"]}}],"collection":[{"href":"https:\/\/edebiyyat-az.com\/index.php?rest_route=\/wp\/v2\/posts"}],"about":[{"href":"https:\/\/edebiyyat-az.com\/index.php?rest_route=\/wp\/v2\/types\/post"}],"author":[{"embeddable":true,"href":"https:\/\/edebiyyat-az.com\/index.php?rest_route=\/wp\/v2\/users\/2"}],"replies":[{"embeddable":true,"href":"https:\/\/edebiyyat-az.com\/index.php?rest_route=%2Fwp%2Fv2%2Fcomments&post=30751"}],"version-history":[{"count":1,"href":"https:\/\/edebiyyat-az.com\/index.php?rest_route=\/wp\/v2\/posts\/30751\/revisions"}],"predecessor-version":[{"id":30753,"href":"https:\/\/edebiyyat-az.com\/index.php?rest_route=\/wp\/v2\/posts\/30751\/revisions\/30753"}],"wp:attachment":[{"href":"https:\/\/edebiyyat-az.com\/index.php?rest_route=%2Fwp%2Fv2%2Fmedia&parent=30751"}],"wp:term":[{"taxonomy":"category","embeddable":true,"href":"https:\/\/edebiyyat-az.com\/index.php?rest_route=%2Fwp%2Fv2%2Fcategories&post=30751"},{"taxonomy":"post_tag","embeddable":true,"href":"https:\/\/edebiyyat-az.com\/index.php?rest_route=%2Fwp%2Fv2%2Ftags&post=30751"}],"curies":[{"name":"wp","href":"https:\/\/api.w.org\/{rel}","templated":true}]}}