{"id":30754,"date":"2019-05-21T10:00:28","date_gmt":"2019-05-21T06:00:28","guid":{"rendered":"http:\/\/edebiyyat-az.com\/?p=30754"},"modified":"2019-05-21T10:44:48","modified_gmt":"2019-05-21T06:44:48","slug":"horm%c9%99tli-q%c9%99l%c9%99m-dostlarimiz-d%c9%99y%c9%99rli-poeziyasev%c9%99rl%c9%99r","status":"publish","type":"post","link":"https:\/\/edebiyyat-az.com\/?p=30754","title":{"rendered":"H\u00f6rm\u0259tli q\u0259l\u0259m dostlar\u0131m\u0131z, d\u0259y\u0259rli poeziyasev\u0259rl\u0259r!"},"content":{"rendered":"<p><img decoding=\"async\" src=\"https:\/\/b.radikal.ru\/b04\/1905\/ef\/750ec2dc1821.jpg\" alt=\"https:\/\/b.radikal.ru\/b04\/1905\/ef\/750ec2dc1821.jpg\" \/><\/p>\n<p><img decoding=\"async\" src=\"https:\/\/a.radikal.ru\/a32\/1905\/4d\/a251cb6bc6d6.jpg\" alt=\"https:\/\/a.radikal.ru\/a32\/1905\/4d\/a251cb6bc6d6.jpghttps:\/\/a.radikal.ru\/a32\/1905\/4d\/a251cb6bc6d6.jpg\" \/><\/p>\n<p>Sizi 25 may 2019-cu il tarixind\u0259 (\u015f\u0259nb\u0259 g\u00fcn\u00fc) saat 12:00-da Az\u0259rbaycan Jurnalistl\u0259r Birliyinin \u00fczv\u00fc, &#8220;M\u0259rh\u0259m\u0259t El\u00e7isi&#8221; jurnal\u0131n\u0131n ba\u015f redaktoru, &#8220;&#8221;K\u0259r\u0259mi&#8221;ni \u00e7alma, qarda\u015f&#8221;, &#8220;D\u0259fn olunan ni\u015fan \u00fcz\u00fckl\u0259ri&#8221;, &#8220;Taxt\u0131m-tac\u0131m, qara b\u0259xtim Qaraba\u011f\u0131m&#8221;, &#8220;V\u0259t\u0259nsiz ke\u00e7\u0259n \u00f6m\u00fcr&#8221;, &#8220;D\u0259rdimi, q\u0259mimi s\u0259n\u0259 dan\u0131\u015f\u0131m&#8221;, &#8220;M\u0259nim q\u0259m d\u00fcnyam&#8221; kitablar\u0131n\u0131n m\u00fc\u0259llifi, \u015fair, publisist Nizami Kolanl\u0131n\u0131n yenic\u0259 i\u015f\u0131q \u00fcz\u00fc g\u00f6rm\u00fc\u015f &#8220;\u00d6MR\u00dcN PAYIZ F\u018fSL\u0130&#8221; kitab\u0131n\u0131n t\u0259qdimat m\u0259rasimin\u0259 d\u0259v\u0259t edirik.<\/p>\n<p>T\u0259dbir Sumqay\u0131t \u015f\u0259h\u0259rind\u0259ki Heyd\u0259r park\u0131nda yerl\u0259\u015f\u0259n &#8220;Poeziya evi&#8221;nd\u0259 ke\u00e7iril\u0259c\u0259k.<\/p>\n<p>R\u0259smi informasiya d\u0259st\u0259yi: http:\/\/edebiyyat-az.com v\u0259 <\/p>\n<p>http:\/\/gundelik.info<\/p>\n<p>T\u0259\u015fkilat\u0131 d\u0259st\u0259k: Az\u0259rbaycan Jurnalistl\u0259r Birliyi Sumqay\u0131t \u015f\u0259h\u0259r t\u0259\u015fkilat\u0131.<\/p>\n<p>\u0130nformasiya d\u0259st\u0259yi: &#8220;M\u0259rh\u0259m\u0259t el\u00e7isi&#8221; jurnal\u0131<\/p>\n","protected":false},"excerpt":{"rendered":"<p>Sizi 25 may 2019-cu il tarixind\u0259 (\u015f\u0259nb\u0259 g\u00fcn\u00fc) saat 12:00-da Az\u0259rbaycan Jurnalistl\u0259r Birliyinin \u00fczv\u00fc, &#8220;M\u0259rh\u0259m\u0259t El\u00e7isi&#8221; jurnal\u0131n\u0131n ba\u015f redaktoru, &#8220;&#8221;K\u0259r\u0259mi&#8221;ni \u00e7alma, qarda\u015f&#8221;, &#8220;D\u0259fn olunan ni\u015fan \u00fcz\u00fckl\u0259ri&#8221;, &#8220;Taxt\u0131m-tac\u0131m, qara b\u0259xtim Qaraba\u011f\u0131m&#8221;, &#8220;V\u0259t\u0259nsiz ke\u00e7\u0259n \u00f6m\u00fcr&#8221;, &#8220;D\u0259rdimi, q\u0259mimi s\u0259n\u0259 dan\u0131\u015f\u0131m&#8221;, &#8220;M\u0259nim q\u0259m d\u00fcnyam&#8221; kitablar\u0131n\u0131n m\u00fc\u0259llifi, \u015fair, publisist Nizami Kolanl\u0131n\u0131n yenic\u0259 i\u015f\u0131q \u00fcz\u00fc g\u00f6rm\u00fc\u015f &#8220;\u00d6MR\u00dcN PAYIZ F\u018fSL\u0130&#8221; kitab\u0131n\u0131n t\u0259qdimat [&hellip;]<\/p>\n","protected":false},"author":2,"featured_media":0,"comment_status":"open","ping_status":"open","sticky":false,"template":"","format":"standard","meta":{"footnotes":""},"categories":[40],"tags":[],"class_list":["post-30754","post","type-post","status-publish","format-standard","hentry","category-ajbsumqayit"],"_links":{"self":[{"href":"https:\/\/edebiyyat-az.com\/index.php?rest_route=\/wp\/v2\/posts\/30754","targetHints":{"allow":["GET"]}}],"collection":[{"href":"https:\/\/edebiyyat-az.com\/index.php?rest_route=\/wp\/v2\/posts"}],"about":[{"href":"https:\/\/edebiyyat-az.com\/index.php?rest_route=\/wp\/v2\/types\/post"}],"author":[{"embeddable":true,"href":"https:\/\/edebiyyat-az.com\/index.php?rest_route=\/wp\/v2\/users\/2"}],"replies":[{"embeddable":true,"href":"https:\/\/edebiyyat-az.com\/index.php?rest_route=%2Fwp%2Fv2%2Fcomments&post=30754"}],"version-history":[{"count":1,"href":"https:\/\/edebiyyat-az.com\/index.php?rest_route=\/wp\/v2\/posts\/30754\/revisions"}],"predecessor-version":[{"id":30756,"href":"https:\/\/edebiyyat-az.com\/index.php?rest_route=\/wp\/v2\/posts\/30754\/revisions\/30756"}],"wp:attachment":[{"href":"https:\/\/edebiyyat-az.com\/index.php?rest_route=%2Fwp%2Fv2%2Fmedia&parent=30754"}],"wp:term":[{"taxonomy":"category","embeddable":true,"href":"https:\/\/edebiyyat-az.com\/index.php?rest_route=%2Fwp%2Fv2%2Fcategories&post=30754"},{"taxonomy":"post_tag","embeddable":true,"href":"https:\/\/edebiyyat-az.com\/index.php?rest_route=%2Fwp%2Fv2%2Ftags&post=30754"}],"curies":[{"name":"wp","href":"https:\/\/api.w.org\/{rel}","templated":true}]}}