{"id":30758,"date":"2019-05-22T08:00:10","date_gmt":"2019-05-22T04:00:10","guid":{"rendered":"http:\/\/edebiyyat-az.com\/?p=30758"},"modified":"2019-05-23T10:17:24","modified_gmt":"2019-05-23T06:17:24","slug":"%c9%99ziz-musa-yeni-seirl%c9%99r-58","status":"publish","type":"post","link":"https:\/\/edebiyyat-az.com\/?p=30758","title":{"rendered":"\u018fziz MUSA.Yeni \u015feirl\u0259r"},"content":{"rendered":"<p><a href=\"http:\/\/edebiyyat-az.com\/wp-content\/uploads\/2015\/07\/em.jpg\"><img loading=\"lazy\" decoding=\"async\" src=\"http:\/\/edebiyyat-az.com\/wp-content\/uploads\/2015\/07\/em.jpg\" alt=\"em\" width=\"220\" height=\"257\" class=\"alignnone size-full wp-image-13434\" \/><\/a><\/p>\n<p><strong>Az\u0259rbaycan Yaz\u0131\u00e7\u0131lar v\u0259 Jurnalistl\u0259r Birlikl\u0259rinin \u00fczv\u00fc,<br \/>\n\u201c\u0130lham \u00e7e\u015fm\u0259si\u201d q\u0259zetinin t\u0259sis\u00e7isi v\u0259 ba\u015f redaktoru,<br \/>\nAz\u0259rbaycan Respublikas\u0131 Prezidentinin T\u0259qa\u00fcd Fondunun t\u0259qa\u00fcd\u00e7\u00fcs\u00fc<\/strong><\/p>\n<p>BACIM ROZANIN XAT\u0130R\u018fS\u0130N\u018f<\/p>\n<p>Son d\u0259f\u0259 boyland\u0131n, baxd\u0131n \u00fcz\u00fcm\u0259,<br \/>\nDilin s\u00f6z tutmad\u0131, g\u00f6z ya\u015f\u0131n axd\u0131,<br \/>\nBir cavab verm\u0259d\u0130n m\u0259nim s\u00f6z\u00fcm\u0259,<br \/>\nEl\u0259 bil ba\u015f\u0131mda \u015fim\u015f\u0259kl\u0259r \u00e7axd\u0131.<\/p>\n<p>M\u0259ni h\u0259sr\u0259t qoydun \u015firin s\u0259sin\u0259,<br \/>\nSusdu bir d\u0259f\u0259lik can dey\u0259n dilin.<br \/>\nBaxa -baxa qald\u0131m ay bac\u0131 s\u0259n\u0259,<br \/>\n\u018flimin i\u00e7ind\u0259 soyudu \u0259lin.<\/p>\n<p>D\u0259ym\u0259z tay \u00fcz\u00fcm\u0259 odlu n\u0259f\u0259sin,<br \/>\nBoynumu bir daha qucaqlamazsan,<br \/>\nG\u0259lm\u0259z qula\u011f\u0131ma mehriban s\u0259sin,<br \/>\nM\u0259ni q\u0259mli g\u00f6r\u00fcb s\u0259n a\u011flamazsan.<\/p>\n<p>Haraya bax\u0131ram g\u00f6r\u00fcr\u0259m s\u0259ni,<br \/>\nBir anda \u00e7\u0131xm\u0131rs\u0131n s\u0259n x\u0259yal\u0131mdan,<br \/>\nQoydun bu d\u00fcnyada g\u00f6z ya\u015fl\u0131 m\u0259ni,<br \/>\nNiy\u0259 tez apard\u0131 s\u0259ni Yaradan?<\/p>\n<p>Ald\u0131 qanad\u0131na m\u0259l\u0259kl\u0259r s\u0259ni,<br \/>\n\u00dcz\u00fcn\u0259 a\u00e7\u0131ld\u0131 c\u0259nn\u0259t qap\u0131s\u0131,<br \/>\nBu gedi\u015f a\u011flatd\u0131, s\u0131zlatd\u0131 m\u0259ni,<br \/>\nK\u00f6\u00e7d\u00fc bac\u0131lar\u0131n vallah yax\u015f\u0131s\u0131.<\/p>\n<p>M\u00dc\u018fLL\u0130M<\/p>\n<p>Sevimli m\u00fc\u0259llim, m\u00fcq\u0259dd\u0259s insan,<br \/>\nH\u0259r yerd\u0259 \u0259zizdi, ucad\u0131r ad\u0131n,<br \/>\nS\u0259ns\u0259n bir \u015fam kimi al\u0131\u015f\u0131b yanan,<br \/>\nQay\u011f\u0131lar i\u00e7ind\u0259 ke\u00e7ir h\u0259yat\u0131n.<\/p>\n<p>Bizl\u0259r\u0259 h\u0259sr etdin nurlu \u00f6mr\u00fcn\u00fc,<br \/>\nV\u0259t\u0259n sevgisind\u0259n d\u0259rs ke\u00e7din biz\u0259.<br \/>\nSevdirdin nur sa\u00e7an o ay\u0131, g\u00fcn\u00fc,<br \/>\nS\u0259ad\u0259t g\u0259tirdin s\u0259n \u00f6mr\u00fcm\u00fcz\u0259.<\/p>\n<p>Dahil\u0259r, \u015fairl\u0259r s\u0259nd\u0259n d\u0259rs al\u0131b,<br \/>\nH\u0259r u\u011fur ad\u0131nla ba\u011fl\u0131d\u0131r s\u0259nin,<br \/>\nS\u0259nd\u0259n \u00f6yr\u0259n\u0259nl\u0259r qalx\u0131b, ucal\u0131b,<br \/>\nG\u00fcc\u00fc, q\u00fcvv\u0259tis\u0259n do\u011fma v\u0259t\u0259nin.<\/p>\n<p>S\u0259n biz\u0259 g\u00f6st\u0259rdin nurlu s\u0259h\u0259ri,<br \/>\nTutub \u0259limizd\u0259n yol a\u00e7d\u0131n biz\u0259.<br \/>\nG\u00fcl a\u00e7\u0131r q\u0259lbinin bar\u0131, b\u0259h\u0259ri,<br \/>\nH\u0259yatda h\u0259r zaman borcluyuq siz\u0259.<\/p>\n<p>\u015eanl\u0131- z\u00f6hr\u0259tlis\u0259n \u0259ziz m\u00fc\u0259llim,<br \/>\nS\u0259nin varl\u0131\u011f\u0131nla \u00f6y\u00fcn\u00fcr\u00fck biz,<br \/>\nH\u0259r zaman qar\u015f\u0131nda ba\u015f \u0259yir elim,<br \/>\nS\u0259ninl\u0259 f\u0259xr edir do\u011fma \u00f6lk\u0259miz.<\/p>\n","protected":false},"excerpt":{"rendered":"<p>Az\u0259rbaycan Yaz\u0131\u00e7\u0131lar v\u0259 Jurnalistl\u0259r Birlikl\u0259rinin \u00fczv\u00fc, \u201c\u0130lham \u00e7e\u015fm\u0259si\u201d q\u0259zetinin t\u0259sis\u00e7isi v\u0259 ba\u015f redaktoru, Az\u0259rbaycan Respublikas\u0131 Prezidentinin T\u0259qa\u00fcd Fondunun t\u0259qa\u00fcd\u00e7\u00fcs\u00fc BACIM ROZANIN XAT\u0130R\u018fS\u0130N\u018f Son d\u0259f\u0259 boyland\u0131n, baxd\u0131n \u00fcz\u00fcm\u0259, Dilin s\u00f6z tutmad\u0131, g\u00f6z ya\u015f\u0131n axd\u0131, Bir cavab verm\u0259d\u0130n m\u0259nim s\u00f6z\u00fcm\u0259, El\u0259 bil ba\u015f\u0131mda \u015fim\u015f\u0259kl\u0259r \u00e7axd\u0131. M\u0259ni h\u0259sr\u0259t qoydun \u015firin s\u0259sin\u0259, Susdu bir d\u0259f\u0259lik can dey\u0259n dilin. Baxa [&hellip;]<\/p>\n","protected":false},"author":2,"featured_media":0,"comment_status":"open","ping_status":"open","sticky":false,"template":"","format":"standard","meta":{"footnotes":""},"categories":[4],"tags":[],"class_list":["post-30758","post","type-post","status-publish","format-standard","hentry","category-edeb"],"_links":{"self":[{"href":"https:\/\/edebiyyat-az.com\/index.php?rest_route=\/wp\/v2\/posts\/30758","targetHints":{"allow":["GET"]}}],"collection":[{"href":"https:\/\/edebiyyat-az.com\/index.php?rest_route=\/wp\/v2\/posts"}],"about":[{"href":"https:\/\/edebiyyat-az.com\/index.php?rest_route=\/wp\/v2\/types\/post"}],"author":[{"embeddable":true,"href":"https:\/\/edebiyyat-az.com\/index.php?rest_route=\/wp\/v2\/users\/2"}],"replies":[{"embeddable":true,"href":"https:\/\/edebiyyat-az.com\/index.php?rest_route=%2Fwp%2Fv2%2Fcomments&post=30758"}],"version-history":[{"count":1,"href":"https:\/\/edebiyyat-az.com\/index.php?rest_route=\/wp\/v2\/posts\/30758\/revisions"}],"predecessor-version":[{"id":30762,"href":"https:\/\/edebiyyat-az.com\/index.php?rest_route=\/wp\/v2\/posts\/30758\/revisions\/30762"}],"wp:attachment":[{"href":"https:\/\/edebiyyat-az.com\/index.php?rest_route=%2Fwp%2Fv2%2Fmedia&parent=30758"}],"wp:term":[{"taxonomy":"category","embeddable":true,"href":"https:\/\/edebiyyat-az.com\/index.php?rest_route=%2Fwp%2Fv2%2Fcategories&post=30758"},{"taxonomy":"post_tag","embeddable":true,"href":"https:\/\/edebiyyat-az.com\/index.php?rest_route=%2Fwp%2Fv2%2Ftags&post=30758"}],"curies":[{"name":"wp","href":"https:\/\/api.w.org\/{rel}","templated":true}]}}