{"id":31745,"date":"2019-07-30T01:00:57","date_gmt":"2019-07-29T21:00:57","guid":{"rendered":"http:\/\/edebiyyat-az.com\/?p=31745"},"modified":"2019-07-30T08:58:31","modified_gmt":"2019-07-30T04:58:31","slug":"kardelenden-haberler","status":"publish","type":"post","link":"https:\/\/edebiyyat-az.com\/?p=31745","title":{"rendered":"Kardelenden haberler"},"content":{"rendered":"<p><a href=\"http:\/\/edebiyyat-az.com\/wp-content\/uploads\/2019\/07\/67336611_504009547018561_8716738472007696384_n.jpg\"><img loading=\"lazy\" decoding=\"async\" src=\"http:\/\/edebiyyat-az.com\/wp-content\/uploads\/2019\/07\/67336611_504009547018561_8716738472007696384_n-214x300.jpg\" alt=\"\" width=\"214\" height=\"300\" class=\"alignnone size-medium wp-image-31715\" \/><\/a><\/p>\n<p>B\u0130LEC\u0130KL\u0130 YAZAR ve \u015eA\u0130RLER BULU\u015eMASI<\/p>\n<p>Pazaryeri Halk E\u011fitim Merkezi taraf\u0131ndan d\u00fczenlenen Bilecikli yazarlar, \u015fairler, gazeteciler, radyo ve televizyoncular bulu\u015fmas\u0131na dergimiz sahibi Ali Erdal ile edit\u00f6r\u00fc Kadir Bayrak kat\u0131ld\u0131. Bilecik\u2019in Pazaryeri il\u00e7esindeki etkinlikte, Ali Erdal da bir konu\u015fma yapt\u0131.<\/p>\n<p>Bilecikli yazarlar\u0131 bir araya getirerek tan\u0131\u015fmalar\u0131n\u0131 ve kayna\u015ft\u0131rmak amac\u0131yla d\u00fczenlenen etkinlikte Kardelen dergisinin yan\u0131 s\u0131ra Ali Erdal\u2019\u0131n kitaplar\u0131 da sergilendi. Kat\u0131l\u0131mc\u0131lara te\u015fekk\u00fcr belgelerinin verilmesi ile etkinlik sona erdi. <\/p>\n<p>ULUSLARASI DERG\u0130 FUARI\u2019NA KATILDIK<\/p>\n<p>Ge\u00e7ti\u011fimiz Nisan ay\u0131nda 100.\u00f6zel say\u0131s\u0131 \u00e7\u0131kan Kardelen Dergisi, T\u00fcrkiye Dergiler Birli\u011fi (T\u00dcRDEB) taraf\u0131ndan d\u00fczenlenen 10.Uluslaras\u0131 Dergi Fuar\u0131\u2019na kat\u0131ld\u0131.<\/p>\n<p>Bu y\u0131l, 25-28 Nisan tarihleri aras\u0131nda \u0130stanbul Ey\u00fcpsultan\u2019da d\u00fczenlenen fuar\u0131, 100 binin \u00fczerinde okur ziyaret etti. Fuara yakla\u015f\u0131k 250\u2019ye yak\u0131n dergi kat\u0131ld\u0131.<\/p>\n<p>Fuar\u0131n a\u00e7\u0131l\u0131\u015f g\u00fcn\u00fcnde Meclis Ba\u015fkan\u0131 Mustafa \u015eentop, Gen\u00e7lik ve Spor Bakan\u0131 Mehmet Kasapo\u011flu ile Eski\u015fehir Milletvekili Nabi Avc\u0131 da fuar\u0131 ziyaret etti.<\/p>\n<p>Kardelen Dergisi edit\u00f6r\u00fc ile yazarlar\u0131n\u0131n kat\u0131ld\u0131\u011f\u0131 dergi fuar\u0131nda Kardelen stand\u0131n\u0131n ziyaret\u00e7ileri aras\u0131nda Yeni\u015fafak Gazetesi yazar\u0131 \u0130smail K\u0131l\u0131\u00e7arslan ile Aile ve Sosyal Politikalar eski bakan\u0131 Sema Ramazano\u011flu da vard\u0131.<\/p>\n<p>Fuar kapsam\u0131nda Kardelen Dergisi\u2019nin stand\u0131n\u0131 ziyaret eden okurlara derginin son \u00e7\u0131kan say\u0131lar\u0131ndan hediyeler verildi. <\/p>\n<p>22. Kardelen TOPLANTISI<\/p>\n<p>Kardelen\u2019in yay\u0131n periyoduna g\u00f6re yap\u0131lan yazarlar toplant\u0131s\u0131 4 May\u0131s 2019 tarihinde Bilecik\u2019te yap\u0131ld\u0131. Burada ekolle\u015fmesi \u00fczerine bir konu\u015fma yapan dergi sahibi Ali Erdal; derginin bir fikir mektebi oldu\u011funu ve dergilerin tezi olmas\u0131 gerekti\u011fini ifade ettikten sonra, \u201cKardelen, b\u00fct\u00fcn\u00fcyle, c\u00fcmle halinde s\u00f6ylemese de bir tez ortaya koyuyor. Bir tane tez vard\u0131r zaten: \u201cAllah vard\u0131r\u201d. Bunun d\u0131\u015f\u0131nda b\u00fct\u00fcn tezler, ona nispetle tezdir.\u201d diye konu\u015ftu.<\/p>\n<p>Dergi Fuar\u0131 ile derginin 100.say\u0131s\u0131n\u0131n de\u011ferlendirmelerinin yap\u0131ld\u0131\u011f\u0131 toplant\u0131da, 101.say\u0131ya dair fikirler de isti\u015fare edildi. Bir sonraki toplant\u0131n\u0131n, Altan ATAN\u2019\u0131n d\u00e2veti \u00fczerine 13 Temmuz\u2019da Konya\u2019da yap\u0131lmas\u0131 karar\u0131 al\u0131narak toplant\u0131 sonland\u0131r\u0131ld\u0131.<\/p>\n<p><strong>Kaynak: http:\/\/kardelendergisi.com<\/strong><\/p>\n","protected":false},"excerpt":{"rendered":"<p>B\u0130LEC\u0130KL\u0130 YAZAR ve \u015eA\u0130RLER BULU\u015eMASI Pazaryeri Halk E\u011fitim Merkezi taraf\u0131ndan d\u00fczenlenen Bilecikli yazarlar, \u015fairler, gazeteciler, radyo ve televizyoncular bulu\u015fmas\u0131na dergimiz sahibi Ali Erdal ile edit\u00f6r\u00fc Kadir Bayrak kat\u0131ld\u0131. Bilecik\u2019in Pazaryeri il\u00e7esindeki etkinlikte, Ali Erdal da bir konu\u015fma yapt\u0131. Bilecikli yazarlar\u0131 bir araya getirerek tan\u0131\u015fmalar\u0131n\u0131 ve kayna\u015ft\u0131rmak amac\u0131yla d\u00fczenlenen etkinlikte Kardelen dergisinin yan\u0131 s\u0131ra Ali Erdal\u2019\u0131n [&hellip;]<\/p>\n","protected":false},"author":2,"featured_media":0,"comment_status":"open","ping_status":"open","sticky":false,"template":"","format":"standard","meta":{"footnotes":""},"categories":[42],"tags":[],"class_list":["post-31745","post","type-post","status-publish","format-standard","hentry","category-kardelendergisi"],"_links":{"self":[{"href":"https:\/\/edebiyyat-az.com\/index.php?rest_route=\/wp\/v2\/posts\/31745","targetHints":{"allow":["GET"]}}],"collection":[{"href":"https:\/\/edebiyyat-az.com\/index.php?rest_route=\/wp\/v2\/posts"}],"about":[{"href":"https:\/\/edebiyyat-az.com\/index.php?rest_route=\/wp\/v2\/types\/post"}],"author":[{"embeddable":true,"href":"https:\/\/edebiyyat-az.com\/index.php?rest_route=\/wp\/v2\/users\/2"}],"replies":[{"embeddable":true,"href":"https:\/\/edebiyyat-az.com\/index.php?rest_route=%2Fwp%2Fv2%2Fcomments&post=31745"}],"version-history":[{"count":2,"href":"https:\/\/edebiyyat-az.com\/index.php?rest_route=\/wp\/v2\/posts\/31745\/revisions"}],"predecessor-version":[{"id":31754,"href":"https:\/\/edebiyyat-az.com\/index.php?rest_route=\/wp\/v2\/posts\/31745\/revisions\/31754"}],"wp:attachment":[{"href":"https:\/\/edebiyyat-az.com\/index.php?rest_route=%2Fwp%2Fv2%2Fmedia&parent=31745"}],"wp:term":[{"taxonomy":"category","embeddable":true,"href":"https:\/\/edebiyyat-az.com\/index.php?rest_route=%2Fwp%2Fv2%2Fcategories&post=31745"},{"taxonomy":"post_tag","embeddable":true,"href":"https:\/\/edebiyyat-az.com\/index.php?rest_route=%2Fwp%2Fv2%2Ftags&post=31745"}],"curies":[{"name":"wp","href":"https:\/\/api.w.org\/{rel}","templated":true}]}}