{"id":31746,"date":"2019-07-30T02:00:11","date_gmt":"2019-07-29T22:00:11","guid":{"rendered":"http:\/\/edebiyyat-az.com\/?p=31746"},"modified":"2019-07-30T08:58:56","modified_gmt":"2019-07-30T04:58:56","slug":"kardelen-toplantisindaki-konusma","status":"publish","type":"post","link":"https:\/\/edebiyyat-az.com\/?p=31746","title":{"rendered":"Kardelen toplant\u0131s\u0131ndaki konu\u015fma"},"content":{"rendered":"<p><a href=\"http:\/\/edebiyyat-az.com\/wp-content\/uploads\/2019\/07\/67336611_504009547018561_8716738472007696384_n.jpg\"><img loading=\"lazy\" decoding=\"async\" src=\"http:\/\/edebiyyat-az.com\/wp-content\/uploads\/2019\/07\/67336611_504009547018561_8716738472007696384_n-214x300.jpg\" alt=\"\" width=\"214\" height=\"300\" class=\"alignnone size-medium wp-image-31715\" \/><\/a><\/p>\n<p>Ali ERDAL:<\/p>\n<p>Dergi bir fikir mektebidir. Bir defa, derginin bir tezi olmas\u0131 l\u00e2z\u0131m. E\u011fer siz, \u00fc\u00e7 be\u015f gen\u00e7 bir araya gelmi\u015f, t\u0131rnak i\u00e7inde s\u00f6yl\u00fcyorum \u201chi\u00e7 olmazsa kendi yazd\u0131\u011f\u0131m\u0131z yaz\u0131lar\u0131 yay\u0131nlar\u0131z\u201d demi\u015fseniz, o derginin \u00f6l\u00fcm\u00fcn\u00fc i\u015fin ba\u015f\u0131nda kabul etmi\u015fsiniz demektir. \u0130\u015fin ba\u015f\u0131nda \u00f6yle bir tez ortaya koymal\u0131s\u0131n\u0131z ki o teziniz i\u015fi s\u00fcr\u00fcklesin. Kardelen, bu i\u015fi, \u201cfikrin de\u011ferini bilenlere\u201d olarak yapt\u0131 ve i\u015fin ba\u015f\u0131nda bunu s\u00f6yledi. Bug\u00fcn \u00e7\u0131kan dergilerin bir k\u0131sm\u0131 bir macerac\u0131l\u0131k \u00fczerine, i\u015fin zorluklar\u0131n\u0131 bilmeyenlerin maceraya at\u0131lmas\u0131 \u015feklinde. H\u00e2lbuki biz i\u015fin ba\u015f\u0131nda tehlikeleri bilmemenin verdi\u011fi cesaretle ortaya at\u0131lan macerac\u0131lar de\u011filiz dedik ve bir tez ortaya koyduk: Dedik ki fikir olmadan hi\u00e7bir \u015fey olmaz. Dergi bir de kendisine bir okuyucu s\u0131n\u0131f\u0131 tespit etti. Siz g\u00fczel sanatlar \u00fczerine bir dergi \u00e7\u0131kar\u0131yorsan\u0131z okuyucu kitlesi bellidir, g\u00fczel sanatlardan anlayanlara, merak duyanlara hitap edeceksiniz. Yay\u0131n\u0131n\u0131z ona g\u00f6re olacak. Mesel\u00e2, devlet demir yollar\u0131n\u0131n \u00e7\u0131kard\u0131\u011f\u0131 bir dergi vard\u0131, onun da ad\u0131 Kardelendi. Biz bunu fikrin de\u011ferini bilenlere diyerek her kesimde, cemiyetin b\u00fct\u00fcn\u00fcnde olabilecek bir toplulu\u011fa hitap ettik. Ben, dedi, fikrin de\u011ferini bilenlere hitap ediyorum. Burada bir de \u015fu var. E\u011fer siz Kardelen\u2019e itibar etmiyorsan\u0131z, fikrin de\u011ferini bilmiyorsunuz demektir. \u0130\u015fin ba\u015f\u0131nda kendisine al\u00e2ka duymayanlar\u0131 bir yere yerle\u015ftirdi, kendisine al\u00e2ka duyanlar\u0131 bir yere yerle\u015ftirdi. Al\u00e2ka duymuyorsa, gam de\u011fil arkada\u015f. Evet biz senden mahrum kal\u0131yoruz ama sen de fikrin de\u011ferini bilenlerden mahrum kal\u0131yorsun, demi\u015f oldu.<\/p>\n<p>\u015eimdi dergi fuarlar\u0131nda sergiler a\u00e7\u0131l\u0131yor. Dergiler konuluyor, ba\u015f\u0131nda dilenci gibi bekleniliyor. Gelenlerin g\u00f6z\u00fcn\u00fcn i\u00e7ine bak\u0131l\u0131yor. H\u00e2lbuki orada dergi fikrini ortaya koymal\u0131, tezini ortaya koymal\u0131. \u0130\u015fte bunun i\u00e7in her dergi fuar\u0131na gidi\u015fte bir video haz\u0131rlamay\u0131, o videoyu orada g\u00f6stermeyi, al\u00e2ka duymasalar bile, g\u00f6rmeseler bile\u2026 Mesel\u00e2 ne diyor \u201cOsmanl\u0131\u2019n\u0131n do\u011fdu\u011fu topraklardan\u201d, \u00e7\u0131k\u0131\u015f\u0131m\u0131za bir zemin koyuyoruz biz, karde\u015fim Bilecik\u2019ten \u00e7\u0131km\u0131\u015fs\u0131n\u0131z, k\u00fc\u00e7\u00fck bir yerden, ne olacak. Biz ne diyoruz; \u201cOsmanl\u0131\u2019n\u0131n do\u011fdu\u011fu topraklardan\u2026\u201d \u201cBir kere daha\u2026\u201d Yani \u00e7\u0131k\u0131\u015f\u0131m\u0131za bir me\u015fruiyet kazand\u0131r\u0131yoruz. Bir fuara kat\u0131ld\u0131m. Hi\u00e7bir derginin ne tez olarak ortaya koydu\u011funu ne de okuyucu kitlesi olarak \u015fuur sahibi oldu\u011funu g\u00f6rd\u00fcm. Yani dergiler imdat diye sesleniyorlar ama \u00f6nce kendilerinin ne olduklar\u0131, ne olmalar\u0131 gerekti\u011fi, cemiyetle m\u00fcnasebetlerinin ne oldu\u011fu konusunda bir fikir, idrak sahibi de\u011filler. O zaman ne oluyor 3 say\u0131 5 say\u0131 \u00e7\u0131k\u0131yor, ilk \u00e7\u0131karma heyecan\u0131 kaybolunca, dergi de, \u00e7\u0131k\u0131\u015f beyannamesinde Kardelen\u2019in s\u00f6yledi\u011fi gibi, dergi mezarl\u0131\u011f\u0131n\u0131 boyluyor. Ger\u00e7i \u00e7\u0131kan her dergi mezarl\u0131k aday\u0131\u2026<\/p>\n<p>Derginin bir tezi olmal\u0131. Kardelen, b\u00fct\u00fcn\u00fcyle, c\u00fcmle halinde s\u00f6ylemese de bir tez ortaya koyuyor, o da nedir, d\u00fcnyada bir tane tez var zaten. \u201cAllah vard\u0131r\u201d bunun d\u0131\u015f\u0131nda b\u00fct\u00fcn tezler, ona nispetle tezdir. Onu ne kadar ifade ediyorsa\u2026 \u015eimdi zannediliyor ki b\u00f6yle s\u00f6yleyince hep Allah\u2019tan bahsedelim, Allah\u2019\u0131 zikredelim\u2026 Dergi konu\u015furken de, kahvalt\u0131dayken de, sizin teziniz \u00fczerine, yani en b\u00fcy\u00fck tez \u00fczerine olmal\u0131. \u015eimdi burada bir d\u00f6rtl\u00fck okuyal\u0131m:<\/p>\n<p>Bir\u00e7ok farkl\u0131 kalbe y\u00fcze ula\u015ft\u0131k<\/p>\n<p>Yoku\u015flar t\u0131rmand\u0131k d\u00fcze ula\u015ft\u0131k<\/p>\n<p>Delilik dense de yapt\u0131\u011f\u0131m\u0131za<\/p>\n<p>Hamdolsun Allah\u2019a Y\u00fcz\u2019e ula\u015ft\u0131k.<\/p>\n<p>\u015eimdi \u015fairimiz Murat bunu s\u00f6yleyebildiyse Kardelen\u2019in demek ki bir tezi varm\u0131\u015f. \u015eimdi dergilerin pek \u00e7o\u011funda tez olmad\u0131\u011f\u0131n\u0131 d\u00fc\u015f\u00fcn\u00fcyorum. Tamam sorsan\u0131z M\u00fcsl\u00fcman\u0131z, \u0130sl\u00e2m \u00fczereyiz\u2026 Evet de\u2026 M\u00fc\u015fahhas halinde bir tez olarak s\u00f6ylenmiyor. Yine ayn\u0131 \u015fairimiz:<\/p>\n<p>Haddimizi belirler bize Hak\u2019tan gelenler<\/p>\n<p>Ayn\u0131 olmaz \u015f\u00fcphesiz bilmeyenle bilenler<\/p>\n<p>K\u0131ymetini \u00e7ilesi tayin eder d\u00e2v\u00e2n\u0131n<\/p>\n<p>Kara k\u0131\u015f ortas\u0131nda a\u00e7\u0131l\u0131r kardelenler.<\/p>\n<p>\u0130lk m\u0131srada, Kardelen\u2019in bug\u00fcne kadar ki tezini c\u00fcmlele\u015ftiriyor. Bunu g\u00f6rm\u00fc\u015f, varm\u0131\u015f demek ki\u2026 \u0130kinci m\u0131srada Hadis\u2019e g\u00f6nderme yaparak yine tezimizi ortaya koyuyor.<\/p>\n<p>Dergi bizim i\u00e7in nedir? Dergi bizim -bug\u00fcnlerin me\u015fhur dizisi Ertu\u011frul diliyle s\u00f6yleyelim- pusat\u0131m\u0131zd\u0131r. Dergi gayemiz de\u011fildir. Gayemiz dergi \u00e7\u0131karmak de\u011fil. Dergi, bir fikir hareketi olmak durumunda oldu\u011fu i\u00e7in tezimizi dergi ile ifade ediyoruz. E\u011fer dergi bizim i\u00e7in ama\u00e7 olursa, gaye olursa, \u00fc\u00e7 say\u0131 be\u015f say\u0131 sonra bu say\u0131da ne koysak s\u0131k\u0131nt\u0131s\u0131 ba\u015flar. H\u00e2lbuki derginin cemiyete bir s\u00f6yleyece\u011fi var. Bir zamanlar \u00f6\u011fretmen okulundayken k\u00f6ye geldim. Gece yar\u0131s\u0131 bir ses\u2026 Minareden, hoparl\u00f6r de yok o zaman\u2026 Minareden sesleniyor\u2026 Kom\u015fular falan yerde yang\u0131n var\u2026 Sevab\u0131n\u0131 seven yang\u0131n\u0131 s\u00f6nd\u00fcrmeye ko\u015fsun\u2026 Bak\u0131r\u0131n\u0131 alan gidiyor\u2026 S\u0131ra olmu\u015flar\u2026 \u015eimdi cemiyetin kar\u015f\u0131s\u0131nda \u00e7\u0131k\u0131p, yang\u0131n var ey cemiyet, falan yerde \u015fu var der gibi derginin cemiyete s\u00f6yleyece\u011fi bir s\u00f6z\u00fc yani tezi olmas\u0131 l\u00e2z\u0131m. O zaman sizin g\u00fcn\u00fcbirlik d\u00fc\u015f\u00fcnmek gibi -\u015fimdi l\u00fcks\u00fcm\u00fcz diyorlar- haddimiz olamaz. Uzun vadeli d\u00fc\u015f\u00fcn\u00fcrs\u00fcn\u00fcz. Allah bize ileriki say\u0131lar\u0131 d\u00fc\u015f\u00fcnmek imk\u00e2n\u0131n\u0131 verdi. B\u00f6ylece biz daha \u015fimdiden acaba \u00f6n\u00fcm\u00fczdeki say\u0131da ne yapsak, ne koysak, nas\u0131l doldursak derdi s\u0131k\u0131nt\u0131s\u0131 bir yana, gelen hangi yaz\u0131y\u0131 azaltsak s\u0131k\u0131nt\u0131s\u0131n\u0131 \u00e7ekiyoruz. Bir mesaj\u0131m\u0131z var.<\/p>\n<p>Bir de, dergiler ne yap\u0131yorlar. Kapal\u0131 devre televizyon gibi hareket ediyorlar. \u00dc\u00e7 be\u015f arkada\u015f bir araya geliyor. Onlar da ekseriyetle falan fil\u00e2n cemaatten, gruptan oluyorlar. Aralar\u0131na ba\u015fka kimseyi alm\u0131yorlar. H\u00e2lbuki Kardelen, dergiyi -l\u00e2 te\u015fbih- cami gibi d\u00fc\u015f\u00fcn\u00fcyor. Kardelen\u2019e bir y\u00fckseklik izafe etmek i\u00e7in camiye benzetti\u011fimiz san\u0131lmas\u0131n. Camiden bir us\u00fbl al\u0131yoruz. Camiye, cemaati idrak eden gider. Peki, bunun i\u00e7in kap\u0131da bir kay\u0131t, \u00f6nceden numara, s\u0131ra alma var m\u0131? \u00c7in\u2019den bir M\u00fcsl\u00fcman gelir, minareyi g\u00f6r\u00fcr, buraya gider. \u0130mam olmaya ehildir. O kadar insan\u0131n i\u00e7erisinden sivrilir, imam olur. \u00d6yleyse biz yaz\u0131 kadrosunu sadece kendimizden ibaret d\u00fc\u015f\u00fcnmemeliyiz. Standart, \u00fcye, say\u0131 d\u00fc\u015f\u00fcnmemeliyiz.<\/p>\n<p>Bir zamanlar, Kardelen\u2019in muhasebesini yapt\u0131\u011f\u0131m\u0131z bir yaz\u0131da \u201cKalem Ba\u015f\u0131na\u201d demi\u015ftik. Nas\u0131l, \u201cEy millet! Seferberlik il\u00e2n edildi, eli sil\u00e2h tutan ko\u015fsun.\u201d \u015eimdi biz de diyoruz ki cemiyete; \u201cEy millet! En \u00e7ok ihtiyac\u0131m\u0131z olan fikir elden gidiyor\u2026 Eli kalem tutanlar, kalem ba\u015f\u0131na\u2026\u201d O bak\u0131mdan gelen siteme hakl\u0131ysa, hakl\u0131 diyoruz. Bize, \u201cbenim \u015fiirimi koymam\u0131\u015fs\u0131n\u0131z, 100.say\u0131da \u015fiirimin olmas\u0131n\u0131 isterdim\u201d diyene hak veriyoruz. Ben \u015fahsen \u015fimdi \u2013benim bir dalg\u0131nl\u0131\u011f\u0131mdan ileri geldi\u011fi i\u00e7in- kay\u0131tlara ge\u00e7sin, \u00f6z\u00fcr diliyorum. H\u00e2lbuki \u015fiirlerine yer ay\u0131rm\u0131\u015ft\u0131k, karga\u015fa oldu, o \u015fiiri oraya, bu \u015fiiri buraya almak gibi\u2026 \u015eiirin konmam\u0131\u015f oldu\u011funu \u015fimdi fark ediyorum. Hakl\u0131. Biz bu kadronun ilkleriyiz, nas\u0131l bizim dedi\u011fimiz olmaz da senin dedi\u011fin olur, sen kim oluyorsun de\u011fil. Sonradan gelen ehil biri \u2013m\u00fcezzin, imam olmas\u0131 gibi- rey sahibi olabilir.<\/p>\n<p>Ve yine teze ba\u011fl\u0131 olarak dergi rey sahibi olmal\u0131. Her sahada s\u00f6yleyebilece\u011fi bir s\u00f6z\u00fc olmal\u0131. Allah\u2019a hamd olsun, kapaklar\u0131m\u0131z\u0131n de\u011feri g\u00f6r\u00fcl\u00fcyor. Ni\u00e7in? \u00c7\u00fcnk\u00fc biz her say\u0131da kapaklar\u0131m\u0131z\u0131 as\u0131l teze nispet ederek, as\u0131l tezin bug\u00fcne aktar\u0131lmas\u0131 gibi kapaklar haz\u0131rl\u0131yoruz. Allah\u2019a \u015f\u00fck\u00fcr bunlar, fikirlerini s\u00f6yleyen, isti\u015fare eden kadromuz sayesinde oluyor; \u00e7izerimiz sayesinde \u015fekil haline geliyor. Dergi fuarlar\u0131na kat\u0131lmak, o bak\u0131mdan bana anlaml\u0131 gelmiyor.<\/p>\n<p>Fikir eksikli\u011fini hissediyorlar ki orada bir iki etkinlikte bulunabilirsiniz, diyorlar. Neden? Onlar da hissediyorlar ki derginin orada bir \u015fey s\u00f6ylemesi l\u00e2z\u0131m. Ve ilk fuara kat\u0131ld\u0131\u011f\u0131m\u0131z zaman zannediyordum ki dergiler tezlerini ifade eden arkalar\u0131nda afi\u015fler, \u015funlar, bunlar olacak. Bunun i\u00e7in de biz, bir g\u00fcne\u015f do\u011fuyor, \u00fczerinde Kardelen yaz\u0131s\u0131 \u015feklindeki logomuzu, o \u015fekilde bas\u0131l\u0131 halde oraya sermi\u015ftik. \u015eimdi kapaklarda tez yok, fikir yok, ona g\u00f6re bir logolar\u0131 yok; bunlar\u0131n dergi mezarl\u0131\u011f\u0131n\u0131 boylamaktan ba\u015fka \u00e7areleri yok. Dergiyi g\u00f6ren, nas\u0131l minareyi g\u00f6rd\u00fc, orada namaz\u0131m\u0131 k\u0131lay\u0131m diye d\u00fc\u015f\u00fcnd\u00fcyse dergiyi g\u00f6ren kendi haline bak\u0131p ben burada yer almal\u0131y\u0131m, diyebilmeli. Hay\u0131r, biz bunu dedirebilmeliyiz ve ona g\u00f6re haz\u0131rlanmal\u0131y\u0131z. Bu noktadan, Kardelen\u2019in \u015fu ana kadar katetti\u011fi mesafe, tezlerini i\u015fin ba\u015f\u0131nda s\u00f6ylemesinde ve gittik\u00e7e geli\u015fmesinden\u2026 Peki Kardelen bu tezlere, bu fikre ne zaman vard\u0131? Daha duvar gazetesini \u00e7\u0131kar\u0131rken vard\u0131. Nitekim fotokopi say\u0131larda sen de i\u015faret etmi\u015fsin Sinan, \u201cAc\u0131yorum\u201d icat etmi\u015fiz ve ifade etmi\u015fiz Ac\u0131yorum\u2019un ne oldu\u011fu\u2026 Dergide kendinden icat, tav\u0131rlar, s\u00f6yleyi\u015fler, ifadeler olmal\u0131. Biz S\u00f6ylesek L\u00e2f olur\u2026 D\u00fc\u015fmandan, kar\u015f\u0131 cepheden bir s\u00f6z al\u0131yoruz, bunu biz de s\u00f6ylesek do\u011fru, ama biz s\u00f6ylesek l\u00e2f olur. Tefekk\u00fcr, Ay\u0131\u015f\u0131\u011f\u0131, nas\u0131l g\u00fcne\u015f, asl\u0131nda ay\u0131n bir \u0131\u015f\u0131\u011f\u0131 yoktur, g\u00fcne\u015ften al\u0131p bize yans\u0131t\u0131yorsa, Kardelen\u2019in de bir tezi yoktur; yahu, deminden beri tez, tez diyoruz. Biz al\u0131yoruz g\u00fcne\u015ften, yans\u0131t\u0131yoruz, tezimiz bu\u2026 Bir arka kapak fikri\u2026 Bu cemiyet nelerden meydana gelmi\u015ftir. \u015eunlardan meydana gelmi\u015ftir, i\u015fte bunlardan mahrum kald\u0131\u011f\u0131 i\u00e7in cemiyet bu haldedir m\u00e2n\u00e2s\u0131na \u201cBu cemiyetin\u201d diye Hakan KARAHAN\u2019\u0131n yazd\u0131\u011f\u0131 yaz\u0131lar\u2026 Ba\u015fta, \u00dc\u00e7 Nokta bulu\u015fu. Bu say\u0131da izah\u0131&#8230; Yani biz i\u015fin ba\u015f\u0131nda ba\u015flam\u0131\u015f\u0131z. Fotokopi say\u0131larda \u201cdaire veriyoruz\u201d bulu\u015fu\u2026 Bulmaca haz\u0131rl\u0131yorlard\u0131. Geometrik \u015fekil olarak daire\u2026 B\u00f6yle espriler\u2026 Kendine has bir ele al\u0131\u015f tarz\u0131. Bu ele al\u0131\u015f tarz\u0131yla ilgili son olarak \u015funu s\u00f6yleyeyim\u2026 Muterizler, \u0130sl\u00e2m\u2019a itiraz edenler kar\u015f\u0131s\u0131nda, ezik, y\u0131lg\u0131n, ya i\u015fte aya biz gitseydik de, geli\u015fseydik de, Bat\u0131 falan, Bat\u0131 mallar\u0131 daha g\u00fczel diye ezik bir tav\u0131r de\u011fil, kar\u015f\u0131 cepheye bak\u0131p onu m\u00fcstehzi, kendi tezinden emin bir \u015fekilde\u2026 \u015e\u00f6yle bir misal getiriyorum\u2026 Adam l\u00fcks arabas\u0131nda gidiyor, gayet rahat, yazsa klimas\u0131 var, k\u0131\u015fsa s\u0131cak ortamda. \u015eehrin ortas\u0131ndan gidiyor, k\u00f6pekler de d\u0131\u015far\u0131dan havl\u0131yor. \u015eimdi bizim d\u00f6n\u00fcp onlara cevap m\u0131 vermesi l\u00e2z\u0131m? Onlar havlas\u0131nlar dursunlar. Neymi\u015f fil\u00e2n yerde bir karikat\u00fcr \u00e7izilmi\u015f, Peygamberimize hakarete yeltenilmi\u015f, yeltenilmi\u015f diyorut, hakaret edilemez \u00e7\u00fcnk\u00fc\u2026 Bizim onlara kar\u015f\u0131l\u0131k, mitingler yapal\u0131m, tepkimizi g\u00f6sterelim mi dememiz l\u00e2z\u0131m\u2026 \u015eimdi \u00e7ok sevdi\u011fim bir a\u011fabeyim telefon ediyor, falan yerde belediye \u015fu \u015fu resimleri kald\u0131rm\u0131\u015f, ona nas\u0131l tepki g\u00f6sterelim. Yahu niye tepki g\u00f6sterece\u011fiz, dedim. Yapm\u0131\u015fsa yapm\u0131\u015f. Biz kendi tezimiz varsa o tezimizi daha \u015fevkle, daha gayretle anlatal\u0131m, e\u011fer bir tepki g\u00f6sterilecekse tepki \u015fuydu. Cemiyetin kar\u015f\u0131s\u0131na ge\u00e7ecek kim ge\u00e7ecekse, arkada\u015flar i\u015fte, falan yerde, fil\u00e2n belediye \u015fu resmi kaz\u0131m\u0131\u015ft\u0131r diye g\u00f6sterecek. Bu resim Levn\u00ee\u2019nin fil\u00e2n minyat\u00fcr\u00fcd\u00fcr, burada \u015fu ifade ediliyor. Biz de bu d\u00fc\u015f\u00fcnceyle onu oraya koymu\u015ftuk, \u015fimdi bu belediye bunu kald\u0131r\u0131yor. Bunun kar\u015f\u0131s\u0131nda ba\u011f\u0131rmak, \u00e7a\u011f\u0131rmak, hakaret etmek, abesle i\u015ftigal.<\/p>\n<p>Kardelen\u2019in bu noktadaki g\u00f6r\u00fc\u015f\u00fc, dergi, bir tez sahibi olacak, okuyucusunu tespit edecek, kar\u015f\u0131 cepheye nas\u0131l bakacak ve nas\u0131l bir tav\u0131r tak\u0131nacak, e\u011fer bunlar\u0131 tespit etmi\u015fseniz, sizin bir teziniz vard\u0131r ve Allah\u2019\u0131n izniyle de kervan y\u00fcr\u00fcyecektir\u2026<\/p>\n<p>Arz ederim\u2026<\/p>\n<p><strong>Kaynak: http:\/\/kardelendergisi.com<\/strong><\/p>\n","protected":false},"excerpt":{"rendered":"<p>Ali ERDAL: Dergi bir fikir mektebidir. Bir defa, derginin bir tezi olmas\u0131 l\u00e2z\u0131m. E\u011fer siz, \u00fc\u00e7 be\u015f gen\u00e7 bir araya gelmi\u015f, t\u0131rnak i\u00e7inde s\u00f6yl\u00fcyorum \u201chi\u00e7 olmazsa kendi yazd\u0131\u011f\u0131m\u0131z yaz\u0131lar\u0131 yay\u0131nlar\u0131z\u201d demi\u015fseniz, o derginin \u00f6l\u00fcm\u00fcn\u00fc i\u015fin ba\u015f\u0131nda kabul etmi\u015fsiniz demektir. \u0130\u015fin ba\u015f\u0131nda \u00f6yle bir tez ortaya koymal\u0131s\u0131n\u0131z ki o teziniz i\u015fi s\u00fcr\u00fcklesin. Kardelen, bu i\u015fi, \u201cfikrin [&hellip;]<\/p>\n","protected":false},"author":2,"featured_media":0,"comment_status":"open","ping_status":"open","sticky":false,"template":"","format":"standard","meta":{"footnotes":""},"categories":[42],"tags":[],"class_list":["post-31746","post","type-post","status-publish","format-standard","hentry","category-kardelendergisi"],"_links":{"self":[{"href":"https:\/\/edebiyyat-az.com\/index.php?rest_route=\/wp\/v2\/posts\/31746","targetHints":{"allow":["GET"]}}],"collection":[{"href":"https:\/\/edebiyyat-az.com\/index.php?rest_route=\/wp\/v2\/posts"}],"about":[{"href":"https:\/\/edebiyyat-az.com\/index.php?rest_route=\/wp\/v2\/types\/post"}],"author":[{"embeddable":true,"href":"https:\/\/edebiyyat-az.com\/index.php?rest_route=\/wp\/v2\/users\/2"}],"replies":[{"embeddable":true,"href":"https:\/\/edebiyyat-az.com\/index.php?rest_route=%2Fwp%2Fv2%2Fcomments&post=31746"}],"version-history":[{"count":1,"href":"https:\/\/edebiyyat-az.com\/index.php?rest_route=\/wp\/v2\/posts\/31746\/revisions"}],"predecessor-version":[{"id":31755,"href":"https:\/\/edebiyyat-az.com\/index.php?rest_route=\/wp\/v2\/posts\/31746\/revisions\/31755"}],"wp:attachment":[{"href":"https:\/\/edebiyyat-az.com\/index.php?rest_route=%2Fwp%2Fv2%2Fmedia&parent=31746"}],"wp:term":[{"taxonomy":"category","embeddable":true,"href":"https:\/\/edebiyyat-az.com\/index.php?rest_route=%2Fwp%2Fv2%2Fcategories&post=31746"},{"taxonomy":"post_tag","embeddable":true,"href":"https:\/\/edebiyyat-az.com\/index.php?rest_route=%2Fwp%2Fv2%2Ftags&post=31746"}],"curies":[{"name":"wp","href":"https:\/\/api.w.org\/{rel}","templated":true}]}}