{"id":32031,"date":"2019-08-20T00:30:58","date_gmt":"2019-08-19T20:30:58","guid":{"rendered":"http:\/\/edebiyyat-az.com\/?p=32031"},"modified":"2019-08-20T14:31:57","modified_gmt":"2019-08-20T10:31:57","slug":"sumqayitn-70-illyi-munasib%c9%99til%c9%99-m%c9%99d%c9%99niyy%c9%99t-mu%c9%99ssis%c9%99l%c9%99rinin-kollektivl%c9%99ri-sumqayit-bulvarinda-konsert-proqrami-t%c9%99skil-edib","status":"publish","type":"post","link":"https:\/\/edebiyyat-az.com\/?p=32031","title":{"rendered":"Sumqay\u0131tn 70 illyi m\u00fcnasib\u0259til\u0259 m\u0259d\u0259niyy\u0259t m\u00fc\u0259ssis\u0259l\u0259rinin kollektivl\u0259ri Sumqay\u0131t bulvar\u0131nda konsert proqram\u0131 t\u0259\u015fkil edib"},"content":{"rendered":"<p><img decoding=\"async\" src=\"https:\/\/d.radikal.ru\/d12\/1908\/af\/2d06835b44cb.png\" alt=\"https:\/\/d.radikal.ru\/d12\/1908\/af\/2d06835b44cb.png\" \/><\/p>\n<p>Sumqay\u0131t Regional M\u0259d\u0259niyy\u0259t idar\u0259sinin d\u0259st\u0259yi il\u0259 Sumqay\u0131t \u015f\u0259h\u0259r \u201c28 May\u201d Diyar\u015f\u00fcnasl\u0131q evi Sumqay\u0131t bulvar\u0131n\u0131n konsert meydan\u00e7as\u0131nda Sumqay\u0131t \u015f\u0259h\u0259rinin 70 illiyi v\u0259 \u0259halinin asud\u0259 vaxt\u0131n\u0131n t\u0259\u015fkili il\u0259 \u0259laq\u0259dar konsert proqram\u0131 t\u0259\u015fkil edib.<\/p>\n<p>Konsertd\u0259 \u201c28 May\u201d Diyar\u015f\u00fcnasl\u0131q evind\u0259 f\u0259aliyy\u0259t g\u00f6st\u0259r\u0259n b\u0259dii \u00f6zf\u0259aliyy\u0259t kollektivl\u0259ri c\u0131x\u0131\u015f edib\u0259r.<br \/>\nG\u0259nc m\u00fc\u011f\u0259nnil\u0259r Elnar\u0259 Abdullayeva, D\u0259niz F\u0259rziyeva, \u015eamo Babayev, M\u0259tan\u0259t \u0130brahimova, V\u00fcqar Ulusoy, g\u0259nc meyxanac\u0131 Samir Qocan\u0131n c\u0131x\u0131\u015flar\u0131 tama\u015facilar t\u0259r\u0259find\u0259n alq\u0131\u015flarla qar\u015f\u0131lan\u0131b.<br \/>\nH\u0259m\u00e7inin Sadiq Qarayevin ba\u015f\u00e7\u0131l\u0131\u011f\u0131 il\u0259 \u201cDisko dancor\u201d r\u0259qs qrupunun r\u0259ngar\u0259ng n\u00f6mr\u0259l\u0259ri tama\u015fac\u0131lar\u0131n r\u0259\u011fb\u0259tini qazan\u0131b.<\/p>\n<p>M\u0259nb\u0259: https:\/\/turkustan.info <\/p>\n","protected":false},"excerpt":{"rendered":"<p>Sumqay\u0131t Regional M\u0259d\u0259niyy\u0259t idar\u0259sinin d\u0259st\u0259yi il\u0259 Sumqay\u0131t \u015f\u0259h\u0259r \u201c28 May\u201d Diyar\u015f\u00fcnasl\u0131q evi Sumqay\u0131t bulvar\u0131n\u0131n konsert meydan\u00e7as\u0131nda Sumqay\u0131t \u015f\u0259h\u0259rinin 70 illiyi v\u0259 \u0259halinin asud\u0259 vaxt\u0131n\u0131n t\u0259\u015fkili il\u0259 \u0259laq\u0259dar konsert proqram\u0131 t\u0259\u015fkil edib. Konsertd\u0259 \u201c28 May\u201d Diyar\u015f\u00fcnasl\u0131q evind\u0259 f\u0259aliyy\u0259t g\u00f6st\u0259r\u0259n b\u0259dii \u00f6zf\u0259aliyy\u0259t kollektivl\u0259ri c\u0131x\u0131\u015f edib\u0259r. G\u0259nc m\u00fc\u011f\u0259nnil\u0259r Elnar\u0259 Abdullayeva, D\u0259niz F\u0259rziyeva, \u015eamo Babayev, M\u0259tan\u0259t \u0130brahimova, V\u00fcqar Ulusoy, [&hellip;]<\/p>\n","protected":false},"author":2,"featured_media":0,"comment_status":"open","ping_status":"open","sticky":false,"template":"","format":"standard","meta":{"footnotes":""},"categories":[47],"tags":[],"class_list":["post-32031","post","type-post","status-publish","format-standard","hentry","category-sumqayit-rmti"],"_links":{"self":[{"href":"https:\/\/edebiyyat-az.com\/index.php?rest_route=\/wp\/v2\/posts\/32031","targetHints":{"allow":["GET"]}}],"collection":[{"href":"https:\/\/edebiyyat-az.com\/index.php?rest_route=\/wp\/v2\/posts"}],"about":[{"href":"https:\/\/edebiyyat-az.com\/index.php?rest_route=\/wp\/v2\/types\/post"}],"author":[{"embeddable":true,"href":"https:\/\/edebiyyat-az.com\/index.php?rest_route=\/wp\/v2\/users\/2"}],"replies":[{"embeddable":true,"href":"https:\/\/edebiyyat-az.com\/index.php?rest_route=%2Fwp%2Fv2%2Fcomments&post=32031"}],"version-history":[{"count":1,"href":"https:\/\/edebiyyat-az.com\/index.php?rest_route=\/wp\/v2\/posts\/32031\/revisions"}],"predecessor-version":[{"id":32034,"href":"https:\/\/edebiyyat-az.com\/index.php?rest_route=\/wp\/v2\/posts\/32031\/revisions\/32034"}],"wp:attachment":[{"href":"https:\/\/edebiyyat-az.com\/index.php?rest_route=%2Fwp%2Fv2%2Fmedia&parent=32031"}],"wp:term":[{"taxonomy":"category","embeddable":true,"href":"https:\/\/edebiyyat-az.com\/index.php?rest_route=%2Fwp%2Fv2%2Fcategories&post=32031"},{"taxonomy":"post_tag","embeddable":true,"href":"https:\/\/edebiyyat-az.com\/index.php?rest_route=%2Fwp%2Fv2%2Ftags&post=32031"}],"curies":[{"name":"wp","href":"https:\/\/api.w.org\/{rel}","templated":true}]}}